{"id":191803,"date":"2025-10-21T15:20:10","date_gmt":"2025-10-21T15:20:10","guid":{"rendered":"https:\/\/www.europesays.com\/es\/191803\/"},"modified":"2025-10-21T15:20:10","modified_gmt":"2025-10-21T15:20:10","slug":"el-rahi-sepisur-cordoba-adesal-afronta-un-desafio-ante-el-morvedre","status":"publish","type":"post","link":"https:\/\/www.europesays.com\/es\/191803\/","title":{"rendered":"El Rahi Sepisur C\u00f3rdoba Adesal afronta un desaf\u00edo ante el Morvedre"},"content":{"rendered":"<p class=\"ft-text\">El Rahi Sepisur <a class=\"ft-link ft-link--decoration\" href=\"https:\/\/www.diariocordoba.com\/tags\/adesal\/\" rel=\"nofollow noopener\" target=\"_blank\">Adesal<\/a> har\u00e1 este mi\u00e9rcoles un par\u00f3n en su trayectoria liguera en la Divisi\u00f3n de Honor Oro de <a class=\"ft-link ft-link--decoration\" href=\"https:\/\/www.diariocordoba.com\/tags\/balonmano\/\" rel=\"nofollow noopener\" target=\"_blank\">balonmano<\/a> para afrontar su estreno en la Copa de la Reina. El conjunto que entrena el cordob\u00e9s <a class=\"ft-link ft-link--decoration\" href=\"https:\/\/www.diariocordoba.com\/tags\/rafa-moreno\/\" rel=\"nofollow noopener\" target=\"_blank\">Rafa Moreno <\/a>recibir\u00e1 al BM Morvedre. El partido comenzar\u00e1 a las 20.30 horas en el pabell\u00f3n municipal La Fuensanta.<\/p>\n<p class=\"ft-text\">El conjunto cordob\u00e9s recibir\u00e1 a un equipo valenciano que milita en la m\u00e1xima categor\u00eda, la Divisi\u00f3n de Honor \u00c9lite, liga en la que se encuentra luchando por la permanencia. La eliminatoria se jugar\u00e1 a un partido en el pabell\u00f3n fuensantino.<\/p>\n<p class=\"ft-text\">El Adesal llega a este partido tras una semana de descanso en la Liga por la disputa de encuentros de las selecciones nacionales. Hoy intentar\u00e1 dar la sorpresa frente al Morvedre, sin la presi\u00f3n de la Liga y con la motivaci\u00f3n de intentar derrotar a un adversario de la m\u00e1xima categor\u00eda. Las cordobesas saltar\u00e1n a la pista con la intenci\u00f3n de sorprender a su rival en los primeros minutos y de controlar el ritmo del partido.<\/p>\n<p>Con toda la plantilla disponible<\/p>\n<p class=\"ft-text\">Rafa Moreno contar\u00e1 en principio con la baja de la pivote <strong>Andrea Roda, <\/strong>que salt\u00f3 a la cancha en la derrota en la Liga frente al Ikasa Madrid (28-30), pero que ahora sufre unos problemas de espalda.<\/p>\n<p class=\"ft-text\">Jugadoras como <strong>Luc\u00eda Vacas, \u00c1ngela Ruiz o Carla Rebelles<\/strong> tendr\u00e1n que competir a su m\u00e1ximo nivel si quieren derrotar a un rival del nivel del Morvedre.<\/p>\n","protected":false},"excerpt":{"rendered":"El Rahi Sepisur Adesal har\u00e1 este mi\u00e9rcoles un par\u00f3n en su trayectoria liguera en la Divisi\u00f3n de Honor&hellip;\n","protected":false},"author":2,"featured_media":191804,"comment_status":"","ping_status":"","sticky":false,"template":"","format":"standard","meta":{"footnotes":""},"categories":[278],"tags":[1128,1399,376,2760,168,25,24,375,6562,6563,23,167],"class_list":{"0":"post-191803","1":"post","2":"type-post","3":"status-publish","4":"format-standard","5":"has-post-thumbnail","7":"category-balonmano","8":"tag-adesal","9":"tag-afronta","10":"tag-balonmano","11":"tag-cordoba","12":"tag-deportes","13":"tag-es","14":"tag-espana","15":"tag-handball","16":"tag-rahi","17":"tag-sepisur","18":"tag-spain","19":"tag-sports"},"share_on_mastodon":{"url":"https:\/\/pubeurope.com\/@es\/115412836340962971","error":""},"_links":{"self":[{"href":"https:\/\/www.europesays.com\/es\/wp-json\/wp\/v2\/posts\/191803","targetHints":{"allow":["GET"]}}],"collection":[{"href":"https:\/\/www.europesays.com\/es\/wp-json\/wp\/v2\/posts"}],"about":[{"href":"https:\/\/www.europesays.com\/es\/wp-json\/wp\/v2\/types\/post"}],"author":[{"embeddable":true,"href":"https:\/\/www.europesays.com\/es\/wp-json\/wp\/v2\/users\/2"}],"replies":[{"embeddable":true,"href":"https:\/\/www.europesays.com\/es\/wp-json\/wp\/v2\/comments?post=191803"}],"version-history":[{"count":0,"href":"https:\/\/www.europesays.com\/es\/wp-json\/wp\/v2\/posts\/191803\/revisions"}],"wp:featuredmedia":[{"embeddable":true,"href":"https:\/\/www.europesays.com\/es\/wp-json\/wp\/v2\/media\/191804"}],"wp:attachment":[{"href":"https:\/\/www.europesays.com\/es\/wp-json\/wp\/v2\/media?parent=191803"}],"wp:term":[{"taxonomy":"category","embeddable":true,"href":"https:\/\/www.europesays.com\/es\/wp-json\/wp\/v2\/categories?post=191803"},{"taxonomy":"post_tag","embeddable":true,"href":"https:\/\/www.europesays.com\/es\/wp-json\/wp\/v2\/tags?post=191803"}],"curies":[{"name":"wp","href":"https:\/\/api.w.org\/{rel}","templated":true}]}}