{"id":191811,"date":"2025-10-21T15:26:10","date_gmt":"2025-10-21T15:26:10","guid":{"rendered":"https:\/\/www.europesays.com\/es\/191811\/"},"modified":"2025-10-21T15:26:10","modified_gmt":"2025-10-21T15:26:10","slug":"james-vowles-le-da-un-toque-de-atencion-a-carlos-sainz-en-williams-f1-luchar-sin-contacto","status":"publish","type":"post","link":"https:\/\/www.europesays.com\/es\/191811\/","title":{"rendered":"James Vowles le da un toque de atenci\u00f3n a Carlos Sainz en Williams F1: \u201cLuchar sin contacto\u201d"},"content":{"rendered":"<p data-journey-content=\"true\" data-node-id=\"3\" class=\"css-6wxqfj emevuu60\"><strong data-node-id=\"3.0\">Carlos Sainz<\/strong> estaba firmando un fin de semana espectacular para <strong data-node-id=\"3.2\">Williams <\/strong>con su tercera posici\u00f3n en la carrera al sprint. El domingo part\u00eda desde la novena posici\u00f3n, pero r\u00e1pidamente consigui\u00f3 adelantar a<strong data-node-id=\"3.4\"> Oliver Bearman<\/strong>. El ritmo del monoplaza estaba siendo muy bueno, pero en el intento de pasar al rookie de Mercedes con una maniobra similar, el espa\u00f1ol se qued\u00f3<strong data-node-id=\"3.6\"> fuera de la carrera<\/strong>.<\/p>\n<p data-journey-content=\"true\" data-node-id=\"6\" class=\"css-6wxqfj emevuu60\">En unas declaraciones recogidas por el portal web de la F1,<strong data-node-id=\"6.1\"> James Vowles<\/strong> resalta la prioridad de dar los pasos necesarios para terminar en el top 10 con <strong data-node-id=\"6.3\">mensaje directo al 55<\/strong>: \u201cEsto simplemente pone de relieve que tenemos que clasificar ambos coches en una posici\u00f3n cercana a la parte de la parrilla que punt\u00fae, y debemos asegurarnos de<strong data-node-id=\"6.5\"> luchar sin contacto ni incidentes<\/strong>\u201d.<\/p>\n<p>La FIA no compr\u00f3 la versi\u00f3n de Sainz<\/p>\n<p data-journey-content=\"true\" data-node-id=\"9\" class=\"css-6wxqfj emevuu60\">El piloto trat\u00f3 de reducir las consecuencias de su acci\u00f3n, ya que reconoci\u00f3 que ten\u00eda parte de la culpa pero que <strong data-node-id=\"9.1\">Antonelli <\/strong>ten\u00eda espacio para evitar la colisi\u00f3n. El rookie tambi\u00e9n jug\u00f3 sus cartas y <a href=\"https:\/\/www.caranddriver.com\/es\/formula-1\/a69095804\/andrea-kimi-antonelli-senala-carlos-sainz-accidente-estados-unidos-demasiado-optimista\/\" target=\"_blank\" data-vars-ga-outbound-link=\"https:\/\/www.caranddriver.com\/es\/formula-1\/a69095804\/andrea-kimi-antonelli-senala-carlos-sainz-accidente-estados-unidos-demasiado-optimista\/\" data-vars-ga-ux-element=\"Hyperlink\" data-vars-ga-call-to-action=\"se\u00f1al\u00f3 directamente\" data-node-id=\"9.3\" class=\"body-link css-168zq96 emevuu60\" rel=\"nofollow noopener\">se\u00f1al\u00f3 directamente<\/a> a su rival tras argumentar que<strong data-node-id=\"9.5\"> \u2018fue demasiado optimista\u2019<\/strong>. Sin embargo, los comisarios dieron la raz\u00f3n a Mercedes y le han impuesto una sanci\u00f3n de <strong data-node-id=\"9.7\">cinco puestos para el GP de M\u00e9xico<\/strong>. <\/p>\n<p data-journey-content=\"true\" data-node-id=\"13\" class=\"css-6wxqfj emevuu60\">Williams ha demostrado que es un equipo que defiende a sus pilotos. Esta pol\u00e9mica no es la primera de Sainz en 2025, ya que tuvo un duro enfrentamiento con la FIA tras su <strong data-node-id=\"13.1\">accidente con Liam Lawson<\/strong> en el GP de los Pa\u00edses Bajos. En aquella ocasi\u00f3n, la escuder\u00eda defendi\u00f3 la posici\u00f3n de espa\u00f1ol, pero esta vez Vowles no tiene mucho a lo que agarrarse: \u201cHubo una conversaci\u00f3n sensata, pero <strong data-node-id=\"13.3\">las directrices son bastante claras<\/strong> sobre la asignaci\u00f3n de fallos. Volveremos a luchar en M\u00e9xico\u201d.<\/p>\n<p data-journey-content=\"true\" data-node-id=\"15\" class=\"css-6wxqfj emevuu60\">Arriesgar<strong data-node-id=\"15.1\"> forma parte de la F1<\/strong>. Cuando se habla de los coches m\u00e1s r\u00e1pidos del mundo compitiendo entre s\u00ed, los accidentes forman parte del juego. El claro ejemplo est\u00e1 en el primer <strong data-node-id=\"15.3\">adelantamiento a Oliver Bearman<\/strong>, que fue similar al intento con el italiano pero sin contacto de por medio.<\/p>\n<blockquote data-theme-key=\"pullquote\" class=\"css-1eiql25 e1pe3zr91\">\n<blockquote class=\"css-fetnbk e1pe3zr90\"><p>Vowles entiende que son gajes del oficio<\/p><\/blockquote>\n<\/blockquote>\n<p data-journey-content=\"true\" data-node-id=\"18\" class=\"css-6wxqfj emevuu60\">El jefe de la escuder\u00eda no ha querido hacer una exageraci\u00f3n de lo sucedido y explica que precisamente es la esencia de las carreras: \u201c<strong data-node-id=\"18.1\">Parte de la raz\u00f3n<\/strong> por la que estoy en el automovilismo es que puedes tener d\u00edas fant\u00e1sticos con las mejores sensaciones y, tan solo <strong data-node-id=\"18.3\">24 horas despu\u00e9s, irte con las manos vac\u00edas<\/strong>, como hoy. Y eso es un reflejo de Austin\u201d.<\/p>\n<p>\u00daltimos 5 GP para demostrar<\/p>\n<p data-journey-content=\"true\" data-node-id=\"21\" class=\"css-6wxqfj emevuu60\">Sainz no lo ha tenido f\u00e1cil en su primer a\u00f1o con Williams. Sin embargo, est\u00e1 firmando grandes actuaciones en la recta final de temporada. El <a href=\"https:\/\/www.caranddriver.com\/es\/formula-1\/a67984502\/primer-podio-carlos-sainz-williams-f1-max-verstappen-gana-oscar-piastri-abandona\/\" target=\"_blank\" data-vars-ga-outbound-link=\"https:\/\/www.caranddriver.com\/es\/formula-1\/a67984502\/primer-podio-carlos-sainz-williams-f1-max-verstappen-gana-oscar-piastri-abandona\/\" data-vars-ga-ux-element=\"Hyperlink\" data-vars-ga-call-to-action=\"podio del GP de Azerbaiy\u00e1n\" data-node-id=\"21.1\" class=\"body-link css-168zq96 emevuu60\" rel=\"nofollow noopener\">podio del GP de Azerbaiy\u00e1n<\/a> sirvi\u00f3 para despejar las dudas sobre su rendimiento. En las \u00faltimas carreras de 2025 tendr\u00e1 la oportunidad de evidenciar que ya est\u00e1<strong data-node-id=\"21.3\"> adaptado al 100%<\/strong>.<\/p>\n<p><img draggable=\"true\" alt=\"f1 grand prix of united states\" title=\"F1 Grand Prix of United States\" loading=\"lazy\" width=\"5863\" height=\"3909\" decoding=\"async\" data-nimg=\"1\" style=\"color:transparent;width:100%;height:auto;\"   src=\"https:\/\/www.europesays.com\/es\/wp-content\/uploads\/2025\/10\/andrea-kimi-antonelli-of-italy-driving-the-mercedes-amg-news-photo-1761049267.pjpeg\" class=\"css-0 e1g79fud0\"\/><a target=\"_blank\" rel=\"noopener nofollow\" data-theme-key=\"base-link\" href=\"https:\/\/pinterest.com\/pin\/create\/button\/?url=https:\/\/www.caranddriver.com\/es\/formula-1\/a69106482\/james-vowles-da-toque-atencion-carlos-sainz-williams-f1-luchar-sin-contacto\/&amp;description=&amp;media=https:\/\/hips.hearstapps.com\/hmg-prod\/images\/andrea-kimi-antonelli-of-italy-driving-the-mercedes-amg-news-photo-1761049267.pjpeg?resize=1600:*\" class=\"pinterest css-on9hn5 e1c1bym14\"><img decoding=\"async\" data-dynamic-svg=\"true\" src=\"https:\/\/www.caranddriver.com\/_assets\/design-tokens\/fre\/static\/icons\/social\/pinterest.e8cf655.svg?primary=%2523ffffff\" loading=\"lazy\" data-testid=\"dynamic-svg-base\" height=\"auto\" width=\"auto\" alt=\"pinterest\" class=\"css-4lml0h e1mlxuuw1\"\/><\/a><\/p>\n<p>Clive Mason\/\/Getty Images<\/p>\n<p data-journey-content=\"true\" data-node-id=\"24\" class=\"css-6wxqfj emevuu60\">La velocidad del <strong data-node-id=\"24.1\">FW47 <\/strong>ha tenido algunas variaciones durante la temporada. En ese sentido, James Vowles tiene<strong data-node-id=\"24.3\"> buenas noticias<\/strong> para sus dos pilotos, ya que esperan cerrar la campa\u00f1a con su mejor versi\u00f3n: \u201cLo positivo para m\u00ed es que <strong data-node-id=\"24.5\">tenemos un ritmo de coche realmente fuerte<\/strong>, y eso es algo que mantendremos durante el resto de la temporada\u201d.<\/p>\n<p>6 puntos agridulces para Sainz<\/p>\n<p data-journey-content=\"true\" data-node-id=\"27\" class=\"css-6wxqfj emevuu60\">La ambici\u00f3n en la F\u00f3rmula 1 siempre puede jugar malas pasadas, pero en ocasiones es inevitable. El espa\u00f1ol se sent\u00eda en plena forma tras <strong data-node-id=\"27.1\">dar la sorpresa en la sprint <\/strong>y pelear mano a mano con el Mercedes. Pese al duro bache de no sumar el domingo, no se fue con las manos vac\u00edas ya que fue el <strong data-node-id=\"27.3\">octavo piloto<\/strong> que m\u00e1s puntos sum\u00f3.<\/p>\n<p><img draggable=\"true\" alt=\"f1 grand prix of united states\" title=\"F1 Grand Prix of United States\" loading=\"lazy\" width=\"5027\" height=\"3352\" decoding=\"async\" data-nimg=\"1\" style=\"color:transparent;width:100%;height:auto;\"   src=\"https:\/\/www.europesays.com\/es\/wp-content\/uploads\/2025\/10\/andrea-kimi-antonelli-of-italy-driving-the-mercedes-amg-news-photo-1761049349.pjpeg\" class=\"css-0 e1g79fud0\"\/><a target=\"_blank\" rel=\"noopener nofollow\" data-theme-key=\"base-link\" href=\"https:\/\/pinterest.com\/pin\/create\/button\/?url=https:\/\/www.caranddriver.com\/es\/formula-1\/a69106482\/james-vowles-da-toque-atencion-carlos-sainz-williams-f1-luchar-sin-contacto\/&amp;description=&amp;media=https:\/\/hips.hearstapps.com\/hmg-prod\/images\/andrea-kimi-antonelli-of-italy-driving-the-mercedes-amg-news-photo-1761049349.pjpeg?resize=1600:*\" class=\"pinterest css-on9hn5 e1c1bym14\"><img decoding=\"async\" data-dynamic-svg=\"true\" src=\"https:\/\/www.caranddriver.com\/_assets\/design-tokens\/fre\/static\/icons\/social\/pinterest.e8cf655.svg?primary=%2523ffffff\" loading=\"lazy\" data-testid=\"dynamic-svg-base\" height=\"auto\" width=\"auto\" alt=\"pinterest\" class=\"css-4lml0h e1mlxuuw1\"\/><\/a><\/p>\n<p>Clive Mason\/\/Getty Images<\/p>\n<p data-journey-content=\"true\" data-node-id=\"30\" class=\"css-6wxqfj emevuu60\">Antonelli pudo continuar con la carrera, pero sin opciones de luchar por el top 10 con todo el tr\u00e1fico de por medio. Vowles tambi\u00e9n se ha acordado del rookie para resumir el fin de semana en Texas: \u201c<strong data-node-id=\"30.1\">Lo siento por Carlos y Kimi<\/strong>; ambos tuvieron un buen ritmo de carrera hoy y estoy seguro de que habr\u00edan sumado puntos, pero <strong data-node-id=\"30.3\">es parte de las carreras <\/strong>que, al intentar adelantar en diferentes secciones, pueda haber contacto.\u201d<\/p>\n<blockquote data-theme-key=\"pullquote\" class=\"css-1eiql25 e1pe3zr91\">\n<blockquote class=\"css-fetnbk e1pe3zr90\"><p>2025 de adaptaci\u00f3n, pero la clave es 2026<\/p><\/blockquote>\n<\/blockquote>\n<p data-journey-content=\"true\" data-node-id=\"33\" class=\"css-6wxqfj emevuu60\">Sainz ya demostr\u00f3 con su podio en Bak\u00fa que puede competir con los de arriba vestido de azul. El proyecto de los de Grove va mucho m\u00e1s all\u00e1, ya que pretenden <strong data-node-id=\"33.1\">conseguir un salto de calidad<\/strong> en la pr\u00f3xima temporada con los cambios de reglamento. Sin embargo, <strong data-node-id=\"33.3\">el resto de equipos<\/strong> tambi\u00e9n est\u00e1n centrando todo su desarrollo para el coche del a\u00f1o que viene.<\/p>\n<p data-journey-content=\"true\" data-node-id=\"35\" class=\"css-6wxqfj emevuu60\">La competencia es m\u00e1xima para un 2026 que<strong data-node-id=\"35.1\"> podr\u00eda marcar un antes y un despu\u00e9s<\/strong> para la F\u00f3rmula 1. En ese sentido, la experiencia juega un papel fundamental. A nivel de ingenier\u00eda, Williams sigue teniendo <strong data-node-id=\"35.3\">cierta dependencia de Mercedes<\/strong>, pero podr\u00edan ganar algo de ventaja gracias a ello. La pareja del espa\u00f1ol junto a Alex Albon ser\u00e1 clave para exprimir al m\u00e1ximo el monoplaza que podr\u00eda suponer un punto de inflexi\u00f3n para el equipo.<\/p>\n<p><img src=\"https:\/\/www.europesays.com\/es\/wp-content\/uploads\/2025\/10\/1761060370_307_d3baca1e-d34f-44ac-842c-f2c50fb6b579_1737539442.file\" alt=\"Headshot of Alejandro Fern\u00e1ndez Montealegre\" title=\"Headshot of Alejandro Fern\u00e1ndez Montealegre\" width=\"100%\" height=\"100%\" decoding=\"async\" loading=\"lazy\" class=\"css-o0wq4v ev8dhu53\"\/><\/p>\n<p>Amante del mundo del motor en todas sus versiones, desde salir tranquilamente de ruta hasta escuchar a Lobato dej\u00e1ndose las cuerdas vocales en una vuelta importante de F1. Que mi abuelo fuera mec\u00e1nico seguramente influyera en que me llamara la atenci\u00f3n todo este mundo. \u00a0<\/p>\n","protected":false},"excerpt":{"rendered":"Carlos Sainz estaba firmando un fin de semana espectacular para Williams con su tercera posici\u00f3n en la carrera&hellip;\n","protected":false},"author":2,"featured_media":191812,"comment_status":"","ping_status":"","sticky":false,"template":"","format":"standard","meta":{"footnotes":""},"categories":[270],"tags":[168,253,25,24,306,271,272,23,167],"class_list":{"0":"post-191811","1":"post","2":"type-post","3":"status-publish","4":"format-standard","5":"has-post-thumbnail","7":"category-formula-1","8":"tag-deportes","9":"tag-discover","10":"tag-es","11":"tag-espana","12":"tag-f1","13":"tag-formula-1","14":"tag-formula1","15":"tag-spain","16":"tag-sports"},"share_on_mastodon":{"url":"https:\/\/pubeurope.com\/@es\/115412860191119341","error":""},"_links":{"self":[{"href":"https:\/\/www.europesays.com\/es\/wp-json\/wp\/v2\/posts\/191811","targetHints":{"allow":["GET"]}}],"collection":[{"href":"https:\/\/www.europesays.com\/es\/wp-json\/wp\/v2\/posts"}],"about":[{"href":"https:\/\/www.europesays.com\/es\/wp-json\/wp\/v2\/types\/post"}],"author":[{"embeddable":true,"href":"https:\/\/www.europesays.com\/es\/wp-json\/wp\/v2\/users\/2"}],"replies":[{"embeddable":true,"href":"https:\/\/www.europesays.com\/es\/wp-json\/wp\/v2\/comments?post=191811"}],"version-history":[{"count":0,"href":"https:\/\/www.europesays.com\/es\/wp-json\/wp\/v2\/posts\/191811\/revisions"}],"wp:featuredmedia":[{"embeddable":true,"href":"https:\/\/www.europesays.com\/es\/wp-json\/wp\/v2\/media\/191812"}],"wp:attachment":[{"href":"https:\/\/www.europesays.com\/es\/wp-json\/wp\/v2\/media?parent=191811"}],"wp:term":[{"taxonomy":"category","embeddable":true,"href":"https:\/\/www.europesays.com\/es\/wp-json\/wp\/v2\/categories?post=191811"},{"taxonomy":"post_tag","embeddable":true,"href":"https:\/\/www.europesays.com\/es\/wp-json\/wp\/v2\/tags?post=191811"}],"curies":[{"name":"wp","href":"https:\/\/api.w.org\/{rel}","templated":true}]}}