{"id":191818,"date":"2025-10-21T15:31:10","date_gmt":"2025-10-21T15:31:10","guid":{"rendered":"https:\/\/www.europesays.com\/es\/191818\/"},"modified":"2025-10-21T15:31:10","modified_gmt":"2025-10-21T15:31:10","slug":"la-biblioteca-solidaria-con-1-e-se-colabora-con-el-cancer-el-alzheimer-y-el-parkinson-ademas-de-comprar-un-libro-ocio-y-cultura","status":"publish","type":"post","link":"https:\/\/www.europesays.com\/es\/191818\/","title":{"rendered":"&#8216;La Biblioteca Solidaria&#8217;: con 1 \u20ac se colabora con el C\u00e1ncer, el Alzheimer y el Parkinson, adem\u00e1s de comprar un libro | Ocio y cultura"},"content":{"rendered":"<p class=\"loc\">Gandia<\/p>\n<p>Enmarcado dentro de la programaci\u00f3n de la &#8216;Tardor Literaria&#8217; de Gandia, hasta el pr\u00f3ximo s\u00e1bado 25 de octubre, La Xarxa de Biblioteques de Gandia impulsa la iniciativa &#8216;La Biblioteca Solidaria&#8217;. As\u00ed, se podr\u00e1n comprar libros, a 1 \u20ac, y los beneficios ir\u00e1n destinados a la Asociaci\u00f3n Espa\u00f1ola Contra el C\u00e1ncer, la Asociaci\u00f3n de Familiares de Enfermos de Alzheimer La Safor y la Asociaci\u00f3n Parkinson Gandia Safor.<\/p>\n<p><b>\u00bfQu\u00e9 bibliotecas y en qu\u00e9 horarios?<\/b><\/p>\n<p><b>Biblioteca Central<\/b>: de 11.00 h a 14.00 y de 17.00 a 20.00h. El s\u00e1bado de 11.00 a 13.00. <\/p>\n<p><b>Biblioteca Benipeixcar \u2013 Raval<\/b>: de 17.00 h, a 20.00 h, de lunes a viernes. <\/p>\n<p><b>Biblioteca El Grau<\/b>: hoy mismo hasta las 20.00 h. <\/p>\n<p><b>Biblioteca Santa Anna<\/b>: mi\u00e9rcoles 22, de 17.00 h a 20.00 h. <\/p>\n<p>Adem\u00e1s, dentro del mismo programa de &#8216;Tardor Literaria&#8217;, la Biblioteca Central acoger\u00e1, el jueves 23 de octubre, a las 19.00 h, la presentaci\u00f3n de La dona forta de Maria Beneyto. Se trata de una novela feminista que contin\u00faa cautivando por la lucidez con que aborda la libertad y la dignidad de la mujer en tiempo de cambio. El acto estar\u00e1 moderado por Gracia Signes y cuenta con la colaboraci\u00f3n de la Acad\u00e8mia Valenciana de la Llengua.<\/p>\n<p><img decoding=\"async\" src=\"https:\/\/www.europesays.com\/es\/wp-content\/uploads\/2025\/10\/AIXPANL6FRGWXGXFXNHJURY2II.png\" alt=\"Cartel presentaci\u00f3n del libro 'La Dona Forta', de Maria Beneyto\" width=\"650\" height=\"919\"  loading=\"lazy\"\/><\/p>\n<p>Cartel presentaci\u00f3n del libro &#8216;La Dona Forta&#8217;, de Maria Beneyto<\/p>\n<p>Ampliar<img decoding=\"async\" src=\"https:\/\/www.europesays.com\/es\/wp-content\/uploads\/2025\/10\/1761060670_533_AIXPANL6FRGWXGXFXNHJURY2II.png\" alt=\"Cartel presentaci\u00f3n del libro 'La Dona Forta', de Maria Beneyto\" width=\"650\" height=\"919\" loading=\"lazy\"\/><\/p>\n<p>Cartel presentaci\u00f3n del libro &#8216;La Dona Forta&#8217;, de Maria Beneyto<\/p>\n<p>Cerrar<\/p>\n","protected":false},"excerpt":{"rendered":"Gandia Enmarcado dentro de la programaci\u00f3n de la &#8216;Tardor Literaria&#8217; de Gandia, hasta el pr\u00f3ximo s\u00e1bado 25 de&hellip;\n","protected":false},"author":2,"featured_media":191819,"comment_status":"","ping_status":"","sticky":false,"template":"","format":"standard","meta":{"footnotes":""},"categories":[172],"tags":[224,146,147,25,24,225,23],"class_list":{"0":"post-191818","1":"post","2":"type-post","3":"status-publish","4":"format-standard","5":"has-post-thumbnail","7":"category-libros","8":"tag-books","9":"tag-entertainment","10":"tag-entretenimiento","11":"tag-es","12":"tag-espana","13":"tag-libros","14":"tag-spain"},"share_on_mastodon":{"url":"https:\/\/pubeurope.com\/@es\/115412879864878339","error":""},"_links":{"self":[{"href":"https:\/\/www.europesays.com\/es\/wp-json\/wp\/v2\/posts\/191818","targetHints":{"allow":["GET"]}}],"collection":[{"href":"https:\/\/www.europesays.com\/es\/wp-json\/wp\/v2\/posts"}],"about":[{"href":"https:\/\/www.europesays.com\/es\/wp-json\/wp\/v2\/types\/post"}],"author":[{"embeddable":true,"href":"https:\/\/www.europesays.com\/es\/wp-json\/wp\/v2\/users\/2"}],"replies":[{"embeddable":true,"href":"https:\/\/www.europesays.com\/es\/wp-json\/wp\/v2\/comments?post=191818"}],"version-history":[{"count":0,"href":"https:\/\/www.europesays.com\/es\/wp-json\/wp\/v2\/posts\/191818\/revisions"}],"wp:featuredmedia":[{"embeddable":true,"href":"https:\/\/www.europesays.com\/es\/wp-json\/wp\/v2\/media\/191819"}],"wp:attachment":[{"href":"https:\/\/www.europesays.com\/es\/wp-json\/wp\/v2\/media?parent=191818"}],"wp:term":[{"taxonomy":"category","embeddable":true,"href":"https:\/\/www.europesays.com\/es\/wp-json\/wp\/v2\/categories?post=191818"},{"taxonomy":"post_tag","embeddable":true,"href":"https:\/\/www.europesays.com\/es\/wp-json\/wp\/v2\/tags?post=191818"}],"curies":[{"name":"wp","href":"https:\/\/api.w.org\/{rel}","templated":true}]}}