{"id":191820,"date":"2025-10-21T15:32:08","date_gmt":"2025-10-21T15:32:08","guid":{"rendered":"https:\/\/www.europesays.com\/es\/191820\/"},"modified":"2025-10-21T15:32:08","modified_gmt":"2025-10-21T15:32:08","slug":"gloria-camila-pletorica-llega-a-espana-con-ivan-gonzalez","status":"publish","type":"post","link":"https:\/\/www.europesays.com\/es\/191820\/","title":{"rendered":"Gloria Camila, plet\u00f3rica, llega a Espa\u00f1a con Iv\u00e1n Gonz\u00e1lez"},"content":{"rendered":"<p>21\/10\/2025 a las 16:57h.<\/p>\n<p class=\"voc-save-news__paragraph\">Esta funcionalidad es s\u00f3lo para suscriptores<\/p>\n<p><a href=\"https:\/\/secure.abc.es\/suscripcion#vca=suscribete&amp;vso=abc&amp;vmc=on&amp;vli=comentarios-btn-flujo\" data-voc-vtm-id=\"comienzoSuscripcionON\" data-voc-vtm-info=\"btncomentar\" class=\"voc-btn voc-btn--w voc-btn--xs voc-save-news__btn\" rel=\"nofollow noopener\" target=\"_blank\"><br \/>\nSuscribete<br \/>\n<\/a><\/p>\n<p class=\"voc-p\" style=\"\">Ganadora del malet\u00edn para muchos, y una de las grandes protagonistas de la edici\u00f3n,\u00a0Gloria Camila\u00a0era expulsada por sorpresa de &#8216;Supervivientes All Stars&#8217; tras un emocionante e igualado duelo contra su gran amiga,\u00a0Jessica Bueno. Tras despedirse de la aventura, regresaba a Espa\u00f1a. Y  &#8230; no ha hecho el viaje sola, sino con\u00a0Iv\u00e1n Gonz\u00e1lez, con el que sin duda ha solucionado sus diferencias. Ambos llegaban esta madrugada a Madrid derrochando sonrisas y miradas c\u00f3mplices mientras recorr\u00edan la terminal del aeropuerto, con unos grandes auriculares para no recibir informaci\u00f3n del exterior hasta su reaparici\u00f3n en el plat\u00f3.<\/p>\n<p>\nArt\u00edculo solo para suscriptores\n<\/p>\n<p>Reportar un error<\/p>\n<p class=\"voc-save-news__paragraph\">Esta funcionalidad es s\u00f3lo para suscriptores<\/p>\n<p><a href=\"https:\/\/secure.abc.es\/suscripcion#vca=suscribete&amp;vso=abc&amp;vmc=on&amp;vli=comentarios-btn-flujo\" data-voc-vtm-id=\"comienzoSuscripcionON\" data-voc-vtm-info=\"btncomentar\" class=\"voc-btn voc-btn--w voc-btn--xs voc-save-news__btn\" rel=\"nofollow noopener\" target=\"_blank\"><br \/>\nSuscribete<br \/>\n<\/a><\/p>\n","protected":false},"excerpt":{"rendered":"21\/10\/2025 a las 16:57h. Esta funcionalidad es s\u00f3lo para suscriptores Suscribete Ganadora del malet\u00edn para muchos, y una&hellip;\n","protected":false},"author":2,"featured_media":191821,"comment_status":"","ping_status":"","sticky":false,"template":"","format":"standard","meta":{"footnotes":""},"categories":[171],"tags":[40307,146,147,25,24,3086,5976,4358,5012,49106,23,214],"class_list":{"0":"post-191820","1":"post","2":"type-post","3":"status-publish","4":"format-standard","5":"has-post-thumbnail","7":"category-tv","8":"tag-camila","9":"tag-entertainment","10":"tag-entretenimiento","11":"tag-es","12":"tag-espana","13":"tag-gloria","14":"tag-gonzalez","15":"tag-ivan","16":"tag-llega","17":"tag-pletorica","18":"tag-spain","19":"tag-tv"},"share_on_mastodon":{"url":"https:\/\/pubeurope.com\/@es\/115412883452415939","error":""},"_links":{"self":[{"href":"https:\/\/www.europesays.com\/es\/wp-json\/wp\/v2\/posts\/191820","targetHints":{"allow":["GET"]}}],"collection":[{"href":"https:\/\/www.europesays.com\/es\/wp-json\/wp\/v2\/posts"}],"about":[{"href":"https:\/\/www.europesays.com\/es\/wp-json\/wp\/v2\/types\/post"}],"author":[{"embeddable":true,"href":"https:\/\/www.europesays.com\/es\/wp-json\/wp\/v2\/users\/2"}],"replies":[{"embeddable":true,"href":"https:\/\/www.europesays.com\/es\/wp-json\/wp\/v2\/comments?post=191820"}],"version-history":[{"count":0,"href":"https:\/\/www.europesays.com\/es\/wp-json\/wp\/v2\/posts\/191820\/revisions"}],"wp:featuredmedia":[{"embeddable":true,"href":"https:\/\/www.europesays.com\/es\/wp-json\/wp\/v2\/media\/191821"}],"wp:attachment":[{"href":"https:\/\/www.europesays.com\/es\/wp-json\/wp\/v2\/media?parent=191820"}],"wp:term":[{"taxonomy":"category","embeddable":true,"href":"https:\/\/www.europesays.com\/es\/wp-json\/wp\/v2\/categories?post=191820"},{"taxonomy":"post_tag","embeddable":true,"href":"https:\/\/www.europesays.com\/es\/wp-json\/wp\/v2\/tags?post=191820"}],"curies":[{"name":"wp","href":"https:\/\/api.w.org\/{rel}","templated":true}]}}