{"id":191837,"date":"2025-10-21T15:41:08","date_gmt":"2025-10-21T15:41:08","guid":{"rendered":"https:\/\/www.europesays.com\/es\/191837\/"},"modified":"2025-10-21T15:41:08","modified_gmt":"2025-10-21T15:41:08","slug":"la-oferta-publica-de-empleo-del-gobierno-de-navarra-para-2025-asciende-a-un-total-de-578-plazas","status":"publish","type":"post","link":"https:\/\/www.europesays.com\/es\/191837\/","title":{"rendered":"La Oferta P\u00fablica de Empleo del Gobierno de Navarra para 2025 asciende a un total de 578 plazas"},"content":{"rendered":"<p>El Gobierno de Navarra ha trasladado hoy a los sindicatos en la Mesa General de Funci\u00f3n P\u00fablica su propuesta de Oferta P\u00fablica de Empleo (OPE) para 2025, que asciende a un total de 578 plazas, que se reparten por sectores entre 266 plazas de personal sanitario y 312 de Administraci\u00f3n N\u00facleo.\u00a0La propuesta se enmarca en el trabajo del departamento para consolidar el empleo p\u00fablico y fortalecer los servicios que se prestan a la ciudadan\u00eda navarra, y se suma a la reciente convocatoria de 290 plazas de maestros y maestras y a las 1.125 plazas del pasado mayo en Administraci\u00f3n N\u00facleo y Salud. Asimismo, en el encuentro de hoy, se ha trasladado la voluntad del Gobierno de Navarra para agilizar al m\u00e1ximo en este final de a\u00f1o los trabajos para desarrollar el texto del nuevo Estatuto de Personal.<\/p>\n<p>Tal como ha informado a los representantes de los empleados p\u00fablicos la directora general de Funci\u00f3n P\u00fablica, Gloria Aranc\u00f3n, la cifra total de plazas para este ejercicio corresponde a la tasa de reposici\u00f3n, que incluye 254 plazas para el Servicio Navarro de Salud-Osasunbidea y 12 plazas en el Instituto de Salud P\u00fablica y Laboral (son 266 en total en el sector sanitario); y las 312 plazas para el resto de la Administraci\u00f3n, entre las que se encuentran un total de 107 plazas para especialistas de apoyo educativo, 46 de bombero\/a y 30 de polic\u00eda foral.<\/p>\n<p>Cabe destacar que en la OPE de este a\u00f1o se incluyen plazas de m\u00e1s de 60 puestos de trabajo diferentes dentro de la Administraci\u00f3n N\u00facleo de la Comunidad Foral de Navarra. Por niveles se desagregan en la siguiente divisi\u00f3n: 41 de nivel A, 74 de nivel B, 193 de nivel C y 4 de nivel D; mientras que en el SNS-O un total de 83 corresponden al nivel A, 115 al nivel B, 5 al C y 51 al D.\u00a0\u00a0<\/p>\n<p><strong>Desglose de las plazas incluidas en la OPE de reposici\u00f3n<\/strong><\/p>\n<p>En la Administraci\u00f3n N\u00facleo se ofertan en el nivel A un total de 41 plazas repartidas en: 9 plazas para t\u00e9cnico\/a en administraci\u00f3n (rama jur\u00eddica), 5 para t\u00e9cnico\/a de hacienda, 4 para ingeniero\/a de caminos, canales y puertos, 3 para psic\u00f3logo\/a y 2 para soci\u00f3logo\/a. Se ofertar\u00e1 una plaza para cada uno de los puestos de trabajo de analista jefe\/a de proyectos, arque\u00f3logo\/a, asesor\/a jur\u00eddico\/a, farmac\u00e9utico\/a, ge\u00f3logo\/a, ingeniero\/a industrial, m\u00e9dico\/a especialista en medicina preventiva y salud p\u00fablica, m\u00e9dico\/a inspector\/a, periodista, t\u00e9cnico\/a en gesti\u00f3n sanitaria, t\u00e9cnico\/a en administraci\u00f3n (rama econ\u00f3mica),\u00a0 t\u00e9cnico\/a superior de medio ambiente, t\u00e9cnico\/a superior de salud (medicina), t\u00e9cnico\/a superior en materias de seguridad, t\u00e9cnico\/a superior en organizaci\u00f3n, titulado\/a superior de empleo, traductor\/a euskera y traductor\/a int\u00e9rprete euskera.<\/p>\n<p>Entre las que corresponden al nivel B (74) un total de 16 plazas son para inspector\/a de la Polic\u00eda Foral, 15 para trabajador\/a social, 5 para arquitecto\/a t\u00e9cnico\/a y 4 plazas para cada uno de los puestos de Ingeniero\/a t\u00e9cnico\/a de obras p\u00fablicas, terapeuta ocupacional y t\u00e9cnico\/a de grado medio de archivos. Tambi\u00e9n tres plazas para cada uno de los puestos de ingeniero\/a t\u00e9cnico\/a forestal, ingeniero\/a t\u00e9cnico\/a industrial y t\u00e9cnico\/a de grado medio (igualdad); y dos plazas para cada uno de los puestos de diplomado\/a en relaciones laborales, ingeniero\/a t\u00e9cnico\/a y t\u00e9cnico\/a de grado medio en sistemas inform\u00e1ticos. Los puestos de diplomado\/a en ciencias empresariales, enfermero\/a, ingeniero\/a t\u00e9cnico\/a agr\u00edcola, inspector\/a de servicios sociales, logopeda, t\u00e9cnico\/a de grado medio, t\u00e9cnico\/a de grado medio (publicaciones), titulado\/a universitario\/a de grado medio (disciplina preventiva: seguridad en el trabajo e higiene industrial), titulado\/a universitario\/a de grado medio (prevenci\u00f3n de riesgos laborales), titulado\/a de grado medio en formaci\u00f3n y empleo y titulado\/a de grado medio (IRPF) contar\u00e1n con una plaza cada uno.<\/p>\n<p>En el nivel C, con un total de 193 plazas, destacan las 107 de especialista de apoyo educativo, 14 de agente de Polic\u00eda Foral, 42 de bombero\/a, 8 de operador\/a auxiliar de coordinaci\u00f3n, 6 de conductor\/a, 4 de cabo bombero\/a y otras 4 de t\u00e9cnico\/a de gesti\u00f3n de transportes; y dos de<\/p>\n<p>basozain\/guarda de medio ambiente y vigilante\/a de carreteras (2). Se ofertar\u00e1 una plaza para cada puesto de cocinero\/a, educador\/a infantil, oficial t\u00e9cnico\/a de mantenimiento de veh\u00edculos y t\u00e9cnico\/a de sonido y medios audiovisuales. En el nivel D ser\u00e1n 2 para conserje, 1 para auxiliar de autopsias y 1 para auxiliar de mantenimiento.<\/p>\n<p>En lo que corresponde a la OPE parcial del SNS-O, las 83 plazas destinadas al nivel A se reparten entre las 15 de m\u00e9dico\/a de equipo de atenci\u00f3n primaria; 13 de facultativo\/a especialista de \u00e1rea adjunto\/a de radiodiagn\u00f3stico; 5 de facultativo\/a especialista de \u00e1rea adjunto\/a de anatom\u00eda patol\u00f3gica; 4 de facultativo\/a especialista de \u00e1rea adjunto\/a de psiquiatr\u00eda y otras 4 de pediatra de equipo de atenci\u00f3n primaria; 3 para cada uno de los puestos de facultativo\/a especialista de \u00e1rea adjunto\/a de anestesia y reanimaci\u00f3n, facultativo\/a especialista de \u00e1rea adjunto\/a de oncolog\u00eda radioter\u00e1pica, m\u00e9dico\/a adjunto\/a de urgencias, m\u00e9dico\/a de servicio especial de urgencia, m\u00e9dico\/a de servicio normal de urgencia; 2 para cada puesto de facultativo\/a especialista de \u00e1rea adjunto\/a de cirug\u00eda general y aparato digestivo, facultativo\/a especialista de \u00e1rea adjunto\/a de farmacia hospitalaria, facultativo\/a especialista de \u00e1rea adjunto\/a de laboratorio cl\u00ednico, facultativo\/a especialista de \u00e1rea adjunto\/a de microbiolog\u00eda y parasitolog\u00eda, facultativo\/a especialista de \u00e1rea adjunto\/a de otorrinolaringolog\u00eda y psic\u00f3logo\/a especialista cl\u00ednico.<\/p>\n<p>Se ofertar\u00e1 tambi\u00e9n una plaza para cada puesto de facultativo\/a especialista de \u00e1rea adjunto\/a de alergolog\u00eda, facultativo\/a especialista de \u00e1rea adjunto\/a de angiolog\u00eda, facultativo\/a especialista de \u00e1rea adjunto\/a de cardiolog\u00eda, facultativo\/a especialista de \u00e1rea adjunto\/a de cirug\u00eda oral y maxilofacial, facultativo\/a especialista de \u00e1rea adjunto\/a de cirug\u00eda ortop\u00e9dica y traumatolog\u00eda, facultativo\/a especialista de \u00e1rea adjunto\/a de cirug\u00eda pl\u00e1stica est\u00e9tica y reparadora, facultativo\/a especialista de \u00e1rea adjunto\/a de endocrinolog\u00eda y nutrici\u00f3n, facultativo\/a especialista de \u00e1rea adjunto\/a de medicina intensiva, facultativo\/a especialista de \u00e1rea adjunto\/a de medicina interna, facultativo\/a especialista de \u00e1rea adjunto\/a de neurolog\u00eda, facultativo\/a especialista de \u00e1rea adjunto\/a de obstetricia y ginecolog\u00eda, facultativo\/a especialista de \u00e1rea adjunto\/a de oftalmolog\u00eda, facultativo\/a especialista de \u00e1rea adjunto\/a de pediatr\u00eda y sus \u00e1reas espec\u00edficas, facultativo\/a especialista de \u00e1rea adjunto\/a de urolog\u00eda, y M\u00e9dico\/a.<\/p>\n<p>En el nivel B el total de 115 plazas se distribuyen en 96 plazas de enfermero\/a, 5 para los puestos de enfermero\/a especialista de enfermer\u00eda obst\u00e9trico ginecol\u00f3gica y fisioterapeuta, 4 de enfermero\/a especialista de enfermer\u00eda familiar y comunitaria, 2 para los diferentes puestos de enfermero\/a especialista de enfermer\u00eda de salud mental y enfermero\/a especialista de enfermer\u00eda del trabajo; y 1 para enfermero\/a especialista de enfermer\u00eda pedi\u00e1trica. En el nivel C son 3 para t\u00e9cnico\/a especialista de radiodiagn\u00f3stico y 2 para t\u00e9cnico\/a especialista de laboratorio; y en el D se reparten entre las 36 de t\u00e9cnico\/a en cuidados auxiliares de enfermer\u00eda y las 15 de celador\/a.<\/p>\n<p><strong>M\u00e1s de 1.000 plazas aprobadas en mayo<\/strong><\/p>\n<p>Hace apenas una semana se public\u00f3, por otra parte, la convocatoria del proceso selectivo de oposiciones para 290 nuevos maestros y maestras en Navarra, y el pasado mes de mayo el Ejecutivo foral ya sac\u00f3 adelante la convocatoria de 1.125 plazas en la Administraci\u00f3n N\u00facleo y Salud, para un total de 20 puestos de trabajo. Entre ellas destacan las 585 de administrativo\/a, 158 de servicios generales y 52 de conserje. Del total se reservaron 95 plazas para personas con discapacidad de grado igual o superior al 33 por 100 y otras 20 para mujeres v\u00edctimas de violencia de g\u00e9nero.<\/p>\n<p>Por niveles, para el A salieron a oposici\u00f3n 76 plazas: 13 de arquitecto\/a, 8 de bi\u00f3logo\/a, 4 de m\u00e9dico\/a y m\u00e9dico\/a general, 5 de qu\u00edmico\/a, 43 de TAP econ\u00f3mico y 3 de t\u00e9cnico\/a superior de deporte.\u00a0En el nivel B se convocaron en total 99 plazas: 26 de Diplomado\/a en Ciencias Empresariales, 8 de enfermero\/a, 25 de gestor\/a e investigador\/a auxiliar de Hacienda, 3 de psicomotricista, y 37 de titulado\/a Grado Medio Formaci\u00f3n y Empleo. En el nivel C se aprobaron 680 plazas en las siguientes especialidades: 585 de administrativo\/a, 40 de educador\/a infantil y educador\/a, 34 de oficial 1\u00aa y oficial de mantenimiento, 11 de oficial t\u00e9cnico\/a de sistemas inform\u00e1ticos y oficial sistemas inform\u00e1ticos, y 10 de t\u00e9cnico\/a de obra civil. Por \u00faltimo, en nivel D, se convocaron 261 plazas: 52 de conserje, 51 de cuidador\/a gerontol\u00f3gico\/a y 158 de servicios generales.<\/p>\n<p>Por su parte, en el \u00e1rea de Salud se aprob\u00f3 la convocatoria para la provisi\u00f3n, mediante\u00a0concurso-oposici\u00f3n, de 9 plazas de facultativo\/a especialista\u00a0de \u00e1rea del Servicio Navarro de Salud-Osasunbidea, y para la constituci\u00f3n, a trav\u00e9s de las pruebas selectivas, de listas de personas aspirantes al desempe\u00f1o de especialidades como Angiolog\u00eda y Cirug\u00eda Vascular, Cirug\u00eda Tor\u00e1cica, para el Servicio de Gen\u00e9tica M\u00e9dica, Neurofisiolog\u00eda Cl\u00ednica y Oncolog\u00eda Radioter\u00e1pica.<\/p>\n<p><strong>Compromiso con el sistema educativo y el pilar social<\/strong><\/p>\n<p>La Oferta P\u00fablica de Empleo correspondiente al ejercicio 2025 permitir\u00e1 que el Gobierno de Navarra, a trav\u00e9s del Departamento de Interior, Funci\u00f3n P\u00fablica y Justicia, contin\u00fae avanzando en la reducci\u00f3n de la temporalidad en la Administraci\u00f3n con el objetivo de favorecer la estabilizaci\u00f3n y consolidaci\u00f3n del empleo p\u00fablico para, en \u00faltima instancia, fortalecer y mejorar la calidad de los servicios p\u00fablicos que se prestan a la ciudadan\u00eda. \u00a0<\/p>\n<p>La propuesta de Oferta de Empleo P\u00fablico que Funci\u00f3n P\u00fablica ha presentado a los sindicatos, adem\u00e1s, trata de desarrollar y reforzar los pilares del Estado del bienestar y en los que se sustenta una administraci\u00f3n moderna: Social (165 plazas, entre las que destacan las 107 de especialista de apoyo educativo), Verde (19 plazas), Digital (11 plazas), Administraci\u00f3n del siglo XXI (33 plazas) y Respuesta a las Emergencias (84 plazas).<\/p>\n<p><strong>Estatuto de personal<\/strong><\/p>\n<p>En la Mesa General de hoy, la direcci\u00f3n general ha transmitido a los representantes sindicales la voluntad del Gobierno de Navarra para agilizar al m\u00e1ximo los trabajos que se est\u00e1n llevando a cabo para desarrollar el texto del nuevo Estatuto de Personal, una norma ambiciosa que debe sustituir al actual, que data de 1993. En concreto, tal y como se ha indicado, Funci\u00f3n P\u00fablica est\u00e1 realizando un gran esfuerzo con el fin de presentar un borrador de texto para finales de diciembre, un documento que tambi\u00e9n se va a compartir para su an\u00e1lisis con \u00e1mbitos relevantes en materia de personal como son Salud, Educaci\u00f3n, la Federaci\u00f3n Navarra de Municipios y Concejos (FNMC) y la Universidad P\u00fablica de Navarra (UPNA), de manera que se puedan incluir en \u00e9l sus consideraciones.<\/p>\n","protected":false},"excerpt":{"rendered":"El Gobierno de Navarra ha trasladado hoy a los sindicatos en la Mesa General de Funci\u00f3n P\u00fablica su&hellip;\n","protected":false},"author":2,"featured_media":30886,"comment_status":"","ping_status":"","sticky":false,"template":"","format":"standard","meta":{"footnotes":""},"categories":[8],"tags":[17,18,53565,10398,53564,25,24,13,14,15196,11,584,19,20,9,10,15,10397,16,23,12,21,22],"class_list":{"0":"post-191837","1":"post","2":"type-post","3":"status-publish","4":"format-standard","5":"has-post-thumbnail","7":"category-espana","8":"tag-breaking-news","9":"tag-breakingnews","10":"tag-busqueda-de-empleo","11":"tag-departamentos-legislatura-2023-2027","12":"tag-empleo-y-trabajo","13":"tag-es","14":"tag-espana","15":"tag-featured-news","16":"tag-featurednews","17":"tag-funcion-publica-y-justicia","18":"tag-headlines","19":"tag-interior","20":"tag-latest-news","21":"tag-latestnews","22":"tag-news","23":"tag-noticias","24":"tag-noticias-destacadas","25":"tag-noticias-institucionales","26":"tag-noticiasdestacadas","27":"tag-spain","28":"tag-titulares","29":"tag-ultimas-noticias","30":"tag-ultimasnoticias"},"share_on_mastodon":{"url":"https:\/\/pubeurope.com\/@es\/115412918963323088","error":""},"_links":{"self":[{"href":"https:\/\/www.europesays.com\/es\/wp-json\/wp\/v2\/posts\/191837","targetHints":{"allow":["GET"]}}],"collection":[{"href":"https:\/\/www.europesays.com\/es\/wp-json\/wp\/v2\/posts"}],"about":[{"href":"https:\/\/www.europesays.com\/es\/wp-json\/wp\/v2\/types\/post"}],"author":[{"embeddable":true,"href":"https:\/\/www.europesays.com\/es\/wp-json\/wp\/v2\/users\/2"}],"replies":[{"embeddable":true,"href":"https:\/\/www.europesays.com\/es\/wp-json\/wp\/v2\/comments?post=191837"}],"version-history":[{"count":0,"href":"https:\/\/www.europesays.com\/es\/wp-json\/wp\/v2\/posts\/191837\/revisions"}],"wp:featuredmedia":[{"embeddable":true,"href":"https:\/\/www.europesays.com\/es\/wp-json\/wp\/v2\/media\/30886"}],"wp:attachment":[{"href":"https:\/\/www.europesays.com\/es\/wp-json\/wp\/v2\/media?parent=191837"}],"wp:term":[{"taxonomy":"category","embeddable":true,"href":"https:\/\/www.europesays.com\/es\/wp-json\/wp\/v2\/categories?post=191837"},{"taxonomy":"post_tag","embeddable":true,"href":"https:\/\/www.europesays.com\/es\/wp-json\/wp\/v2\/tags?post=191837"}],"curies":[{"name":"wp","href":"https:\/\/api.w.org\/{rel}","templated":true}]}}