{"id":191842,"date":"2025-10-21T15:44:10","date_gmt":"2025-10-21T15:44:10","guid":{"rendered":"https:\/\/www.europesays.com\/es\/191842\/"},"modified":"2025-10-21T15:44:10","modified_gmt":"2025-10-21T15:44:10","slug":"la-escuela-taurina-oscense-organiza-este-sabado-una-clase-practica-en-huesca-radio-huesca","status":"publish","type":"post","link":"https:\/\/www.europesays.com\/es\/191842\/","title":{"rendered":"La Escuela Taurina Oscense organiza este s\u00e1bado una clase pr\u00e1ctica en Huesca | Radio Huesca"},"content":{"rendered":"<p class=\"loc\">Huesca<\/p>\n<p>Este s\u00e1bado d\u00eda 25 de octubre a las 17 horas, el coso taurino oscense acoger\u00e1 una nueva clase pr\u00e1ctica en la que se lidiar\u00e1n novillos de la ganader\u00eda de Torreana de Pinseque de Zaragoza. <\/p>\n<p>Participar\u00e1n seis alumnos de las escuelas taurinas de Camas, Guadalajara, Alicante, Valencia y de la Escuela Taurina Oscense con \u00c1ngel Alarc\u00f3n y Asier Abadiano.<\/p>\n<p>El resto de los componentes del cartel son Manuel Mart\u00edn, Jaime Torija, Rodrigo Villal\u00f3n y Pablo Torres y tambi\u00e9n se realizar\u00e1 la presentaci\u00f3n en Huesca de \u00c1ngel Mena \u201cAngelito\u201d que lidiar\u00e1 un simulacro de a\u00f1ojo de la misma ganader\u00eda.<\/p>\n<p>El director de la clase pr\u00e1ctica ser\u00e1 Ricardo Agu\u00edn \u201cEl Molinero\u201d<\/p>\n<p>La entrada es con invitaci\u00f3n con un donativo de 10 euros y pueden adquirirse en la Pe\u00f1a Taurina Oscense y en Comercial Luna.<\/p>\n<p><img decoding=\"async\" src=\"https:\/\/www.europesays.com\/es\/wp-content\/uploads\/2025\/10\/NNNVFX4IIZHTDH6L7EZSL5H5KA.JPG\" alt=\"Cartel de la Clase Pr\u00e1ctica que se realizar\u00e1 en Huesca\" width=\"650\" height=\"1307\"  loading=\"lazy\"\/><\/p>\n<p>Cartel de la Clase Pr\u00e1ctica que se realizar\u00e1 en Huesca<\/p>\n<p>Ampliar<img decoding=\"async\" src=\"https:\/\/www.europesays.com\/es\/wp-content\/uploads\/2025\/10\/1761061450_348_NNNVFX4IIZHTDH6L7EZSL5H5KA.JPG\" alt=\"Cartel de la Clase Pr\u00e1ctica que se realizar\u00e1 en Huesca\" width=\"650\" height=\"1307\" loading=\"lazy\"\/><\/p>\n<p>Cartel de la Clase Pr\u00e1ctica que se realizar\u00e1 en Huesca<\/p>\n<p>Cerrar<\/p>\n","protected":false},"excerpt":{"rendered":"Huesca Este s\u00e1bado d\u00eda 25 de octubre a las 17 horas, el coso taurino oscense acoger\u00e1 una nueva&hellip;\n","protected":false},"author":2,"featured_media":191843,"comment_status":"","ping_status":"","sticky":false,"template":"","format":"standard","meta":{"footnotes":""},"categories":[277],"tags":[373,168,25,24,23,167,374],"class_list":{"0":"post-191842","1":"post","2":"type-post","3":"status-publish","4":"format-standard","5":"has-post-thumbnail","7":"category-toreo","8":"tag-bullfighting","9":"tag-deportes","10":"tag-es","11":"tag-espana","12":"tag-spain","13":"tag-sports","14":"tag-toreo"},"share_on_mastodon":{"url":"https:\/\/pubeurope.com\/@es\/115412930632753674","error":""},"_links":{"self":[{"href":"https:\/\/www.europesays.com\/es\/wp-json\/wp\/v2\/posts\/191842","targetHints":{"allow":["GET"]}}],"collection":[{"href":"https:\/\/www.europesays.com\/es\/wp-json\/wp\/v2\/posts"}],"about":[{"href":"https:\/\/www.europesays.com\/es\/wp-json\/wp\/v2\/types\/post"}],"author":[{"embeddable":true,"href":"https:\/\/www.europesays.com\/es\/wp-json\/wp\/v2\/users\/2"}],"replies":[{"embeddable":true,"href":"https:\/\/www.europesays.com\/es\/wp-json\/wp\/v2\/comments?post=191842"}],"version-history":[{"count":0,"href":"https:\/\/www.europesays.com\/es\/wp-json\/wp\/v2\/posts\/191842\/revisions"}],"wp:featuredmedia":[{"embeddable":true,"href":"https:\/\/www.europesays.com\/es\/wp-json\/wp\/v2\/media\/191843"}],"wp:attachment":[{"href":"https:\/\/www.europesays.com\/es\/wp-json\/wp\/v2\/media?parent=191842"}],"wp:term":[{"taxonomy":"category","embeddable":true,"href":"https:\/\/www.europesays.com\/es\/wp-json\/wp\/v2\/categories?post=191842"},{"taxonomy":"post_tag","embeddable":true,"href":"https:\/\/www.europesays.com\/es\/wp-json\/wp\/v2\/tags?post=191842"}],"curies":[{"name":"wp","href":"https:\/\/api.w.org\/{rel}","templated":true}]}}