{"id":191856,"date":"2025-10-21T15:53:18","date_gmt":"2025-10-21T15:53:18","guid":{"rendered":"https:\/\/www.europesays.com\/es\/191856\/"},"modified":"2025-10-21T15:53:18","modified_gmt":"2025-10-21T15:53:18","slug":"graciela-iturbide-mi-camara-me-ayudo-a-conocer-mi-pais-y-sus-pueblos-originarios","status":"publish","type":"post","link":"https:\/\/www.europesays.com\/es\/191856\/","title":{"rendered":"Graciela Iturbide: \u00abMi c\u00e1mara me ayud\u00f3 a conocer mi pa\u00eds y sus pueblos originarios\u00bb"},"content":{"rendered":"<p><a class=\"v-mdl-ath__fig-a\" href=\"https:\/\/www.elcomercio.es\/autor\/soraya-perez-6657.html\" title=\"Soraya P\u00e9rez\" rel=\"nofollow noopener\" target=\"_blank\"><br \/>\n<img decoding=\"async\" class=\"v-mdl-ath__img\" src=\"https:\/\/www.europesays.com\/es\/wp-content\/uploads\/2025\/08\/autor-6657-foto-1.jpeg\" alt=\"Soraya P\u00e9rez\"\/><br \/>\n<\/a><\/p>\n<p class=\"v-mdl-ath__p v-mdl-ath__p--6\">\nMartes, 21 de octubre 2025, 15:28<\/p>\n<p class=\"v-p\">La Escuela de Arte de Oviedo recibi\u00f3 este martes una visita muy especial. Sobre todo para los alumnos de fotograf\u00eda, que ven en Graciela Iturbide, Premio Princesa de Asturias de las Artes, \u00abuna fuente de inspiraci\u00f3n\u00bb y \u00abuna hero\u00edna\u00bb que ha sabido plasmar en sus fotograf\u00edas la realidad de la vida misma. <\/p>\n<p class=\"v-p\">Fue un encuentro muy emotivo con estudiantes y profesores que empez\u00f3 con la visita de la premiada al laboratorio de fotograf\u00eda donde los alumnos pudieron ense\u00f1ar, llenos de nervios y humildad, sus trabajos fotogr\u00e1ficos inspirados en ella, pero \u00abcogiendo elementos naturales de Asturias\u00bb. Una idea que a la fot\u00f3grafa mexicana de 83 a\u00f1os \u00able encant\u00f3\u00bb. <\/p>\n<p class=\"v-p\">Mientras paseaba por el laboratorio, Iturbide s\u00f3lo repet\u00eda \u00abqu\u00e9 bonito, qu\u00e9 bonito trabajo. \u00a1Qu\u00e9 buenas fotos hacen muchachos! Los felicito\u00bb. Unos halagos que para el alumnado de segundo de fotograf\u00eda causaron una enorme emoci\u00f3n y \u00abun honor\u00bb.<\/p>\n<p class=\"v-p\">\u00abSi ustedes hubiesen podido ver c\u00f3mo yo trabajaba en mis inicios como fot\u00f3grafa&#8230; yo revelaba en un ba\u00f1ito peque\u00f1o, no ten\u00eda este hermoso laboratorio que tienen ustedes. Son muy afortunados\u00bb, dijo la premiada. <\/p>\n<p class=\"v-p\">Sigui\u00f3 su paso por el laboratorio y pregunt\u00f3 a la profesora Gema Garc\u00eda: \u00bfPero este papel cu\u00e1l es?, mientras se fijaba atentamente al papel donde se revelaban las fotos. Y continu\u00f3: \u00abEs que el tipo de papel que se usa para revelar es muy importante. Si las fotos se manchan con el paso de los a\u00f1os, muchas veces es por el tipo de papel\u00bb, afirmaba Iturbide, ante la mirada de admiraci\u00f3n de los j\u00f3venes. <\/p>\n<p class=\"v-p\">Posterior a su visita por el laboratorio, los estudiantes tuvieron la oportunidad de hacerle diversas preguntas a la fot\u00f3grafa mexicana en el sal\u00f3n de actos. Una vez all\u00ed la profesora Gema Garc\u00eda asegur\u00f3 que Graciela Iturbide \u00absiempre ha sido mi inspiraci\u00f3n y una referencia desde 1980. Soy una espectadora apasionada de tus im\u00e1genes y tu trabajo. Por esa sensaci\u00f3n de fragilidad y de resistencia que transmiten tus fotograf\u00edas\u00bb, subray\u00f3. <\/p>\n<p class=\"v-p\">En el turno de preguntas, los alumnos preguntaron c\u00f3mo hab\u00eda sido su experiencia trabajando con el fot\u00f3grafo mexicano Manuel \u00c1lvarez Bravo. \u00abFue un mentor, un hombre muy po\u00e9tico, muy solitario y un gran lector. Hay que cultivarse siempre, me dec\u00eda. Y tambi\u00e9n me dec\u00eda: Hay tiempo. Todo va a llegar para usted\u00bb, cont\u00f3 Iturbide.<\/p>\n<p class=\"v-p\">Tambi\u00e9n respondi\u00f3 sobre sus primeras pasiones, que fueron el cine y la escritura. \u00abVengo de una familia bastante conservadora y convencional. Me cas\u00e9 muy joven y tuve 3 hijos. Un d\u00eda en la radio escuch\u00e9 que daban clases de cine y me fascin\u00e9, me gustaba tanto que el profesor me pidi\u00f3 que fuera su ayudante. Pero luego dej\u00e9 el cine y me decant\u00e9 por la fotograf\u00eda. Yo me iba a la calle con una camarita chiquita a hacer mis fotos. Trato de contar lo que veo en la vida y lo que mi coraz\u00f3n siente\u00bb, relat\u00f3 la mexicana. <\/p>\n<p class=\"v-p\">Su trabajo ha estado mayormente orientado a fotografiar las comunidades y pueblos aut\u00f3ctonos de M\u00e9xico. A la pregunta sobre esta preferencia, Graciela Iturbide explic\u00f3 que \u00abyo fui a los pueblos originarios para aprender de ellos y me quedaba horas en el sur de M\u00e9xico. All\u00ed aprend\u00ed de su forma de vida y lo represent\u00e9 a trav\u00e9s de la fotograf\u00eda. Lo que yo aprend\u00ed de la cultura de mi pa\u00eds es lo que est\u00e1 reflejado en mi fotograf\u00eda. Mi c\u00e1mara me ayud\u00f3 a conocer mi pa\u00eds y sus pueblos originarios\u00bb, subray\u00f3, emocionada. <\/p>\n<p class=\"v-p\">Tambi\u00e9n explic\u00f3 a los alumnos que es muy importante \u00abtener complicidad\u00bb con la gente que fotograf\u00edas. \u00abQuiero que al hacer fotograf\u00edas sepan lo que estoy haciendo. No uso ni el flash porque respeto a las personas. Para m\u00ed es muy importante que la gente quiera que le haga fotos, y para m\u00ed un no es un no. No insisto. Si hay complicidad no est\u00e1s colonizando con la fotograf\u00eda. La gente a la que le hago fotos no la veo como extra\u00f1os o desconocidos, las veo como mis amigos, mis hermanos\u00bb, afirm\u00f3 la fot\u00f3grafa mexicana.<\/p>\n<p>\u00abSer mujer nunca ha sido un impedimento para m\u00ed\u00bb<\/p>\n<p class=\"v-p\">Aunque tiene 83 a\u00f1os, Graciela Iturbide ama tanto su trabajo que su ilusi\u00f3n \u00abes llegar a M\u00e9xico y revisar mis negativos y fotografiar. Sigo amando mi trabajo. Quiero ir de nuevo a Lanzarote para hacer fotos all\u00ed, un lugar que me impresion\u00f3\u00bb, asegur\u00f3. <\/p>\n<p class=\"v-p\">Iturbide tambi\u00e9n cont\u00f3 a los estudiantes que nunca se ha encontrado impedimentos en su trabajo por el hecho de ser mujer. \u00abMe he dedicado a trabajar en el campo, nunca he tenido ning\u00fan problema por ser mujer y eso lo tengo que admitir. Mi experiencia ha sido maravillosa y plena y eso que soy feminista\u00bb, coment\u00f3. <\/p>\n<p class=\"v-p\">Tambi\u00e9n asegur\u00f3 que son pocas las experiencias tristes que ha tenido que afrontar desde que se dedica a la fotograf\u00eda. \u00abYo he sido inmensamente feliz. Han sido pocos los momentos duros, como aquella vez que fui a Colombia a hacer fotos a los refugiados. Eso me doli\u00f3 mucho porque las miradas de los ni\u00f1os eran muy tristes\u00bb, record\u00f3.<\/p>\n<p>Reporta un error<\/p>\n","protected":false},"excerpt":{"rendered":"Martes, 21 de octubre 2025, 15:28 La Escuela de Arte de Oviedo recibi\u00f3 este martes una visita muy&hellip;\n","protected":false},"author":2,"featured_media":191857,"comment_status":"","ping_status":"","sticky":false,"template":"","format":"standard","meta":{"footnotes":""},"categories":[173],"tags":[229,233,231,230,37549,3250,8342,232,234,146,147,25,24,53571,53572,53573,698,8419,23],"class_list":{"0":"post-191856","1":"post","2":"type-post","3":"status-publish","4":"format-standard","5":"has-post-thumbnail","7":"category-arte-y-diseno","8":"tag-arte","9":"tag-arte-y-diseno","10":"tag-arts","11":"tag-arts-and-design","12":"tag-ayudo","13":"tag-camara","14":"tag-conocer","15":"tag-design","16":"tag-diseno","17":"tag-entertainment","18":"tag-entretenimiento","19":"tag-es","20":"tag-espana","21":"tag-graciela","22":"tag-iturbide","23":"tag-originarios","24":"tag-pais","25":"tag-pueblos","26":"tag-spain"},"share_on_mastodon":{"url":"https:\/\/pubeurope.com\/@es\/115412966128658833","error":""},"_links":{"self":[{"href":"https:\/\/www.europesays.com\/es\/wp-json\/wp\/v2\/posts\/191856","targetHints":{"allow":["GET"]}}],"collection":[{"href":"https:\/\/www.europesays.com\/es\/wp-json\/wp\/v2\/posts"}],"about":[{"href":"https:\/\/www.europesays.com\/es\/wp-json\/wp\/v2\/types\/post"}],"author":[{"embeddable":true,"href":"https:\/\/www.europesays.com\/es\/wp-json\/wp\/v2\/users\/2"}],"replies":[{"embeddable":true,"href":"https:\/\/www.europesays.com\/es\/wp-json\/wp\/v2\/comments?post=191856"}],"version-history":[{"count":0,"href":"https:\/\/www.europesays.com\/es\/wp-json\/wp\/v2\/posts\/191856\/revisions"}],"wp:featuredmedia":[{"embeddable":true,"href":"https:\/\/www.europesays.com\/es\/wp-json\/wp\/v2\/media\/191857"}],"wp:attachment":[{"href":"https:\/\/www.europesays.com\/es\/wp-json\/wp\/v2\/media?parent=191856"}],"wp:term":[{"taxonomy":"category","embeddable":true,"href":"https:\/\/www.europesays.com\/es\/wp-json\/wp\/v2\/categories?post=191856"},{"taxonomy":"post_tag","embeddable":true,"href":"https:\/\/www.europesays.com\/es\/wp-json\/wp\/v2\/tags?post=191856"}],"curies":[{"name":"wp","href":"https:\/\/api.w.org\/{rel}","templated":true}]}}