{"id":191858,"date":"2025-10-21T15:54:10","date_gmt":"2025-10-21T15:54:10","guid":{"rendered":"https:\/\/www.europesays.com\/es\/191858\/"},"modified":"2025-10-21T15:54:10","modified_gmt":"2025-10-21T15:54:10","slug":"ya-estan-los-siete-libros-finalistas","status":"publish","type":"post","link":"https:\/\/www.europesays.com\/es\/191858\/","title":{"rendered":"ya est\u00e1n los siete libros finalistas"},"content":{"rendered":"<p>Al fin llega una noticia muy esperada, aguardado por los <strong><a href=\"https:\/\/www.clarin.com\/cultura\/participacion-record-premio-clarin-novela-llegaron-1284-manuscritos_0_B1cMkh9Jbr.html\" target=\"_blank\" title=\"1284 escritores \" alt=\"1284 escritores \" rel=\"nofollow noopener\">1284 escritores <\/a>y escritoras que este a\u00f1o mandaron sus originales al <a href=\"https:\/\/www.clarin.com\/tema\/premio-clarin-novela.html\" target=\"_blank\" title=\"Premio Clar\u00edn Novela\" alt=\"Premio Clar\u00edn Novela\" rel=\"nofollow noopener\">Premio Clar\u00edn Novela<\/a> <\/strong>desde distintos pa\u00edses de habla hispana, entre ellos<strong> M\u00e9xico, Espa\u00f1a, Colombia, Venezuela, Chile, Uruguay, Per\u00fa<\/strong>, adem\u00e1s de las distintas provincias argentinas. La primicia no devela cu\u00e1l es la <a href=\"https:\/\/www.clarin.com\/revista-n\/premio-clarin-novela-espesor-hipnotico_0_XKuV1quXKn.html\" target=\"_blank\" title=\"novela ganadora\" alt=\"novela ganadora\" rel=\"nofollow noopener\">novela ganadora<\/a>, algo que, como se sabe, reci\u00e9n <strong>se conocer\u00e1 el 6 de noviembre<\/strong>, en la tradicional fiesta de premiaci\u00f3n, luego de la deliberaci\u00f3n del Jurado de Honor que este a\u00f1o integran el escritor espa\u00f1ol <strong><a href=\"https:\/\/www.clarin.com\/cultura\/javier-cercas-suma-mariana-enriquez-alberto-fuguet-jurado-premio-clarin-novela-2025_0_7qaRyCcDG0.html\" target=\"_blank\" title=\"Javier Cercas, la escritora argentina Mariana Enr\u00edquez y el chileno Alberto Fuguet\" alt=\"Javier Cercas, la escritora argentina Mariana Enr\u00edquez y el chileno Alberto Fuguet\" rel=\"nofollow noopener\">Javier Cercas, la escritora argentina Mariana Enr\u00edquez y el chileno Alberto Fuguet<\/a>.<\/strong><\/p>\n<p><img fetchpriority=\"high\" alt=\"Javier Cercas se suma a Mariana Enriquez y Alberto Fuguet, para el jurado del Premio Clar\u00edn Novela 2025. Fotos: archivo Clar\u00edn.\" loading=\"eager\" width=\"720\" height=\"480\" decoding=\"async\" data-nimg=\"1\" style=\"color:transparent\" src=\"https:\/\/www.europesays.com\/es\/wp-content\/uploads\/2025\/08\/cjH2KVNLI_720x0__1.jpg\"\/>Javier Cercas se suma a Mariana Enriquez y Alberto Fuguet, para el jurado del Premio Clar\u00edn Novela 2025. Fotos: archivo Clar\u00edn.<\/p>\n<p>La gran revelaci\u00f3n del momento es que <strong>ya se ha definido la lista corta<\/strong>, que establece cu\u00e1les son los t\u00edtulos que siguen en carrera, una vez terminada la larga etapa de lectura y selecci\u00f3n de las 1284 novelas arribadas al concurso.<\/p>\n<p>Tarea delicada y exigente, por cierto, a cargo del<strong> jurado de preselecci\u00f3n<\/strong>, que este a\u00f1o trabaj\u00f3 junto a <strong>diecisiete lectores del campo literario y editorial<\/strong>. Una tarea apasionante, por momentos tit\u00e1nica, dada la gran cantidad de originales recibidos.<\/p>\n<p>La lista<\/p>\n<p>Las finalistas de esta <strong>28\u00aa edici\u00f3n del Premio Clar\u00edn Novela<\/strong>, entre las que se eligir\u00e1 la novela ganadora, son:<\/p>\n<ul>\n<li>Negrura,\u00a0seud\u00f3nimo: Manuel Blondy<\/li>\n<\/ul>\n<ul>\n<li>Criatura nacional,\u00a0seud\u00f3nimo: Didi Hirsch<\/li>\n<\/ul>\n<ul>\n<li>Todo lo que hered\u00e9 sin querer,\u00a0seud\u00f3nimo: Clarice Plath<\/li>\n<\/ul>\n<ul>\n<li>Cuaderno ingl\u00e9s, seud\u00f3nimo: Garp<\/li>\n<\/ul>\n<ul>\n<li>Las dos orillas, seud\u00f3nimo: Sorel<\/li>\n<\/ul>\n<ul>\n<li>La sombra de los \u00e1rboles ajenos, seud\u00f3nimo: Freyja<\/li>\n<\/ul>\n<p>Con sus identidades ocultas bajo<strong> riguroso seud\u00f3nimo<\/strong>, reci\u00e9n se conocer\u00e1 el nombre del ganador cuando Mariana Enr\u00edquez, Javier Cercas y Alberto Fuguet lo anuncien en noviembre, en la fiesta de premiaci\u00f3n. En esta 28\u00aa edici\u00f3n, que cuenta con el<strong> auspicio de la Ciudad de Buenos Aires,<\/strong> el autor o autora de la novela premiada <strong>recibir\u00e1 10 millones de pesos <\/strong>adem\u00e1s de la publicaci\u00f3n bajo el sello Clar\u00edn \u2013 Alfaguara.<\/p>\n<p>Recorrido por las siete novelas<\/p>\n<p>En esta 28\u00aa edici\u00f3n del premio <strong>hubo temas recurrentes<\/strong> en varias de las novelas le\u00eddas en la etapa de selecci\u00f3n, que se encuentran presentes en las que resultaron finalistas.<\/p>\n<p><strong>Las migraciones y exilios atraviesan, de distintas maneras, muchos de los relatos<\/strong>. En una de las novelas que integran la lista corta, el regreso a desgano desde una ciudad europea a esta tierra sin promesas suma un nuevo punto de vista a las narrativas de la memoria. Las heridas que no terminan de cerrarse, los rencores, las cuentas no saldadas de los padres militantes, los secretos que alcanzan de diversas maneras a la generaci\u00f3n de los hijos se entretejen de manera admirable en esta historia relatada con una voz arrasadora y punzante.<\/p>\n<p>Bajo una est\u00e9tica m\u00e1s rupturista y alucinada,<strong> otra de las novelas vuelve a esa \u00e9poca oscura de nuestra historia reciente para imaginar voces que persisten<\/strong> en la cabeza de los represores tanto como insiste la b\u00fasqueda de la verdad en los familiares de desaparecidos. El realismo pol\u00edtico se combina con un registro entre grotesco y on\u00edrico, a la vez que distintos discursos sociales \u2013el televisivo, la jerga militar, los discursos crispados de derecha\u2013 se cruzan con las dudas y preguntas de los j\u00f3venes que todav\u00eda ignoran su verdadera identidad. El tema vuelve \u2013c\u00f3mo no habr\u00eda de volver, podemos preguntarnos\u2013 pero las voces, las miradas, las po\u00e9ticas son nuevas y originales.<\/p>\n<p>Lejos de la coyuntura argentina, otra de las finalistas<strong> pone bajo la lupa la vida de un hombre com\u00fan que escribe para registrar su soledad en medio de una ciudad y una lengua ajenas<\/strong>. Con la lectura como \u00fanica pasi\u00f3n, el narrador y protagonista de esta novela detalla los hechos nimios de su vida cotidiana, sus rutinas y movimientos para lograr el sustento, con un m\u00ednimo de intercambios sociales. La escasez de recursos, la modestia de sus aspiraciones, su sensibilidad ante el sufrimiento ajeno, recuerdan, por momentos, a la pel\u00edcula Perfect days de Wim Wenders. Un texto minimalista de impecable estructura, en el que resuenan las claves contempor\u00e1neas del aislamiento y el desarraigo.<\/p>\n<p><img alt=\"Roberto Chuit Roganovich es el \u00faltimo ganador del Premio Clar\u00edn Novela. Foto: Mart\u00edn Bonetto-\" loading=\"eager\" width=\"720\" height=\"480\" decoding=\"async\" data-nimg=\"1\" style=\"color:transparent\" src=\"https:\/\/www.europesays.com\/es\/wp-content\/uploads\/2025\/10\/sPZ5i0qmd_720x0__1.jpg\"\/>Roberto Chuit Roganovich es el \u00faltimo ganador del Premio Clar\u00edn Novela. Foto: Mart\u00edn Bonetto-<\/p>\n<p>Si hay una recurrencia en varias de las novelas, es <strong>la presencia de las figuras del escritor o la escritora,<\/strong> que aluden a su oficio como destino o como una vocaci\u00f3n que se descubre a lo largo de un nebuloso recorrido.<\/p>\n<p>En una de estas ficciones,<strong> la literatura misma se convierte en tema<\/strong>, el oficio de escritor y la feria de vanidades que a veces lo rodea aparece representada en una trama que, virando imperceptiblemente hacia lo fant\u00e1stico, se anima a recorrer asuntos tanto borgianos como airanos, para regocijo de quien lee.<\/p>\n<p>Con un tono y una po\u00e9tica muy diferentes, <strong>otra de las finalistas sigue el recorrido vital de un joven escritor,<\/strong> que logra desarrollarse pese a los obst\u00e1culos de su entorno social y familiar, entre ellos, la presencia de un padre violento y el azote de un hermano conflictivo. Como sabemos, los temas no son nuevos sino la forma que se elige para narrarlos, como ocurre en el caso de esta novela que construye un dispositivo de distanciamiento simple y eficaz.<\/p>\n<p>En algunos relatos, <strong>la forma lo es todo o casi todo<\/strong>. Esto podr\u00eda aplicarse a varias de las novelas finalistas, aunque muy espec\u00edficamente, a una todav\u00eda no aludida, en la que <strong>dos historias se desarrollan de manera paralela hasta que en un punto empiezan a manifestarse sus relaciones<\/strong>, sabiamente diferidas. En un registro que oscila entre el fant\u00e1stico y el realismo, con el tema de las sectas y su terrible influencia sobre las personas como eje central, dos hilos, dos paisajes, dos modos de narrar logran finalmente enhebrarse con maestr\u00eda.<\/p>\n<p>El<strong> relato de g\u00e9nero<\/strong> tiene tambi\u00e9n su representante en esta lista corta, se trata de una novela atrapante, de <strong>mucho suspenso, que cruza elementos del policial con la vertiente del fant\u00e1stico y el g\u00e9nero de terror.<\/strong> Un adolescente en peligro es el protagonista y todo sucede en un entorno perif\u00e9rico y provinciano, de escala barrial, donde imperan distintas creencias populares que dan aliento a la presencia de lo sobrenatural dentro del relato.<\/p>\n<p><strong>Las siete son novelas apasionantes,<\/strong> que se leen con asombro, ganas, admiraci\u00f3n y enorme placer. Cu\u00e1l de ellas ser\u00e1 la ganadora es la gran decisi\u00f3n que queda a cargo del Jurado de Honor, aunque desde ya, uno desear\u00eda que todas ellas fueran publicadas y le\u00eddas por muchos lectores.<\/p>\n<p><img alt=\"Luciano Lamberti gan\u00f3 el Premios Clar\u00edn Novela 2023. Foto Juano Tesone.\" loading=\"eager\" width=\"720\" height=\"480\" decoding=\"async\" data-nimg=\"1\" style=\"color:transparent\" src=\"https:\/\/www.europesays.com\/es\/wp-content\/uploads\/2025\/10\/ryZMqfRO8_720x0__1.jpg\"\/>Luciano Lamberti gan\u00f3 el Premios Clar\u00edn Novela 2023. Foto Juano Tesone.<\/p>\n<p>Estas siete novelas ser\u00e1n le\u00eddas por los enormes escritores que ofician como jurados este a\u00f1o. El espa\u00f1ol <strong>Javier Cercas<\/strong> \u2013autor de Soldados de Salamina, entre otras, y la reciente El loco de dios en el fin del mundo, novela de no ficci\u00f3n, inspirada en su viaje a Mongolia junto al papa Francisco\u2013 se sum\u00f3 este a\u00f1o, en la estela de una tradici\u00f3n de jurados peninsulares del <strong>Premio Clar\u00edn Novela<\/strong>, que a los largo de los a\u00f1os cont\u00f3 con figuras prestigiosas como J<strong>os\u00e9 Saramago, Rosa Montero, Juan Cruz Ruiz, Almudena Grandes y Juan Mill\u00e1s<\/strong>. La argentina <strong>Mariana Enr\u00edquez<\/strong>, rockstar del terror contempor\u00e1neo y autora de Un lugar soleado para gente sombr\u00eda, Nuestra parte de noche y el reciente Archipi\u00e9lago, entre otros\u2013, quien ahora reside en Tasmania, Australia. Y <strong>Alberto Fuguet<\/strong>, talentoso cinesta y escritor chileno, autor de Ciertos chicos, Sudor, No ficci\u00f3n, entre otras novelas.<\/p>\n<p>Ya falta poco para el momento final.<\/p>\n","protected":false},"excerpt":{"rendered":"Al fin llega una noticia muy esperada, aguardado por los 1284 escritores y escritoras que este a\u00f1o mandaron&hellip;\n","protected":false},"author":2,"featured_media":22953,"comment_status":"","ping_status":"","sticky":false,"template":"","format":"standard","meta":{"footnotes":""},"categories":[172],"tags":[224,146,147,25,24,225,23],"class_list":{"0":"post-191858","1":"post","2":"type-post","3":"status-publish","4":"format-standard","5":"has-post-thumbnail","7":"category-libros","8":"tag-books","9":"tag-entertainment","10":"tag-entretenimiento","11":"tag-es","12":"tag-espana","13":"tag-libros","14":"tag-spain"},"share_on_mastodon":{"url":"https:\/\/pubeurope.com\/@es\/115412970122216628","error":""},"_links":{"self":[{"href":"https:\/\/www.europesays.com\/es\/wp-json\/wp\/v2\/posts\/191858","targetHints":{"allow":["GET"]}}],"collection":[{"href":"https:\/\/www.europesays.com\/es\/wp-json\/wp\/v2\/posts"}],"about":[{"href":"https:\/\/www.europesays.com\/es\/wp-json\/wp\/v2\/types\/post"}],"author":[{"embeddable":true,"href":"https:\/\/www.europesays.com\/es\/wp-json\/wp\/v2\/users\/2"}],"replies":[{"embeddable":true,"href":"https:\/\/www.europesays.com\/es\/wp-json\/wp\/v2\/comments?post=191858"}],"version-history":[{"count":0,"href":"https:\/\/www.europesays.com\/es\/wp-json\/wp\/v2\/posts\/191858\/revisions"}],"wp:featuredmedia":[{"embeddable":true,"href":"https:\/\/www.europesays.com\/es\/wp-json\/wp\/v2\/media\/22953"}],"wp:attachment":[{"href":"https:\/\/www.europesays.com\/es\/wp-json\/wp\/v2\/media?parent=191858"}],"wp:term":[{"taxonomy":"category","embeddable":true,"href":"https:\/\/www.europesays.com\/es\/wp-json\/wp\/v2\/categories?post=191858"},{"taxonomy":"post_tag","embeddable":true,"href":"https:\/\/www.europesays.com\/es\/wp-json\/wp\/v2\/tags?post=191858"}],"curies":[{"name":"wp","href":"https:\/\/api.w.org\/{rel}","templated":true}]}}