{"id":191860,"date":"2025-10-21T15:56:10","date_gmt":"2025-10-21T15:56:10","guid":{"rendered":"https:\/\/www.europesays.com\/es\/191860\/"},"modified":"2025-10-21T15:56:10","modified_gmt":"2025-10-21T15:56:10","slug":"ruben-pozo-musico-cuando-me-hospitalizaron-pense-que-me-encontraria-con-antonio-vega-cultura","status":"publish","type":"post","link":"https:\/\/www.europesays.com\/es\/191860\/","title":{"rendered":"Rub\u00e9n Pozo, m\u00fasico: \u201cCuando me hospitalizaron, pens\u00e9 que me encontrar\u00eda con Antonio Vega\u201d | Cultura"},"content":{"rendered":"<p class=\"\">Espera en el bar con su look habitual de rockero de garito. <a href=\"https:\/\/elpais.com\/noticias\/ruben-pozo-prats\/\" target=\"_self\" rel=\"nofollow noopener\" title=\"https:\/\/elpais.com\/noticias\/ruben-pozo-prats\/\">Rub\u00e9n Pozo<\/a> (Barcelona, 50 a\u00f1os) publica nuevo disco, 50town, donde vuelve a dignificar el oficio de hacer canciones con guitarra. Le espera <a href=\"\" rel=\"\" title=\"\">una larga gira con banda que le llevar\u00e1 a recorrer muchas ciudades<\/a> para defender la que llama su \u201cobra maestra crepuscular\u201d. La obra de un m\u00fasico \u201ccincuent\u00f3n\u201d, recuerda entre risas. <\/p>\n<p class=\"\"><b>Pregunta. <\/b>\u00bfPesan los 50? <\/p>\n<p class=\"\"><b>Respuesta. <\/b>A m\u00ed no me pesan. Yo soy feliz de cumplir a\u00f1os. Ha llegado un momento que digo: \u00abPa\u2019 adelante con todo\u00bb. Cuando empec\u00e9 a componer para este disco, s\u00ed que es verdad que not\u00e9 cierta crisis de los cincuenta. Pensaba que me iba a convertir en un cincuent\u00f3n. Qu\u00e9 palo. Pero, luego, me hizo gracia. Siempre pienso que tengo un alma de anciano desde que era adolescente, as\u00ed que sin problema. <\/p>\n<p class=\"\"><b>P.<\/b> \u00bfPor qu\u00e9 alma de anciano?<\/p>\n<p class=\"\"><b>R.<\/b> Porque ya entonces pensaba en los marrones que me quedaban por pasar, la de cosas chungas que ten\u00eda que vivir. Quer\u00eda ser anciano para haberlos pasado (risas). Lo cierto es que ya me he quitado la crisis de los cincuenta. Porque, si la tuviera como un buen cincuent\u00f3n, habr\u00eda abandonado a mi familia, me habr\u00eda ido con una rubia 20 a\u00f1os menor y me habr\u00eda comprado un Lamborghini. Pero a m\u00ed no me gustan ni las rubias recalcitradas ni los Lamborghinis y, por eso, me he hecho un disco. <\/p>\n<p class=\"\"><b>P.<\/b> \u00bfEl rock\u2018n\u2019roll sigue siendo igual de importante a los 50 que a los 20?<\/p>\n<p class=\"\"><b>R. <\/b>Yo creo que s\u00ed, t\u00edo. Tampoco he sido un heroin\u00f3mano. El rock\u2019n\u2019roll al principio uno lo relaciona con el desmadre, pero es otra cosa. El rock\u2019n\u2019roll es una fuerza de vida, una forma de estar dentro de tu piel. Tampoco soy un tipo que tenga esta palabra todo el rato en la boca. Soy un tipo que hace canciones y punto.<\/p>\n<p class=\"\"><b>P.<\/b> \u00bfY vive con la misma ilusi\u00f3n de hacer canciones?<\/p>\n<p class=\"\"><b>R.<\/b> Vivo con la ilusi\u00f3n de que vivo de la m\u00fasica. Que no es poco. <\/p>\n<p class=\"\"><b>P.<\/b> \u00bfQu\u00e9 ha aprendido en todo este tiempo?<\/p>\n<p class=\"\"><b>R. <\/b>Lo que s\u00e9 desde el principio es que todo empieza en una canci\u00f3n. Es el eslab\u00f3n primero. Eso que alguien escucha sin saber tu nombre ni haberte visto. Una cosa que suena por ah\u00ed y llega a alguien. Creo que no he aprendido nada m\u00e1s que a saber que todo empieza en la canci\u00f3n (risas). <\/p>\n<p class=\"\"><b>P.<\/b> \u00bfNada m\u00e1s?<\/p>\n<p class=\"\"><b>R. <\/b>Con los cincuenta que tengo lo \u00fanico que tengo son marrones que me cago en todo\u2026 No he aprendido nada. Y qu\u00e9 lejos veo la senectud en la que todo te resbala.<\/p>\n<p class=\"\"><b>P<\/b>. Entre el anterior disco, Vampiro (2023), y 50town, ha sufrido vaivenes importantes como la muerte de su padre. <\/p>\n<p class=\"\"><b>R.<\/b> S\u00ed, no contaba con ello. Tampoco mi propio padre. Adem\u00e1s, yo no me enteraba en su d\u00eda. Estaba en coma con \u00e9l en el hospital y pensaba que se iba a despertar. Por eso creo que lo que tengas que decir o hacer, dilo o hazlo ya, porque un d\u00eda te puede caer un piano por la calle y ya no est\u00e1s, aunque sin caer en eso del carpe diem loco. Tampoco hay que fliparse. Porque si hago carpe diem me muero antes (risas). <\/p>\n<p class=\"\"><b>P.<\/b> Entre disco y disco, tambi\u00e9n <a href=\"https:\/\/elpais.com\/cultura\/2022-06-19\/ruben-pozo-aprender-a-vivir-cuando-el-colchon-de-pereza-se-ha-agotado.html\" target=\"_self\" rel=\"nofollow noopener\" title=\"https:\/\/elpais.com\/cultura\/2022-06-19\/ruben-pozo-aprender-a-vivir-cuando-el-colchon-de-pereza-se-ha-agotado.html\">estuvo ingresado en diciembre de 2023.<\/a><\/p>\n<p class=\"\"><b>R.<\/b> Me dio una cosa pulmonar que nadie sab\u00eda lo que era. Ten\u00eda 40 de fiebre y no bajaba. Lo \u00fanico que yo ve\u00eda era m\u00e9dicos a mi alrededor que me preguntaban cosas rar\u00edsimas: si me hab\u00eda ido a alg\u00fan pa\u00eds extra\u00f1o, o subido a alg\u00fan \u00e1rbol\u2026 No hab\u00eda hecho nada. <\/p>\n<p class=\"\"><b>P.<\/b> \u00bfNo dieron con lo que le pas\u00f3?<\/p>\n<p class=\"\"><b>R.<\/b> Algo pulmonar, pero ni idea. Adem\u00e1s, pill\u00e9 la covid y se complic\u00f3 todo mucho. Cre\u00eda que me mor\u00eda porque no paraba de ver m\u00e9dicos. Adem\u00e1s, se hac\u00edan los tranquilos, como que no pasaba nada, y eso acojona m\u00e1s. Nunca hab\u00eda estado en un hospital. De hecho, me escap\u00e9 del hospital para <a href=\"https:\/\/elpais.com\/cultura\/2023-12-20\/leiva-y-ruben-reviven-a-pereza-en-un-hermoso-canto-a-la-amistad-ante-15000-personas.html\" target=\"_self\" rel=\"nofollow noopener\" title=\"https:\/\/elpais.com\/cultura\/2023-12-20\/leiva-y-ruben-reviven-a-pereza-en-un-hermoso-canto-a-la-amistad-ante-15000-personas.html\">irme a tocar en los conciertos de Leiva<\/a>. Les dije a los m\u00e9dicos: \u201cDadme dos d\u00edas y regreso\u201d. Y ellos me dijeron al regresar: \u201cNo est\u00e1s entendiendo nada. Est\u00e1s fatal\u201d. Y pens\u00e9 que ya me mor\u00eda. <\/p>\n<p><img decoding=\"auto\" class=\"_re lazyload a_m-h\" height=\"277\"  width=\"414\"  src=\"https:\/\/www.europesays.com\/es\/wp-content\/uploads\/2025\/10\/PIIBVVDRERHY7JGO363QGMD5B4.jpg\" loading=\"lazy\"\/>Rub\u00e9n Pozo, fotografiado en Costello Mercado, en Madrid. Claudio \u00c1lvarez<\/p>\n<p class=\"\"><b>P. <\/b>\u00bfLleg\u00f3 a ver a Elvis, como dijo <a href=\"https:\/\/elpais.com\/noticias\/bob-dylan\/\" target=\"_self\" rel=\"nofollow noopener\" title=\"https:\/\/elpais.com\/noticias\/bob-dylan\/\">Bob Dylan<\/a>, cuando tambi\u00e9n fue ingresado en los noventa y lo pas\u00f3 muy mal?<\/p>\n<p class=\"\"><b>R. <\/b>Yo pens\u00e9 que me encontrar\u00eda con <a href=\"https:\/\/elpais.com\/noticias\/antonio-vega\/\" target=\"_self\" rel=\"nofollow noopener\" title=\"https:\/\/elpais.com\/noticias\/antonio-vega\/\">Antonio Vega<\/a>. No s\u00e9, debe ser que en el rock, cuando te acercas a los cincuenta, te da un zapatazo para ponerte en tu sitio. <\/p>\n<p class=\"\"><b>P.<\/b> A Dylan le vino bien porque renaci\u00f3 musicalmente y entr\u00f3 en una etapa muy creativa. <\/p>\n<p class=\"\"><b>R.<\/b> Menudo cabr\u00f3n. Ya te digo. Su \u00faltimo disco, <a href=\"https:\/\/elpais.com\/cultura\/2020-06-20\/bob-dylan-compone-sus-hojas-de-hierba.html\" target=\"_self\" rel=\"nofollow noopener\" title=\"https:\/\/elpais.com\/cultura\/2020-06-20\/bob-dylan-compone-sus-hojas-de-hierba.html\">Rough and Rowdy Ways<\/a>, es una pasada. Y con 80 palos. <\/p>\n<p class=\"\"><b>P. <\/b>\u00bfSe compone igual a los cincuenta que a los 20?<\/p>\n<p class=\"\"><b>R. <\/b>No. Ni de co\u00f1a, t\u00edo. No tienes una relaci\u00f3n con alguien cada seis meses. <b> <\/b><\/p>\n<p class=\"\"><b>P.<\/b> \u00bfLe molesta que le sigan viendo como el otro de <a href=\"https:\/\/elpais.com\/noticias\/pereza\/1\/\" target=\"_self\" rel=\"nofollow noopener\" title=\"https:\/\/elpais.com\/noticias\/pereza\/1\/\">Pereza<\/a> o le recuerden ese pasado?<\/p>\n<p class=\"\"><b>R.<\/b> No, porque estoy muy feliz con mi pasado. Estuve en una banda muy mega y funcion\u00f3 muy bien. Antes de Pereza estuve en <a href=\"https:\/\/elpais.com\/cultura\/2022-10-16\/buenas-noches-rose-la-historia-del-mejor-grupo-espanol-de-los-noventa-que-nunca-lo-fue.html\" target=\"_self\" rel=\"nofollow noopener\" title=\"https:\/\/elpais.com\/cultura\/2022-10-16\/buenas-noches-rose-la-historia-del-mejor-grupo-espanol-de-los-noventa-que-nunca-lo-fue.html\">una banda llamada Buenas Noches Rose<\/a>. No lleg\u00f3 a explotar, pero tuvo ese poso underground. Era una banda de colegas del instituto y me part\u00eda el culo con ellos. Lo que quiero decir es que todo ha sido guay. No puedo decir nada m\u00e1s que bien y, adem\u00e1s, Leiva es colega. Quiz\u00e1 s\u00ed hubo momentos en que me molest\u00f3 m\u00e1s, pero porque yo sacaba un disco y al final lo que ve\u00eda era un titular de algo con Leiva. Es como si a ti \u2014se refiere a este redactor\u2014, despu\u00e9s de que publiques tres libros m\u00e1s a partir de este a\u00f1o, te sigan preguntando <a href=\"https:\/\/elpais.com\/eps\/2024-03-31\/supersubmarina-la-historia-jamas-contada.html\" target=\"_self\" rel=\"nofollow noopener\" title=\"https:\/\/elpais.com\/eps\/2024-03-31\/supersubmarina-la-historia-jamas-contada.html\">por tu libro de Supersubmarina<\/a>. Dir\u00edas, joder, est\u00e1 bien que te acuerdes de ese libro que fue importante para m\u00ed, pero, t\u00edo, este libro de ahora tambi\u00e9n me lo he currado y es valioso. <\/p>\n<p class=\"\"><b>P. <\/b>A estas alturas, \u00bfse ve como un superviviente?<\/p>\n<p class=\"\"><b>R. <\/b>S\u00ed, claro. Lo que he querido siempre es estar encima de un escenario y aqu\u00ed estoy. Espero aguantar como Dylan, llegar a los 90 y tocar en la feria de ganado de Arkansas. Y, si se puede, morir encima del escenario. Y ah\u00ed, \u00a1s\u00ed que ser\u00eda portada! Nada de contraportadas (risas). El peri\u00f3dico titular\u00eda: \u201cMuri\u00f3 encima del escenario\u201d. Por lo menos, ah\u00ed me la dar\u00e9is, cabrones (risas).<\/p>\n<p class=\"\"><b>P. <\/b>Puesto a elegir, \u00bfalg\u00fan escenario en la cabeza donde morir?<\/p>\n<p class=\"\"><b>R. <\/b>Me da igual. No hay escenario menor. Me cuadro igual en todos y toda la gente que viene es igual de importante. <\/p>\n<p class=\"\"><b>P. <\/b>Dec\u00eda <a href=\"\" rel=\"\" title=\"\">Bruce Springsteen<\/a> que es la misma responsabilidad tocar para una sola persona que para 20.000. <\/p>\n<p class=\"\"><b>R. <\/b>Absolutamente. Springsteen est\u00e1 ah\u00ed, donde est\u00e1, porque cuando tocaba para 17 tambi\u00e9n tocaba tres horas y media. Y esa pe\u00f1a ya dec\u00eda: \u201cOstras, qu\u00e9 menda\u201d. Tocar para pocos es m\u00e1s dif\u00edcil que para la masa. Diecisiete personas son diecisiete caras que ves y sabes lo que est\u00e1n pensando cada una. La masa es masa y sin cara. <\/p>\n<p class=\"\"><b>P.<\/b> \u00bfAlg\u00fan consejo para un m\u00fasico que empieza?<\/p>\n<p class=\"\"><b>R. <\/b>Una vez le\u00ed una entrevista a <a href=\"\" rel=\"\" title=\"\">Keith Richards <\/a>que dec\u00eda: \u201cNunca hagas caso de un consejo\u201d. Y lo creo ahora m\u00e1s que nunca. Uno tiene que hacer lo que siente que tiene que hacer m\u00e1s all\u00e1 de los consejos de los dem\u00e1s. <\/p>\n","protected":false},"excerpt":{"rendered":"Espera en el bar con su look habitual de rockero de garito. Rub\u00e9n Pozo (Barcelona, 50 a\u00f1os) publica&hellip;\n","protected":false},"author":2,"featured_media":191861,"comment_status":"","ping_status":"","sticky":false,"template":"","format":"standard","meta":{"footnotes":""},"categories":[170],"tags":[10312,53574,208,209,20062,146,147,25,24,21851,184,185,49723,1273,53135,23],"class_list":{"0":"post-191860","1":"post","2":"type-post","3":"status-publish","4":"format-standard","5":"has-post-thumbnail","7":"category-musica","8":"tag-actuaciones-musicales","9":"tag-antonio-vega","10":"tag-conciertos","11":"tag-cultura","12":"tag-discos-musica","13":"tag-entertainment","14":"tag-entretenimiento","15":"tag-es","16":"tag-espana","17":"tag-leiva","18":"tag-music","19":"tag-musica","20":"tag-pereza","21":"tag-rock","22":"tag-ruben-pozo","23":"tag-spain"},"share_on_mastodon":{"url":"https:\/\/pubeurope.com\/@es\/115412977952790747","error":""},"_links":{"self":[{"href":"https:\/\/www.europesays.com\/es\/wp-json\/wp\/v2\/posts\/191860","targetHints":{"allow":["GET"]}}],"collection":[{"href":"https:\/\/www.europesays.com\/es\/wp-json\/wp\/v2\/posts"}],"about":[{"href":"https:\/\/www.europesays.com\/es\/wp-json\/wp\/v2\/types\/post"}],"author":[{"embeddable":true,"href":"https:\/\/www.europesays.com\/es\/wp-json\/wp\/v2\/users\/2"}],"replies":[{"embeddable":true,"href":"https:\/\/www.europesays.com\/es\/wp-json\/wp\/v2\/comments?post=191860"}],"version-history":[{"count":0,"href":"https:\/\/www.europesays.com\/es\/wp-json\/wp\/v2\/posts\/191860\/revisions"}],"wp:featuredmedia":[{"embeddable":true,"href":"https:\/\/www.europesays.com\/es\/wp-json\/wp\/v2\/media\/191861"}],"wp:attachment":[{"href":"https:\/\/www.europesays.com\/es\/wp-json\/wp\/v2\/media?parent=191860"}],"wp:term":[{"taxonomy":"category","embeddable":true,"href":"https:\/\/www.europesays.com\/es\/wp-json\/wp\/v2\/categories?post=191860"},{"taxonomy":"post_tag","embeddable":true,"href":"https:\/\/www.europesays.com\/es\/wp-json\/wp\/v2\/tags?post=191860"}],"curies":[{"name":"wp","href":"https:\/\/api.w.org\/{rel}","templated":true}]}}