{"id":191873,"date":"2025-10-21T16:11:08","date_gmt":"2025-10-21T16:11:08","guid":{"rendered":"https:\/\/www.europesays.com\/es\/191873\/"},"modified":"2025-10-21T16:11:08","modified_gmt":"2025-10-21T16:11:08","slug":"nicolas-sarkozy-entra-en-la-carcel-para-cumplir-su-condena-de-5-anos-a-la-espera-de-su-recurso","status":"publish","type":"post","link":"https:\/\/www.europesays.com\/es\/191873\/","title":{"rendered":"Nicolas Sarkozy entra en la c\u00e1rcel para cumplir su condena de 5 a\u00f1os, a la espera de su recurso"},"content":{"rendered":"<p>El expresidente franc\u00e9s, Nicolas Sarkozy, se ha convertido en <strong>el primer jefe de Estado de la historia de la Uni\u00f3n Europea en ser encarcelado<\/strong>. El exmandatario, de 70 a\u00f1os de edad, ha ingresado este martes por la ma\u00f1ana en la prisi\u00f3n parisina de La Sant\u00e9 para cumplir su condena de cinco a\u00f1os por <a href=\"https:\/\/es.euronews.com\/2018\/03\/20\/el-escandalo-de-financiacion-gadafi-sarkozy-explicado\" rel=\"nofollow noopener\" target=\"_blank\">tratar de financiar su campa\u00f1a electoral de 2007 con dinero de la dictadura libia de Muammar Gadafi<\/a>, asesinado en 2011.<\/p>\n<p>Sarkozy ha abandonado su domicilio parisino a las 09:15 de la mano de Carla Bruni, su medi\u00e1tica pareja. El expresidente, cuyo padre pertenec\u00eda a la aristocracia h\u00fagara exiliada tras el triunfo de la revoluci\u00f3n rusa, ha ingresado en un veh\u00edculo policial que le ha llevado directamente a la \u00fanica c\u00e1rcel de Par\u00eds, <strong>La Sant\u00e9<\/strong>, de m\u00e1xima seguridad. <a href=\"https:\/\/es.euronews.com\/2025\/10\/21\/el-expresidente-sarkozy-se-dispone-a-entrar-en-prision-asi-sera-su-vida-entre-rejas\" rel=\"nofollow noopener\" target=\"_blank\">All\u00ed ser\u00e1 recluido en r\u00e9gimen de aislamiento y sin entablar contacto con otros presos<\/a>. <\/p>\n<p><strong>Cientos de simpatizantes se congregaron cerca de la residencia de los Sarkozy<\/strong>, situada en el distrito 16 -hist\u00f3ricamente poblado por la alta sociedad parisina- despu\u00e9s de que los hijos del expresidente convocaran una concentraci\u00f3n en solidaridad por su padre. La multitud ha ondeado banderas francesas entre varias muestras de emoci\u00f3n.<\/p>\n<p>\u00abNo es justo enviarle a la c\u00e1rcel\u00bb, ha dicho una mujer que enarbolaba una bandera nacional. \u00abEs completamente absurdo. Hab\u00eda otras opciones, como una pulsera electr\u00f3nica o trabajos comunitarios. Esto es solo para humillarle, <strong>para humillar a Francia<\/strong>\u00ab, ha declarado ante &#8216;Euronews&#8217;. Un simpatizante de edad avanzada se hizo eco de sus palabras: \u00abLo que ha hecho no merece la c\u00e1rcel. Es totalmente abominable\u00bb. <\/p>\n<p>Otra mujer, que sosten\u00eda un cartel en el que se le\u00eda \u00abEstamos contigo, Nicolas&#8217;, ha dicho sentirse \u00abavergonzada\u00bb, a\u00f1adiendo que Francia parece \u00ab<strong>un pa\u00eds en v\u00edas de desarrollo<\/strong>\u00bb por encarcelar a un ex jefe de Estado. Un hombre joven describi\u00f3 una \u00abprofunda tristeza por alguien que dirigi\u00f3 nuestra naci\u00f3n durante cinco a\u00f1os. Este castigo me parece muy duro\u00bb. <\/p>\n<p><strong>No todos los asistentes se han mostrado tan comprensivos<\/strong>. En un momento dado, un manifestante solitario grit\u00f3 \u00ab\u00a1Sarkozy a la c\u00e1rcel!\u00bb antes de ser silenciado con abucheos y por peticiones de que se marchase.<\/p>\n<p>Sarkozy podr\u00eda quedar en libertad antes de Navidad si prospera su recurso judical<\/p>\n<p>El encarcelamiento de Sarkozy marca un momento sin precedentes en la historia pol\u00edtica francesa. El expresidente ha recurrido su condena, as\u00ed como el organismo de la Fiscal\u00eda que vigila los delitos econ\u00f3micos. <strong>Sarkozy solo pod\u00eda solicitar su puesta en libertad tras ingresar oficialmente en prisi\u00f3n<\/strong>, lo cual han hecho sus abogados este martes de inmediato.<\/p>\n<p>Seg\u00fan la ley, <strong>los jueces tienen hasta dos meses para decidir si el recurso prospera<\/strong>, es decir, hasta el 21 de diciembre. Si, en cambio, el tribunal mantiene su detenci\u00f3n, el exmandatario tendr\u00e1 derecho a presentar nuevos recursos. Seg\u00fan su equipo jur\u00eddico, Sarkozy permanecer\u00e1 completamente aislado de los dem\u00e1s reclusos <strong>por motivos de seguridad<\/strong>.<\/p>\n<p>\u00abTendr\u00e1 una hora al d\u00eda a solas en un patio cercado\u00bb, ha dicho su abogado, Christophe Ingrain, ante los periodistas. Tambi\u00e9n tendr\u00e1 <strong>acceso a una biblioteca y a una zona de gimnasio<\/strong>, pero solo cuando no haya otros presidiarios presentes. Los funcionarios le llevar\u00e1n la comida directamente. \u00abEl objetivo\u00bb, ha dicho el director de la prisi\u00f3n, S\u00e9bastien Cauwel, durante una entrevista con &#8216;BFMTV&#8217;, \u00abes garantizar <strong>que nunca se cruce con otro detenido<\/strong>\u00ab.<\/p>\n<p><a href=\"https:\/\/es.euronews.com\/2025\/10\/16\/lecornu-sobrevive-a-sus-dos-mociones-de-censura-tras-aplazar-la-reforma-de-las-pensiones\" rel=\"nofollow noopener\" target=\"_blank\">El presidente franc\u00e9s, Emmanuel Macron<\/a>, quien recibi\u00f3 a Sarkozy en el Palacio del El\u00edseo la semana pasada, ha asegurado que es \u00abnormal y humano\u00bb recibir a su predecesor. En declaraciones este martes, <strong>Macron se ha negado a comentar directamente la decisi\u00f3n del tribunal<\/strong>, pero ha reconocido el impacto emocional del momento: \u00abEs comprensible que la imagen de un presidente encarcelado provoque fuertes reacciones\u00bb, ha dicho.<\/p>\n","protected":false},"excerpt":{"rendered":"El expresidente franc\u00e9s, Nicolas Sarkozy, se ha convertido en el primer jefe de Estado de la historia de&hellip;\n","protected":false},"author":2,"featured_media":191874,"comment_status":"","ping_status":"","sticky":false,"template":"","format":"standard","meta":{"footnotes":""},"categories":[42],"tags":[17,18,4280,13,14,11,61,62,63,64,19,20,53576,9,19569,10,15,16,35851,1461,12,21,22,65,66,67],"class_list":{"0":"post-191873","1":"post","2":"type-post","3":"status-publish","4":"format-standard","5":"has-post-thumbnail","7":"category-internacional","8":"tag-breaking-news","9":"tag-breakingnews","10":"tag-carcel","11":"tag-featured-news","12":"tag-featurednews","13":"tag-headlines","14":"tag-internacional","15":"tag-international","16":"tag-international-news","17":"tag-internationalnews","18":"tag-latest-news","19":"tag-latestnews","20":"tag-muanmar-el-gadafi","21":"tag-news","22":"tag-nicolas-sarkozy","23":"tag-noticias","24":"tag-noticias-destacadas","25":"tag-noticiasdestacadas","26":"tag-politica-francesa","27":"tag-presidente","28":"tag-titulares","29":"tag-ultimas-noticias","30":"tag-ultimasnoticias","31":"tag-world","32":"tag-world-news","33":"tag-worldnews"},"share_on_mastodon":{"url":"https:\/\/pubeurope.com\/@es\/115413036985418426","error":""},"_links":{"self":[{"href":"https:\/\/www.europesays.com\/es\/wp-json\/wp\/v2\/posts\/191873","targetHints":{"allow":["GET"]}}],"collection":[{"href":"https:\/\/www.europesays.com\/es\/wp-json\/wp\/v2\/posts"}],"about":[{"href":"https:\/\/www.europesays.com\/es\/wp-json\/wp\/v2\/types\/post"}],"author":[{"embeddable":true,"href":"https:\/\/www.europesays.com\/es\/wp-json\/wp\/v2\/users\/2"}],"replies":[{"embeddable":true,"href":"https:\/\/www.europesays.com\/es\/wp-json\/wp\/v2\/comments?post=191873"}],"version-history":[{"count":0,"href":"https:\/\/www.europesays.com\/es\/wp-json\/wp\/v2\/posts\/191873\/revisions"}],"wp:featuredmedia":[{"embeddable":true,"href":"https:\/\/www.europesays.com\/es\/wp-json\/wp\/v2\/media\/191874"}],"wp:attachment":[{"href":"https:\/\/www.europesays.com\/es\/wp-json\/wp\/v2\/media?parent=191873"}],"wp:term":[{"taxonomy":"category","embeddable":true,"href":"https:\/\/www.europesays.com\/es\/wp-json\/wp\/v2\/categories?post=191873"},{"taxonomy":"post_tag","embeddable":true,"href":"https:\/\/www.europesays.com\/es\/wp-json\/wp\/v2\/tags?post=191873"}],"curies":[{"name":"wp","href":"https:\/\/api.w.org\/{rel}","templated":true}]}}