{"id":191881,"date":"2025-10-21T16:15:08","date_gmt":"2025-10-21T16:15:08","guid":{"rendered":"https:\/\/www.europesays.com\/es\/191881\/"},"modified":"2025-10-21T16:15:08","modified_gmt":"2025-10-21T16:15:08","slug":"la-merida-el-financiero","status":"publish","type":"post","link":"https:\/\/www.europesays.com\/es\/191881\/","title":{"rendered":"La M\u00e9rida \u2013 El Financiero"},"content":{"rendered":"<p class=\"c-paragraph\">La pen\u00ednsula de Yucat\u00e1n es un importante basti\u00f3n de la tauromaquia en M\u00e9xico. El Tratado Trilateral Taurino, conformado por los tres estados peninsulares \u2014Yucat\u00e1n, Quintana Roo y Campeche\u2014, es piedra angular de la trascendencia cultural, religiosa y econ\u00f3mica de la fiesta de los toros en sus distintas versiones dentro de esta regi\u00f3n.<\/p>\n<p class=\"c-paragraph\">En el libro La Fiesta no manifiesta, publicado en 2020 por Tauromaquia Mexicana, se afirma, tras un riguroso estudio de investigaci\u00f3n, que se celebran anualmente 2,162 festejos taurinos en la pen\u00ednsula. Dichos festejos se dividen en seis categor\u00edas: Post\u00edn (tal como conocemos una corrida formal), Festival, Medio Post\u00edn, Baxal Toro, Charlotada y Tradicional.<\/p>\n<p class=\"c-paragraph\">En Yucat\u00e1n se llevan a cabo el 76 % de estos festejos, seguido de Quintana Roo con 18 % y Campeche con 6 %. La afluencia total de p\u00fablico es de 2,040,000 personas: el 81.75 % asiste en Yucat\u00e1n, el 12.75 % en Quintana Roo y el 5.51 % en Campeche. La derrama econ\u00f3mica de la industria taurina peninsular asciende a $407,603,440.00 pesos.<\/p>\n<p class=\"c-paragraph\">Como puede usted comprobar, la fuerza y el peso de esta cultura en esta maravillosa regi\u00f3n de nuestro pa\u00eds tienen una importancia irrefutable. Es el propio pueblo quien, en la mayor\u00eda de los casos, organiza y ejecuta los festejos. Mayor arraigo, imposible.<\/p>\n<p class=\"c-paragraph\">En 2018, por ejemplo, la industria de la tauromaquia gener\u00f3 en la pen\u00ednsula 77,342 empleos directos y 32,484 indirectos.<\/p>\n<p class=\"c-paragraph\">Este pr\u00f3ximo s\u00e1bado 25 de octubre, la Plaza Monumental de M\u00e9rida \u2014la m\u00e1s importante del estado de Yucat\u00e1n\u2014 reabre sus puertas estrenando empresa. Caparica Representaciones ha tomado las riendas del coso en alianza estrat\u00e9gica con personas clave de la fiesta yucateca y en plena colaboraci\u00f3n con la Comisi\u00f3n Taurina local y sus autoridades.<\/p>\n<p class=\"c-paragraph\">Este nuevo comienzo debe tener a la afici\u00f3n yucateca de pl\u00e1cemes. La log\u00edstica de organizar festejos en esta ic\u00f3nica plaza no es sencilla: el primer desaf\u00edo es la distancia respecto a las zonas geogr\u00e1ficas donde se ubican las ganader\u00edas de toros de lidia. La exigente, sensible y conocedora afici\u00f3n meridense demanda un toro muy serio, lo cual representa de por s\u00ed un reto para el empresario en turno. Celebro este esfuerzo, pues la Comisi\u00f3n trabaja para defender su concepto del toro y de la fiesta que desea vivir en su plaza, cari\u00f1osamente llamada La M\u00e9rida.<\/p>\n<p class=\"c-paragraph\">Los toreros disfrutan hacer el pase\u00edllo en este coso por la importancia y trascendencia de lo que ah\u00ed sucede: por la catadura del toro y por el gran conocimiento y sensibilidad de su afici\u00f3n. Un triunfo en M\u00e9rida repercute en todo el medio taurino. La plaza cuenta con fechas tradicionales como la Corrida de Rejones del 1\u00b0 de enero, en la que lo mejor del rejoneo mundial se da cita para comenzar el a\u00f1o toreando en uno de los festejos m\u00e1s importantes de este sector.<\/p>\n<p class=\"c-paragraph\">Para iniciar su gesti\u00f3n, Caparica Representaciones presenta un cartel por dem\u00e1s atractivo con Sergio Flores \u2014a quien, por cierto, vi el s\u00e1bado pasado en Pachuca con torer\u00eda, gusto, valor y entrega durante toda la tarde\u2014. La madurez del tlaxcalteca es palpable en su forma de estar en el ruedo, de ir al toro y de disfrutar toreando. Alternar\u00e1 con Diego San Rom\u00e1n, tras su temporada espa\u00f1ola y la importante confirmaci\u00f3n en Las Ventas, y con el joven hispano Marco P\u00e9rez, de quien se espera mucho en la fiesta de los toros. Marco P\u00e9rez tiene firmadas 20 corridas para este invierno en nuestro pa\u00eds, por lo que debe estar comprometido y responsabilizado para convertirse en consentido de la afici\u00f3n mexicana.<\/p>\n<p class=\"c-paragraph\">Lidiar\u00e1n seis toros del hierro guanajuatense de Bego\u00f1a, que ya est\u00e1n en los corrales y muestran la seriedad, las hechuras y el trap\u00edo que gusta en La M\u00e9rida.<\/p>\n<p class=\"c-paragraph\">Se avecina un cierre de a\u00f1o muy intenso en lo taurino: octubre, noviembre y diciembre traer\u00e1n muchos kil\u00f3metros y muchas emociones. Hoy toca al aficionado acudir a las plazas para defender su libertad.<\/p>\n","protected":false},"excerpt":{"rendered":"La pen\u00ednsula de Yucat\u00e1n es un importante basti\u00f3n de la tauromaquia en M\u00e9xico. El Tratado Trilateral Taurino, conformado&hellip;\n","protected":false},"author":2,"featured_media":191882,"comment_status":"","ping_status":"","sticky":false,"template":"","format":"standard","meta":{"footnotes":""},"categories":[277],"tags":[373,53582,53581,53580,53577,168,25,24,53579,53584,23,167,374,53578,53583],"class_list":{"0":"post-191881","1":"post","2":"type-post","3":"status-publish","4":"format-standard","5":"has-post-thumbnail","7":"category-toreo","8":"tag-bullfighting","9":"tag-caparica-representaciones","10":"tag-corrida-de-toros-en-yucatan-25-de-octubre","11":"tag-corridas-de-toros-en-yucatan","12":"tag-dcr","13":"tag-deportes","14":"tag-es","15":"tag-espana","16":"tag-fiesta-brava-en-yucatan","17":"tag-la-fiesta-no-manifiesta","18":"tag-spain","19":"tag-sports","20":"tag-toreo","21":"tag-toros-en-yucatan","22":"tag-tratado-trilateral-taurino"},"share_on_mastodon":{"url":"https:\/\/pubeurope.com\/@es\/115413052475525609","error":""},"_links":{"self":[{"href":"https:\/\/www.europesays.com\/es\/wp-json\/wp\/v2\/posts\/191881","targetHints":{"allow":["GET"]}}],"collection":[{"href":"https:\/\/www.europesays.com\/es\/wp-json\/wp\/v2\/posts"}],"about":[{"href":"https:\/\/www.europesays.com\/es\/wp-json\/wp\/v2\/types\/post"}],"author":[{"embeddable":true,"href":"https:\/\/www.europesays.com\/es\/wp-json\/wp\/v2\/users\/2"}],"replies":[{"embeddable":true,"href":"https:\/\/www.europesays.com\/es\/wp-json\/wp\/v2\/comments?post=191881"}],"version-history":[{"count":0,"href":"https:\/\/www.europesays.com\/es\/wp-json\/wp\/v2\/posts\/191881\/revisions"}],"wp:featuredmedia":[{"embeddable":true,"href":"https:\/\/www.europesays.com\/es\/wp-json\/wp\/v2\/media\/191882"}],"wp:attachment":[{"href":"https:\/\/www.europesays.com\/es\/wp-json\/wp\/v2\/media?parent=191881"}],"wp:term":[{"taxonomy":"category","embeddable":true,"href":"https:\/\/www.europesays.com\/es\/wp-json\/wp\/v2\/categories?post=191881"},{"taxonomy":"post_tag","embeddable":true,"href":"https:\/\/www.europesays.com\/es\/wp-json\/wp\/v2\/tags?post=191881"}],"curies":[{"name":"wp","href":"https:\/\/api.w.org\/{rel}","templated":true}]}}