{"id":191893,"date":"2025-10-21T16:24:24","date_gmt":"2025-10-21T16:24:24","guid":{"rendered":"https:\/\/www.europesays.com\/es\/191893\/"},"modified":"2025-10-21T16:24:24","modified_gmt":"2025-10-21T16:24:24","slug":"asi-es-espartal-la-arquitectura-efimera-que-solo-se-podra-ver-en-alicante-unos-dias","status":"publish","type":"post","link":"https:\/\/www.europesays.com\/es\/191893\/","title":{"rendered":"As\u00ed es &#8216;Espartal&#8217;, la arquitectura ef\u00edmera que solo se podr\u00e1 ver en Alicante unos d\u00edas"},"content":{"rendered":"<p><a class=\"v-mdl-ath__fig-a\" href=\"https:\/\/www.todoalicante.es\/autor\/tere-company-martinez-5555.html\" title=\"Tere Compa\u00f1y Mart\u00ednez\" rel=\"nofollow noopener\" target=\"_blank\"><br \/>\n<img decoding=\"async\" class=\"v-mdl-ath__img\" src=\"https:\/\/www.europesays.com\/es\/wp-content\/uploads\/2025\/10\/autor-5555-foto-1.jpeg\" alt=\"Tere Compa\u00f1y Mart\u00ednez\"\/><br \/>\n<\/a><\/p>\n<p class=\"v-mdl-ath__p v-mdl-ath__p--6\">\nLunes, 20 de octubre 2025, 14:00<\/p>\n<p class=\"v-p\">La ciudad del arte ef\u00edmero de las Hogueras cuenta durante unas semanas con un nuevo hito.<a href=\"https:\/\/www.todoalicante.es\/alicante-ciudad\/espartal-pabellon-efimero-solo-podra-ver-alicante-20251006175903-nt.html\" data-voc-vtm-id=\"in-text-traffic\" title=\" &#039;Espartal&#039; se levanta ya frente a Casa Mediterr\u00e1neo\" rel=\"nofollow noopener\" target=\"_blank\"> &#8216;Espartal&#8217; se levanta ya frente a Casa Mediterr\u00e1neo<\/a> para celebrar el Festival de Arquitectura Urbana TAC! 2025.<\/p>\n<p class=\"v-p\">La propuesta, ganadora del concurso de ideas del certamen, busca poner en valor uno de los materiales tradicionales de la construcci\u00f3n en esta zona: el esparto. Desde este lunes, cuando se ha completado su instalaci\u00f3n, y hasta el 14 de noviembre, este pabell\u00f3n \u2014construido a partir de esta planta\u2014 ofrecer\u00e1 sombra en la plaza Arquitecto Miguel L\u00f3pez. En \u00e9l se desarrollar\u00e1n varias actividades del festival, como su inauguraci\u00f3n el pr\u00f3ximo 23 de octubre a las 18 horas.<\/p>\n<p>Detalles de &#8216;Espartal&#8217;.<\/p>\n<p>TC<\/p>\n<p><img decoding=\"async\" loading=\"lazy\" src=\"https:\/\/www.europesays.com\/es\/wp-content\/uploads\/2025\/10\/espartal (14)-kmxB--1200x841@TodoAlicante.jpeg\" class=\"v-mdl__img-z\" width=\"1200\" height=\"841\" alt=\"Imagen principal - Detalles de 'Espartal'. \"\/><\/p>\n<p><img decoding=\"async\" loading=\"lazy\" src=\"https:\/\/www.europesays.com\/es\/wp-content\/uploads\/2025\/10\/espartal (9)-kmxB--1200x851@TodoAlicante.jpeg\" class=\"v-mdl__img-z\" width=\"1200\" height=\"851\" alt=\"Imagen secundaria 1 - Detalles de 'Espartal'. \"\/><\/p>\n<p><img decoding=\"async\" loading=\"lazy\" src=\"https:\/\/www.europesays.com\/es\/wp-content\/uploads\/2025\/10\/espartal (10)-kzJE--711x841@TodoAlicante.jpeg\" class=\"v-mdl__img-z\" width=\"711\" height=\"841\" alt=\"Imagen secundaria 2 - Detalles de 'Espartal'. \"\/><\/p>\n<p class=\"v-p\">Esta obra de arquitectura ef\u00edmera tiene la particularidad de que, una <a href=\"https:\/\/www.todoalicante.es\/sociedad\/ctta-cuatrecases-organizan-foro-sobre-vivienda-alicante-20251017165445-nt.html\" data-voc-vtm-id=\"in-text-traffic\" title=\"vez finalice el TAC! 2025\" rel=\"nofollow noopener\" target=\"_blank\">vez finalice el TAC! 2025<\/a>, desaparecer\u00e1 para siempre y solo quedar\u00e1 en la memoria de quienes la visiten o se fotograf\u00eden en esta instalaci\u00f3n.<\/p>\n<p>Espartal: el esparto vuelve a tejer arquitectura en Casa Mediterr\u00e1neo<\/p>\n<p class=\"v-p\">&#8216;Espartal&#8217; es la propuesta arquitect\u00f3nica de los estudios ELE Arkitektura y GA Estudio, junto a los arquitectos Florencia Galecio y Juan Gubbins \u2014con la colaboraci\u00f3n de Xaviera Gleixner\u2014, que ha resultado ganadora del Festival de Arquitectura Urbana TAC! 2025. El proyecto reivindica el valor del esparto, un material tradicional del Mediterr\u00e1neo hoy casi olvidado, transform\u00e1ndolo en un elemento contempor\u00e1neo capaz de generar confort t\u00e9rmico y una atm\u00f3sfera singular a trav\u00e9s de la luz.<\/p>\n<p><a href=\"http:\/\/www.todoalicante.es\/alicante-provincia\/problema-vivienda-debate-alicante-20251020132458-nt.html#vtm_modulosEngag=mod-rel:alicante-ciudad:noticia:1:cmp:1-not\" class=\"v-a-link\" aria-label=\"Imagen\" rel=\"nofollow noopener\" target=\"_blank\"><\/p>\n<p><img decoding=\"async\" loading=\"lazy\" src=\"https:\/\/www.europesays.com\/es\/wp-content\/uploads\/2025\/10\/emilio-vicedo-arquitecto-kLF--366x256@TodoAlicante.jpg\" class=\"v-a-img\" width=\"258\" height=\"180\" alt=\"\" data-voc-vtm-id=\"in-text-traffic\"\/><\/p>\n<p><\/a><\/p>\n<p class=\"v-p\">El pabell\u00f3n plantea un &#8216;cielo suspendido&#8217; de esparto sobre la Plaza del Arquitecto Miguel L\u00f3pez, frente a Casa Mediterr\u00e1neo. Su estructura filtra la luz solar y crea una sombra densa que modifica el microclima del espacio, ofreciendo refugio en las horas de m\u00e1s calor. La propuesta busca, adem\u00e1s, reconectar con el paisaje agr\u00edcola y artesanal del entorno, recuperar la cultura material local y promover una arquitectura m\u00e1s consciente del ciclo de los materiales.<\/p>\n<p><img decoding=\"async\" loading=\"lazy\" src=\"https:\/\/www.europesays.com\/es\/wp-content\/uploads\/2025\/10\/espartal (11).jpeg\" class=\"v-a-img\" width=\"650\" height=\"455\" alt=\"'Espartal' con las fuentes funcionando.\" data-voc-vtm-id=\"in-text-traffic\"\/><\/p>\n<p>&#8216;Espartal&#8217; con las fuentes funcionando.<\/p>\n<p>TC<\/p>\n<p><img loading=\"lazy\" decoding=\"async\" src=\"https:\/\/www.europesays.com\/es\/wp-content\/uploads\/2025\/10\/espartal (11).jpeg\" class=\"v-mdl__img-z\" width=\"1920\" height=\"1344\" alt=\"\"\/><\/p>\n<p class=\"v-p\">El jurado \u2014presidido por I\u00f1aqui Carnicero, secretario general de Agenda Urbana, Vivienda y Arquitectura\u2014 ha destacado el car\u00e1cter contextual del proyecto, su integraci\u00f3n con el entorno urbano y social, y la apuesta por la sostenibilidad, el reciclaje y los materiales locales. Cada equipo ganador del certamen recibir\u00e1 una dotaci\u00f3n de 15.000 euros, adem\u00e1s de un presupuesto de ejecuci\u00f3n de 90.000 euros para la construcci\u00f3n de sus pabellones.<\/p>\n<p>TAC! 2025: Alicante, epicentro del debate arquitect\u00f3nico<\/p>\n<p class=\"v-p\">El Festival de Arquitectura Urbana TAC! 2025 convertir\u00e1 durante un mes la Casa Mediterr\u00e1neo en un espacio de encuentro y experimentaci\u00f3n. Organizado por el Ministerio de Vivienda y Agenda Urbana y la Fundaci\u00f3n Arquia, en colaboraci\u00f3n con las ciudades sede, el evento impulsa el talento de j\u00f3venes arquitectos menores de 45 a\u00f1os mediante la creaci\u00f3n de pabellones ef\u00edmeros que albergar\u00e1n actividades culturales y l\u00fadicas abiertas al p\u00fablico.<\/p>\n<p class=\"v-p\">Junto a &#8216;Espartal&#8217;, el festival incluye el pabell\u00f3n De Roca Madre, que se instalar\u00e1 en noviembre en la Plaza Stagno de Las Palmas de Gran Canaria. Esta segunda propuesta combina piedra volc\u00e1nica local con pl\u00e1sticos reciclados, invitando a reflexionar sobre la relaci\u00f3n entre la acci\u00f3n humana, la materia y la ecolog\u00eda.<\/p>\n<p class=\"v-p\">Con esta iniciativa<a href=\"https:\/\/www.todoalicante.es\/alicante-provincia\/problema-vivienda-debate-alicante-20251020132458-nt.html\" data-voc-vtm-id=\"in-text-traffic\" title=\", Casa Mediterr\u00e1neo\" rel=\"nofollow noopener\" target=\"_blank\">, Casa Mediterr\u00e1neo<\/a> refuerza su papel como plataforma de di\u00e1logo cultural y creativo, situando a Alicante en el centro de la conversaci\u00f3n sobre el futuro de la arquitectura, la sostenibilidad y la vida urbana en el Mediterr\u00e1neo. Durante las pr\u00f3ximas semanas, la ciudad se convertir\u00e1 en un laboratorio abierto de innovaci\u00f3n, donde tradici\u00f3n y vanguardia se entrelazan bajo la sombra del esparto.<\/p>\n<p>Reporta un error<\/p>\n","protected":false},"excerpt":{"rendered":"Lunes, 20 de octubre 2025, 14:00 La ciudad del arte ef\u00edmero de las Hogueras cuenta durante unas semanas&hellip;\n","protected":false},"author":2,"featured_media":191894,"comment_status":"","ping_status":"","sticky":false,"template":"","format":"standard","meta":{"footnotes":""},"categories":[173],"tags":[2206,801,53589,17516,229,11435,233,231,230,53591,232,960,234,53586,19514,146,147,25,24,53585,53587,53588,53593,15356,53590,53592,15870,1138,23,809],"class_list":{"0":"post-191893","1":"post","2":"type-post","3":"status-publish","4":"format-standard","5":"has-post-thumbnail","7":"category-arte-y-diseno","8":"tag-alicante","9":"tag-arquitectura","10":"tag-arquitectura-efimera","11":"tag-arquitectura-sostenible","12":"tag-arte","13":"tag-arte-urbano","14":"tag-arte-y-diseno","15":"tag-arts","16":"tag-arts-and-design","17":"tag-casa-mediterraneo","18":"tag-design","19":"tag-dias","20":"tag-diseno","21":"tag-efimera","22":"tag-efimero","23":"tag-entertainment","24":"tag-entretenimiento","25":"tag-es","26":"tag-espana","27":"tag-espartal","28":"tag-esparto","29":"tag-festival-tac-2025","30":"tag-materiales-tradicionales","31":"tag-pabellon","32":"tag-pabellon-espartal","33":"tag-plaza-del-arquitecto-miguel-lopez","34":"tag-podra","35":"tag-solo","36":"tag-spain","37":"tag-ver"},"share_on_mastodon":{"url":"https:\/\/pubeurope.com\/@es\/115413088255779852","error":""},"_links":{"self":[{"href":"https:\/\/www.europesays.com\/es\/wp-json\/wp\/v2\/posts\/191893","targetHints":{"allow":["GET"]}}],"collection":[{"href":"https:\/\/www.europesays.com\/es\/wp-json\/wp\/v2\/posts"}],"about":[{"href":"https:\/\/www.europesays.com\/es\/wp-json\/wp\/v2\/types\/post"}],"author":[{"embeddable":true,"href":"https:\/\/www.europesays.com\/es\/wp-json\/wp\/v2\/users\/2"}],"replies":[{"embeddable":true,"href":"https:\/\/www.europesays.com\/es\/wp-json\/wp\/v2\/comments?post=191893"}],"version-history":[{"count":0,"href":"https:\/\/www.europesays.com\/es\/wp-json\/wp\/v2\/posts\/191893\/revisions"}],"wp:featuredmedia":[{"embeddable":true,"href":"https:\/\/www.europesays.com\/es\/wp-json\/wp\/v2\/media\/191894"}],"wp:attachment":[{"href":"https:\/\/www.europesays.com\/es\/wp-json\/wp\/v2\/media?parent=191893"}],"wp:term":[{"taxonomy":"category","embeddable":true,"href":"https:\/\/www.europesays.com\/es\/wp-json\/wp\/v2\/categories?post=191893"},{"taxonomy":"post_tag","embeddable":true,"href":"https:\/\/www.europesays.com\/es\/wp-json\/wp\/v2\/tags?post=191893"}],"curies":[{"name":"wp","href":"https:\/\/api.w.org\/{rel}","templated":true}]}}