{"id":191897,"date":"2025-10-21T16:26:11","date_gmt":"2025-10-21T16:26:11","guid":{"rendered":"https:\/\/www.europesays.com\/es\/191897\/"},"modified":"2025-10-21T16:26:11","modified_gmt":"2025-10-21T16:26:11","slug":"el-futuro-de-la-cnn-en-el-aire-tras-la-oferta-del-nuevo-dueno-de-cbs-y-aliado-de-trump-que-amenaza-con-dar-la-vuelta-al-panorama-televisivo-en-eeuu","status":"publish","type":"post","link":"https:\/\/www.europesays.com\/es\/191897\/","title":{"rendered":"El futuro de la CNN, en el aire, tras la oferta del nuevo due\u00f1o de CBS y aliado de Trump que amenaza con dar la vuelta al panorama televisivo en EEUU"},"content":{"rendered":"<p class=\"article-text\">\n        El panorama televisivo est\u00e1 d\u00e1ndose la vuelta en EEUU desde la vuelta de Donald Trump a la Casa Blanca. Y est\u00e1 cambiando a su favor. <a href=\"https:\/\/ir.wbd.com\/news-and-events\/financial-news\/financial-news-details\/2025\/Warner-Bros--Discovery-Initiates-Review-of-Potential-Alternatives-to-Maximize-Shareholder-Value\/default.aspx\" data-mrf-recirculation=\"links-noticia\" class=\"link\" target=\"_blank\" rel=\"nofollow noopener\">En un comunicado emitido el martes,<\/a> el gigante del entretenimiento afirm\u00f3 haber iniciado una evaluaci\u00f3n de \u201calternativas estrat\u00e9gicas\u201d a la luz del \u201cinter\u00e9s no solicitado\u201d recibido de m\u00faltiples partes, tanto por la compa\u00f1\u00eda en su conjunto como por Warner Bros en particular.\n    <\/p>\n<p class=\"article-text\">\n        Warner Bros. Discovery no especific\u00f3 el origen de dicho inter\u00e9s, y un portavoz declar\u00f3 que la compa\u00f1\u00eda no pod\u00eda compartir informaci\u00f3n adicional al ser contactada <a href=\"https:\/\/apnews.com\/article\/warner-bros-discovery-paramount-addec120019b49a63f3200a0c236e80e\" data-mrf-recirculation=\"links-noticia\" class=\"link\" target=\"_blank\" rel=\"nofollow noopener\">por la agencia The Associated Press<\/a>.\n    <\/p>\n<p class=\"article-text\">\n        Sin embargo, esta evaluaci\u00f3n llega tras las informaciones sobre una posible guerra de ofertas, incluyendo la de Paramount \u2013matriz de CBS\u2013, propiedad de Skydance, de David Ellison \u2013el hijo del aliado de Trump Larry Ellison, due\u00f1o de Oracle\u2013 que cerr\u00f3 su propia fusi\u00f3n de 8.000 millones de d\u00f3lares a principios de agosto.\n    <\/p>\n<p class=\"article-text\">\n        Citando fuentes an\u00f3nimas familiarizadas con el asunto, The Wall Street Journal inform\u00f3 recientemente de que Paramount hab\u00eda contactado con Warner con respecto a una posible oferta a finales de septiembre, pero que el director ejecutivo de Warner, David Zaslav, rechaz\u00f3 esas primeras propuestas.\n    <\/p>\n<p class=\"article-text\">\n        Seg\u00fan el medio, el director ejecutivo de Paramount Skydance, David Ellison, consider\u00f3 adoptar un enfoque m\u00e1s agresivo, como contactar directamente con los accionistas.\n    <\/p>\n<p class=\"article-text\">\n        La CNBC tambi\u00e9n inform\u00f3 de que Netflix y Comcast se encuentran entre las partes interesadas, citando fuentes an\u00f3nimas. Comcast declin\u00f3 hacer comentarios. Paramount y Netflix no respondieron tampoco a las solicitudes de declaraciones por parte de AP.\n    <\/p>\n<p class=\"article-text\">\n        En junio, Warner Bros. Discovery esboz\u00f3 planes para dividir sus negocios de cable y streaming.\n    <\/p>\n<p class=\"article-text\">\n        HBO, HBO Max, as\u00ed como Warner Bros. Television, Warner Bros. Motion Picture Group y DC Studios, se convertir\u00edan en parte de una nueva compa\u00f1\u00eda de streaming y estudios.\n    <\/p>\n<p class=\"article-text\">\n        Mientras que cadenas como CNN, Discovery y TNT Sports, y productos digitales como el servicio de streaming Discovery+ y Bleacher Report conformar\u00edan una divisi\u00f3n de cable independiente.\n    <\/p>\n<p class=\"article-text\">\n        Warner esperaba que la escisi\u00f3n se completara a mediados de 2026 y declar\u00f3 este martes que seguir avanzando en esta separaci\u00f3n continuaba siendo una de las opciones que estaba considerando.\n    <\/p>\n<p class=\"article-text\">\n        \u201cTomamos la decisi\u00f3n de prepararnos para separar la compa\u00f1\u00eda en dos unidades de medios l\u00edderes y distintas, Warner Bros. y Discovery Global, porque cre\u00edamos firmemente que era el mejor camino a seguir\u201d, declar\u00f3 Zaslav en un comunicado. Aun as\u00ed, a\u00f1adi\u00f3: \u201cNo sorprende que el importante valor de nuestra cartera est\u00e9 recibiendo un mayor reconocimiento por parte de otros actores del mercado\u201d.\n    <\/p>\n<p class=\"article-text\">\n        La compa\u00f1\u00eda afirm\u00f3 que no hay un calendario definido para su proceso de evaluaci\u00f3n y se\u00f1al\u00f3 que, m\u00e1s all\u00e1 de la separaci\u00f3n que ya est\u00e1 en marcha, \u201cno hay garant\u00eda\u201d de que el proceso resulte en una transacci\u00f3n.\n    <\/p>\n<p class=\"article-text\">\n        Las acciones de Warner Bros. Discovery, con sede en Nueva York, sub\u00edan m\u00e1s de un 9% la ma\u00f1ana del martes.\n    <\/p>\n","protected":false},"excerpt":{"rendered":"El panorama televisivo est\u00e1 d\u00e1ndose la vuelta en EEUU desde la vuelta de Donald Trump a la Casa&hellip;\n","protected":false},"author":2,"featured_media":191898,"comment_status":"","ping_status":"","sticky":false,"template":"","format":"standard","meta":{"footnotes":""},"categories":[171],"tags":[4647,10001,4213,15701,18175,2527,4393,115,146,147,25,24,2848,524,6046,12812,23,28932,936,214,1357],"class_list":{"0":"post-191897","1":"post","2":"type-post","3":"status-publish","4":"format-standard","5":"has-post-thumbnail","7":"category-tv","8":"tag-aire","9":"tag-aliado","10":"tag-amenaza","11":"tag-cbs","12":"tag-cnn","13":"tag-dar","14":"tag-dueno","15":"tag-eeuu","16":"tag-entertainment","17":"tag-entretenimiento","18":"tag-es","19":"tag-espana","20":"tag-futuro","21":"tag-nuevo","22":"tag-oferta","23":"tag-panorama","24":"tag-spain","25":"tag-televisivo","26":"tag-trump","27":"tag-tv","28":"tag-vuelta"},"share_on_mastodon":{"url":"https:\/\/pubeurope.com\/@es\/115413096040756274","error":""},"_links":{"self":[{"href":"https:\/\/www.europesays.com\/es\/wp-json\/wp\/v2\/posts\/191897","targetHints":{"allow":["GET"]}}],"collection":[{"href":"https:\/\/www.europesays.com\/es\/wp-json\/wp\/v2\/posts"}],"about":[{"href":"https:\/\/www.europesays.com\/es\/wp-json\/wp\/v2\/types\/post"}],"author":[{"embeddable":true,"href":"https:\/\/www.europesays.com\/es\/wp-json\/wp\/v2\/users\/2"}],"replies":[{"embeddable":true,"href":"https:\/\/www.europesays.com\/es\/wp-json\/wp\/v2\/comments?post=191897"}],"version-history":[{"count":0,"href":"https:\/\/www.europesays.com\/es\/wp-json\/wp\/v2\/posts\/191897\/revisions"}],"wp:featuredmedia":[{"embeddable":true,"href":"https:\/\/www.europesays.com\/es\/wp-json\/wp\/v2\/media\/191898"}],"wp:attachment":[{"href":"https:\/\/www.europesays.com\/es\/wp-json\/wp\/v2\/media?parent=191897"}],"wp:term":[{"taxonomy":"category","embeddable":true,"href":"https:\/\/www.europesays.com\/es\/wp-json\/wp\/v2\/categories?post=191897"},{"taxonomy":"post_tag","embeddable":true,"href":"https:\/\/www.europesays.com\/es\/wp-json\/wp\/v2\/tags?post=191897"}],"curies":[{"name":"wp","href":"https:\/\/api.w.org\/{rel}","templated":true}]}}