{"id":191911,"date":"2025-10-21T16:33:07","date_gmt":"2025-10-21T16:33:07","guid":{"rendered":"https:\/\/www.europesays.com\/es\/191911\/"},"modified":"2025-10-21T16:33:07","modified_gmt":"2025-10-21T16:33:07","slug":"rovi-se-dispara-tras-su-alianza-con-roche-para-fabricar-un-nuevo-medicamento-en-desarrollo","status":"publish","type":"post","link":"https:\/\/www.europesays.com\/es\/191911\/","title":{"rendered":"Rovi se dispara tras su alianza con Roche para fabricar un nuevo medicamento en desarrollo"},"content":{"rendered":"<p>Las acciones de<strong> Laboratorios Rovi<\/strong> se han disparado un 6,31% en el Ibex tras anunciar que su filial<strong> Rovi Pharma Industrial Services (Rois) colaborar\u00e1<\/strong> con F. Hoffmann-La Roche (<strong>Roche<\/strong>) para la <strong>fabricaci\u00f3n de un nuevo medicamento<\/strong>, actualmente en fase de desarrollo cl\u00ednico, del portafolio metab\u00f3lico y cardiovascular de Roche. Ambas compa\u00f1\u00edas esperan firmar un acuerdo definitivo en los pr\u00f3ximos d\u00edas.<\/p>\n<p>La farmac\u00e9utica ha comunicado a la Comisi\u00f3n Nacional del Mercado de Valores (CNMV) que <strong>Rois pondr\u00e1 a disposici\u00f3n de la empresa suiza una l\u00ednea de llenado de alta velocidad<\/strong> en sus instalaciones de San Sebasti\u00e1n de los Reyes (Madrid).<\/p>\n<p>En 2030, Rovi estima que este acuerdo contribuya con un <strong>incremento m\u00ednimo de entre el 20% y el 25% en las ventas del negocio de fabricaci\u00f3n a terceros<\/strong> frente a las del ejercicio de 2024.<\/p>\n<p>Juan L\u00f3pez-Belmonte Encina, presidente y consejero delegado de Rovi, ha se\u00f1alado que \u00abestamos encantados de convertirnos en <strong>socio estrat\u00e9gico de Roche en la fabricaci\u00f3n de este producto innovador para su distribuci\u00f3n a escala global<\/strong> y su potencial contribuci\u00f3n a la mejora de la calidad de vida de millones de personas\u00bb.<\/p>\n<p>Adem\u00e1s, ha afirmado sentirse \u00abespecialmente orgullosos de p<strong>osicionar a Espa\u00f1a en el liderazgo de la producci\u00f3n farmac\u00e9utica de \u00faltima generaci\u00f3n<\/strong>. En los \u00faltimos a\u00f1os, guiados por nuestra estrategia de crecimiento, nuestra empresa ha realizado importantes inversiones en aumento de capacidades y en la incorporaci\u00f3n de tecnolog\u00eda innovadora para convertirnos en una de las mayores empresas de fabricaci\u00f3n a terceros (CDMO) de inyectables del mundo\u00bb.<\/p>\n","protected":false},"excerpt":{"rendered":"Las acciones de Laboratorios Rovi se han disparado un 6,31% en el Ibex tras anunciar que su filial&hellip;\n","protected":false},"author":2,"featured_media":191912,"comment_status":"","ping_status":"","sticky":false,"template":"","format":"standard","meta":{"footnotes":""},"categories":[80],"tags":[5209,82,2571,2572,18210,40567,3343,5658,95,94,25,24,11133,31622,18218,18216,18222,18220,18221,18219,18217,524,2078,7288,40777,23,575],"class_list":{"0":"post-191911","1":"post","2":"type-post","3":"status-publish","4":"format-standard","5":"has-post-thumbnail","7":"category-economia","8":"tag-alianza","9":"tag-business","10":"tag-categoryall","11":"tag-categorycompany-news","12":"tag-categorypulsos","13":"tag-categorysectorial-health-technology","14":"tag-desarrollo","15":"tag-dispara","16":"tag-economia","17":"tag-economy","18":"tag-es","19":"tag-espana","20":"tag-fabricar","21":"tag-medicamento","22":"tag-mostread_economia","23":"tag-mostread_empresas","24":"tag-mostread_espana","25":"tag-mostread_finanzas-personales","26":"tag-mostread_fondos","27":"tag-mostread_internacional","28":"tag-mostread_mercados","29":"tag-nuevo","30":"tag-para","31":"tag-roche","32":"tag-rovi","33":"tag-spain","34":"tag-tras"},"share_on_mastodon":{"url":"https:\/\/pubeurope.com\/@es\/115413123297567753","error":""},"_links":{"self":[{"href":"https:\/\/www.europesays.com\/es\/wp-json\/wp\/v2\/posts\/191911","targetHints":{"allow":["GET"]}}],"collection":[{"href":"https:\/\/www.europesays.com\/es\/wp-json\/wp\/v2\/posts"}],"about":[{"href":"https:\/\/www.europesays.com\/es\/wp-json\/wp\/v2\/types\/post"}],"author":[{"embeddable":true,"href":"https:\/\/www.europesays.com\/es\/wp-json\/wp\/v2\/users\/2"}],"replies":[{"embeddable":true,"href":"https:\/\/www.europesays.com\/es\/wp-json\/wp\/v2\/comments?post=191911"}],"version-history":[{"count":0,"href":"https:\/\/www.europesays.com\/es\/wp-json\/wp\/v2\/posts\/191911\/revisions"}],"wp:featuredmedia":[{"embeddable":true,"href":"https:\/\/www.europesays.com\/es\/wp-json\/wp\/v2\/media\/191912"}],"wp:attachment":[{"href":"https:\/\/www.europesays.com\/es\/wp-json\/wp\/v2\/media?parent=191911"}],"wp:term":[{"taxonomy":"category","embeddable":true,"href":"https:\/\/www.europesays.com\/es\/wp-json\/wp\/v2\/categories?post=191911"},{"taxonomy":"post_tag","embeddable":true,"href":"https:\/\/www.europesays.com\/es\/wp-json\/wp\/v2\/tags?post=191911"}],"curies":[{"name":"wp","href":"https:\/\/api.w.org\/{rel}","templated":true}]}}