{"id":191913,"date":"2025-10-21T16:34:08","date_gmt":"2025-10-21T16:34:08","guid":{"rendered":"https:\/\/www.europesays.com\/es\/191913\/"},"modified":"2025-10-21T16:34:08","modified_gmt":"2025-10-21T16:34:08","slug":"foro-world-in-progress-2025-de-barcelona-en-directo-albares-lo-que-putin-no-perdona-a-ucrania-es-que-suene-con-ser-miembro-de-la-union-europea-internacional","status":"publish","type":"post","link":"https:\/\/www.europesays.com\/es\/191913\/","title":{"rendered":"Foro World In Progress 2025 de Barcelona, en directo | Albares: \u201cLo que Putin no perdona a Ucrania es que sue\u00f1e con ser miembro de la Uni\u00f3n Europea\u201d | Internacional"},"content":{"rendered":"<p class=\"ev-title\">El comisionado de la agencia de la ONU para los refugiados palestinos agradece el \u201capoyo constante\u201d de Espa\u00f1a\u00a0<\/p>\n<p>Espa\u00f1a ha desempe\u00f1ado un papel de liderazgo, ha dado un gran apoyo a la UNRWA, ha liderado el camino para el reconocimiento del Estado de Palestina y ha inspirado a otros pa\u00edses a hacer lo mismo, ha opinado Philippe Lazzarini, Comisionado General de UNRWA, la Agencia de la ONU para los refugiados palestinos. \u201cEspa\u00f1a nos ha dado apoyado constante, incluso en los peores momentos de nuestra Agencia, cuando hab\u00eda esas acusaciones terribles, y cuando otros pa\u00edses retiraron su ayuda, Espa\u00f1a fue parte de ese grupo de pa\u00edses que jam\u00e1s perdieron la confianza en la UNRWA\u201d, ha abundado.<\/p>\n<p>Lazzarini tambi\u00e9n ha instado a tener confianza en el alto el fuego en Gaza. \u201cEl alto el fuego ha silenciado las armas y por primera vez en dos a\u00f1os los gazat\u00edes no tienen que preocuparse de morir en cualquier segundo. La tregua es un gran alivio, pero es el principio de un largo viaje en el que habr\u00e1 muchos obst\u00e1culos\u201d, ha aseverado. \u201cYo creo en el alto el fuego si la comunidad internacional realmente est\u00e1 comprometida en implicarse en este recorrido hacia una paz duradera\u201d. Para el Comisionado la confianza es imprescindible ante quienes no desean esa tregua. \u201cEn los \u00faltimos ocho d\u00edas hemos visto que se ha cuestionado, pero tambi\u00e9n hemos visto en Tel Aviv la determinaci\u00f3n de que se cumpla este alto el fuego y que se llegue a esta paz\u201d.<\/p>\n<p>El acceso a la sanidad y la educaci\u00f3n son dos de las prioridades que ha nombrado Lazzarini.\u00a0\u201cEn Gaza hay 700.000 ni\u00f1os que est\u00e1n viviendo entre escombros, traumatizados por la situaci\u00f3n, y quieren volver a acceder a la educaci\u00f3n, porque la educaci\u00f3n jam\u00e1s ha faltado en Palestina, ha sido el orgullo del pueblo palestino. A la semana del alto el fuego, los padres est\u00e1n pidiendo que sus hijos puedan volver a la escuela\u201d, ha asegurado.<\/p>\n<p>Tambi\u00e9n el peligro que corre la poblaci\u00f3n de Cisjordania, donde se vive una \u201cguerra silenciosa\u201d seg\u00fan ha calificado. \u201cEsta semana ha habido m\u00e1s de 70 incidentes con los colonos y los asentamientos, son incidentes contra la poblaci\u00f3n palestina\u201d, ha aseverado.<\/p>\n","protected":false},"excerpt":{"rendered":"El comisionado de la agencia de la ONU para los refugiados palestinos agradece el \u201capoyo constante\u201d de Espa\u00f1a\u00a0&hellip;\n","protected":false},"author":2,"featured_media":191914,"comment_status":"","ping_status":"","sticky":false,"template":"","format":"standard","meta":{"footnotes":""},"categories":[42],"tags":[889,53078,210,17,18,8065,95,700,13,14,53079,13804,11,61,62,63,64,19,20,1804,9,10,15,16,12,21,22,65,53080,66,67],"class_list":{"0":"post-191913","1":"post","2":"type-post","3":"status-publish","4":"format-standard","5":"has-post-thumbnail","7":"category-internacional","8":"tag-america","9":"tag-banco-desarrollo-america-latina-caribe","10":"tag-barcelona","11":"tag-breaking-news","12":"tag-breakingnews","13":"tag-crecimiento-economico","14":"tag-economia","15":"tag-europa","16":"tag-featured-news","17":"tag-featurednews","18":"tag-foros-financieros","19":"tag-geopolitica","20":"tag-headlines","21":"tag-internacional","22":"tag-international","23":"tag-international-news","24":"tag-internationalnews","25":"tag-latest-news","26":"tag-latestnews","27":"tag-latinoamerica","28":"tag-news","29":"tag-noticias","30":"tag-noticias-destacadas","31":"tag-noticiasdestacadas","32":"tag-titulares","33":"tag-ultimas-noticias","34":"tag-ultimasnoticias","35":"tag-world","36":"tag-world-in-progress","37":"tag-world-news","38":"tag-worldnews"},"share_on_mastodon":{"url":"","error":"Validation failed: Text character limit of 500 exceeded"},"_links":{"self":[{"href":"https:\/\/www.europesays.com\/es\/wp-json\/wp\/v2\/posts\/191913","targetHints":{"allow":["GET"]}}],"collection":[{"href":"https:\/\/www.europesays.com\/es\/wp-json\/wp\/v2\/posts"}],"about":[{"href":"https:\/\/www.europesays.com\/es\/wp-json\/wp\/v2\/types\/post"}],"author":[{"embeddable":true,"href":"https:\/\/www.europesays.com\/es\/wp-json\/wp\/v2\/users\/2"}],"replies":[{"embeddable":true,"href":"https:\/\/www.europesays.com\/es\/wp-json\/wp\/v2\/comments?post=191913"}],"version-history":[{"count":0,"href":"https:\/\/www.europesays.com\/es\/wp-json\/wp\/v2\/posts\/191913\/revisions"}],"wp:featuredmedia":[{"embeddable":true,"href":"https:\/\/www.europesays.com\/es\/wp-json\/wp\/v2\/media\/191914"}],"wp:attachment":[{"href":"https:\/\/www.europesays.com\/es\/wp-json\/wp\/v2\/media?parent=191913"}],"wp:term":[{"taxonomy":"category","embeddable":true,"href":"https:\/\/www.europesays.com\/es\/wp-json\/wp\/v2\/categories?post=191913"},{"taxonomy":"post_tag","embeddable":true,"href":"https:\/\/www.europesays.com\/es\/wp-json\/wp\/v2\/tags?post=191913"}],"curies":[{"name":"wp","href":"https:\/\/api.w.org\/{rel}","templated":true}]}}