{"id":191929,"date":"2025-10-21T16:45:13","date_gmt":"2025-10-21T16:45:13","guid":{"rendered":"https:\/\/www.europesays.com\/es\/191929\/"},"modified":"2025-10-21T16:45:13","modified_gmt":"2025-10-21T16:45:13","slug":"la-pregunta-mas-surrealista-a-valverde-les-ha-dicho-a-sus-jugadores-que-van-a-meter-9-0-al-qarabag","status":"publish","type":"post","link":"https:\/\/www.europesays.com\/es\/191929\/","title":{"rendered":"La pregunta m\u00e1s surrealista a Valverde: \u00ab\u00bfLes ha dicho a sus jugadores que van a meter 9-0 al Qarabag?\u00bb"},"content":{"rendered":"<p>Ernesto Valverde lleva 939 partidos como entrenador profesional. En la rueda de prensa previa al Athletic-Qarabag de este mi\u00e9rcoles (18.45 horas), ha recibido  &#8230; la que probablemente sea la pregunta m\u00e1s surrealista de su carrera. \u00abCircula en medios de Azerbay\u00e1n que usted ha dicho a sus jugadores que les van a meter nueve goles al Qarabag. \u00bfEs as\u00ed?\u00bb<\/p>\n<p class=\"v-p\">Valverde es un entrenador acostumbrado a mostrarse muy sereno sus comparecencias ante los medios, pero esta vez alucinaba y sonre\u00eda incr\u00e9dulo mientras escuchaba por el traductor lo que le planteaba el periodista azer\u00ed, el \u00fanico de su pa\u00eds en la sala de prensa. \u00abEsta es buen\u00edsima, de las mejores que me han hecho\u00bb, ha ironizado.<\/p>\n<p class=\"v-p\">\u00abNo s\u00e9 qu\u00e9 responderle. \u00bfSi imagina que hay un entrenador que dijera eso a sus jugadores? Se cae por su propio peso. No s\u00e9 como es la prensa de Azerbay\u00e1n, pero no tengo palabras. No s\u00e9 qu\u00e9 decirle. Me ha preguntado si les he dicho a los jugadores que \u00edbamos a meter 9-0. No tengo palabras. Una barbaridad\u00bb, indic\u00f3.<\/p>\n<p class=\"v-p\">El mismo periodista aprovech\u00f3 su intervenci\u00f3n para saber qu\u00e9 opinaba del Qarabag. \u00abEs un equipo que tiene seis puntos por merecimientos propios -ha ganado los dos duelos disputados hasta el momento- y lo valoramos como lo que es, uno de los l\u00edderes. Si podemos ganar 1-0 nos vale. Eso que se dice que he dicho a mis jugadores que les vamos a meter nueve es una barbaridad\u00bb.<\/p>\n<p class=\"v-p\">El entrenador rojiblanco ha pedido a su equipo \u00abcentrarse en el juego, con y sin bal\u00f3n, aunque haya un componente aleatorio\u00bb. Y ha advertido que el equipo azer\u00ed juega \u00abliberado, tiene juego, con futbolistas importantes en el medio y arriba para jugar bien. Tenemos que tener mucho cuidado. Se despliega bien, es campe\u00f3n de su pa\u00eds y sabe lo que es jugar con la presi\u00f3n por ganar\u00bb.<\/p>\n","protected":false},"excerpt":{"rendered":"Ernesto Valverde lleva 939 partidos como entrenador profesional. En la rueda de prensa previa al Athletic-Qarabag de este&hellip;\n","protected":false},"author":2,"featured_media":191930,"comment_status":"","ping_status":"","sticky":false,"template":"","format":"standard","meta":{"footnotes":""},"categories":[268],"tags":[168,8641,25,24,280,282,2713,20702,9464,52220,281,23,167,8083,1933,6174],"class_list":{"0":"post-191929","1":"post","2":"type-post","3":"status-publish","4":"format-standard","5":"has-post-thumbnail","7":"category-futbol","8":"tag-deportes","9":"tag-dicho","10":"tag-es","11":"tag-espana","12":"tag-football","13":"tag-futbol","14":"tag-jugadores","15":"tag-meter","16":"tag-pregunta","17":"tag-qarabag","18":"tag-soccer","19":"tag-spain","20":"tag-sports","21":"tag-surrealista","22":"tag-valverde","23":"tag-van"},"share_on_mastodon":{"url":"https:\/\/pubeurope.com\/@es\/115413170612758071","error":""},"_links":{"self":[{"href":"https:\/\/www.europesays.com\/es\/wp-json\/wp\/v2\/posts\/191929","targetHints":{"allow":["GET"]}}],"collection":[{"href":"https:\/\/www.europesays.com\/es\/wp-json\/wp\/v2\/posts"}],"about":[{"href":"https:\/\/www.europesays.com\/es\/wp-json\/wp\/v2\/types\/post"}],"author":[{"embeddable":true,"href":"https:\/\/www.europesays.com\/es\/wp-json\/wp\/v2\/users\/2"}],"replies":[{"embeddable":true,"href":"https:\/\/www.europesays.com\/es\/wp-json\/wp\/v2\/comments?post=191929"}],"version-history":[{"count":0,"href":"https:\/\/www.europesays.com\/es\/wp-json\/wp\/v2\/posts\/191929\/revisions"}],"wp:featuredmedia":[{"embeddable":true,"href":"https:\/\/www.europesays.com\/es\/wp-json\/wp\/v2\/media\/191930"}],"wp:attachment":[{"href":"https:\/\/www.europesays.com\/es\/wp-json\/wp\/v2\/media?parent=191929"}],"wp:term":[{"taxonomy":"category","embeddable":true,"href":"https:\/\/www.europesays.com\/es\/wp-json\/wp\/v2\/categories?post=191929"},{"taxonomy":"post_tag","embeddable":true,"href":"https:\/\/www.europesays.com\/es\/wp-json\/wp\/v2\/tags?post=191929"}],"curies":[{"name":"wp","href":"https:\/\/api.w.org\/{rel}","templated":true}]}}