{"id":19193,"date":"2025-08-01T19:36:07","date_gmt":"2025-08-01T19:36:07","guid":{"rendered":"https:\/\/www.europesays.com\/es\/19193\/"},"modified":"2025-08-01T19:36:07","modified_gmt":"2025-08-01T19:36:07","slug":"markel-beloki-logra-en-la-planche-des-belles-filles-su-primera-victoria-profesional","status":"publish","type":"post","link":"https:\/\/www.europesays.com\/es\/19193\/","title":{"rendered":"Markel Beloki logra en La Planche des Belles Filles su primera victoria profesional"},"content":{"rendered":"<p>Lo de Markel Beloki ha sido un regreso por la puerta grande. En su segundo a\u00f1o como profesional no encontraba su golpe de pedal. Hab\u00eda  &#8230; un motivo. Mononucleosis, uno de los virus m\u00e1s temidos en el pelot\u00f3n. A Be\u00f1at Intxausti le cost\u00f3 la carrera. Al ciclista vitoriano, unos meses de par\u00f3n. Tres meses despu\u00e9s regres\u00f3 con un meritorio decimocuarto puesto en la Vuelta a Austria, se concentr\u00f3 en Andorra para entrenar en altura y ahora ha encontrado la recompensa a su esfuerzo.<\/p>\n<p class=\"v-p\">El joven, con 20 a\u00f1os reci\u00e9n cumplidos, se ha alzado con la tercera etapa del Tour de Alsacia, una prueba 2.2, semiprofesional, que cuenta con una buena n\u00f3mina de los ciclistas sub-23 m\u00e1s prometedores. El vitoriano, al que en la meta le esperaba toda su familia, se ha impuesto en solitario, con 19 segundos de ventaja sobre el colombiano del Astana Santiago Umba, Kamiel Eaman (Lotto) y Axel Mariault (Nantes). Se trata de su primera victoria desde que diera el salto desde la categor\u00eda junior al World Tour con los colores del equipo EF Pro Cycling.<\/p>\n<blockquote class=\"twitter-tweet\" data-media-max-width=\"560\">\n<p lang=\"es\" dir=\"ltr\">Markel Beloki se ha llevado la victoria en la tercera etapa del Tour Alsace atacando a 4 kil\u00f3metros del final en la Planche des Belles Files y llegando con 20 segundos sobre Umba, Eeman y Mariault.<\/p>\n<p>El ciclista de Vitoria es adem\u00e1s l\u00edder de la general. <a href=\"https:\/\/t.co\/OyoLurd3kz\" rel=\"nofollow\">pic.twitter.com\/OyoLurd3kz<\/a><\/p>\n<p>\u2014 Alpe__dHuezPT (@Alpe__dHuezPT) <a href=\"https:\/\/twitter.com\/Alpe__dHuezPT\/status\/1951319019316723849?ref_src=twsrc%5Etfw\" rel=\"nofollow noopener\" target=\"_blank\">August 1, 2025<\/a><\/p><\/blockquote>\n<p class=\"v-p\">El escenario cuenta. La victoria de Markel Beloki, el hijo del tres veces podio en el Tour, llega en el puerto de La Planche des Belles Filles. En la cima donde en 2012 Froome firm\u00f3 su primer triunfo en el Tour de Francia o donde Pogacar le dio la vuelta y logr\u00f3 su primer amarillo en la contrarreloj final del 2020. All\u00ed sub\u00edan las j\u00f3venes v\u00edrgenes para suicidarse y no caer en las torturas de los mercenarios suecos durante la Guerra de los 30 a\u00f1os. Seis kil\u00f3metros de subida irregular, con repechos, y rampas duras. A falta de cuatro, ha lanzado su ataque. Definitivo. <\/p>\n<p class=\"v-p\">Sus piernas y la ilusi\u00f3n le hicieron volar cuesta arriba. Se exprimi\u00f3 hasta la cima, y al ver la pancarta de meta, neg\u00f3 con la cabeza. La victoria ya es suya. Ahora toca asimilarla. Un beso en la mu\u00f1eca izquierda y el pu\u00f1o en alto fue su primera celebraci\u00f3n. Una vez ech\u00f3 el pie a tierra, se fundi\u00f3 en un abrazo con su familia. <\/p>\n<p class=\"v-p\">A\u00fan quedan dos etapas en las que defender el liderato. Especialmente dura, la del domingo, con final en Champ du Feu. Casi diez kil\u00f3metros al 6,2%. Antes tendr\u00e1n que superar otros cuatro puertos. Beloki, que compite en esta carrera con el equipo de desarrollo del EF, el filial, dispone de 26 segundos de ventaja en la general sobre Eeman, de 19 a\u00f1os, y 33\u00bb con Umba, de 22, posiblemente su rival m\u00e1s peligroso.<\/p>\n<p class=\"v-p\">El alav\u00e9s, que no sali\u00f3 beneficiado de la contrarreloj por equipos inicial de tan solo 4 kil\u00f3metros (fueron decimocuartos), es un corredor a\u00fan por perfilar. Como j\u00fanior, despuntaba en los recorridos quebrados y finales cuesta arriba, adem\u00e1s de mostrar unos excelentes valores como rodador. Contra el crono hab\u00eda logrado sus mejores resultados hasta la fecha, con el segundo puesto en el campeonato de Espa\u00f1a del a\u00f1o pasado. Un ciclista polivalente, con capacidad para la escalada, progresi\u00f3n contra el cron\u00f3metro y todo el futuro por delante.<\/p>\n<p><script async src=\"https:\/\/platform.twitter.com\/widgets.js\" charset=\"utf-8\"><\/script><\/p>\n","protected":false},"excerpt":{"rendered":"Lo de Markel Beloki ha sido un regreso por la puerta grande. En su segundo a\u00f1o como profesional&hellip;\n","protected":false},"author":2,"featured_media":19194,"comment_status":"","ping_status":"","sticky":false,"template":"","format":"standard","meta":{"footnotes":""},"categories":[273],"tags":[11813,11811,313,312,168,25,24,11812,11810,1078,2032,23,167,316,1261],"class_list":{"0":"post-19193","1":"post","2":"type-post","3":"status-publish","4":"format-standard","5":"has-post-thumbnail","7":"category-ciclismo","8":"tag-alsacia","9":"tag-beloki","10":"tag-ciclismo","11":"tag-cycling","12":"tag-deportes","13":"tag-es","14":"tag-espana","15":"tag-logra","16":"tag-markel","17":"tag-primera","18":"tag-profesional","19":"tag-spain","20":"tag-sports","21":"tag-tour","22":"tag-victoria"},"share_on_mastodon":{"url":"","error":""},"_links":{"self":[{"href":"https:\/\/www.europesays.com\/es\/wp-json\/wp\/v2\/posts\/19193","targetHints":{"allow":["GET"]}}],"collection":[{"href":"https:\/\/www.europesays.com\/es\/wp-json\/wp\/v2\/posts"}],"about":[{"href":"https:\/\/www.europesays.com\/es\/wp-json\/wp\/v2\/types\/post"}],"author":[{"embeddable":true,"href":"https:\/\/www.europesays.com\/es\/wp-json\/wp\/v2\/users\/2"}],"replies":[{"embeddable":true,"href":"https:\/\/www.europesays.com\/es\/wp-json\/wp\/v2\/comments?post=19193"}],"version-history":[{"count":0,"href":"https:\/\/www.europesays.com\/es\/wp-json\/wp\/v2\/posts\/19193\/revisions"}],"wp:featuredmedia":[{"embeddable":true,"href":"https:\/\/www.europesays.com\/es\/wp-json\/wp\/v2\/media\/19194"}],"wp:attachment":[{"href":"https:\/\/www.europesays.com\/es\/wp-json\/wp\/v2\/media?parent=19193"}],"wp:term":[{"taxonomy":"category","embeddable":true,"href":"https:\/\/www.europesays.com\/es\/wp-json\/wp\/v2\/categories?post=19193"},{"taxonomy":"post_tag","embeddable":true,"href":"https:\/\/www.europesays.com\/es\/wp-json\/wp\/v2\/tags?post=19193"}],"curies":[{"name":"wp","href":"https:\/\/api.w.org\/{rel}","templated":true}]}}