{"id":191931,"date":"2025-10-21T16:46:11","date_gmt":"2025-10-21T16:46:11","guid":{"rendered":"https:\/\/www.europesays.com\/es\/191931\/"},"modified":"2025-10-21T16:46:11","modified_gmt":"2025-10-21T16:46:11","slug":"gabriel-rufian-sobre-su-baile-con-ester-exposito-le-comente-lo-valiente-que-era-en-cuanto-a-su-significacion-la-voz-de-galicia","status":"publish","type":"post","link":"https:\/\/www.europesays.com\/es\/191931\/","title":{"rendered":"Gabriel Rufi\u00e1n, sobre su baile con Ester Exp\u00f3sito: \u00abLe coment\u00e9 lo valiente que era en cuanto a su significaci\u00f3n\u00bb &#8211; La Voz de Galicia"},"content":{"rendered":"<ol>\n<li><a href=\"https:\/\/news.google.com\/rss\/articles\/CBMi9wFBVV95cUxNX21qWjJlTkhQdG03eVl1ZkNqZ2dZQ1hDNVA2QkpfRGh2Z3BBTl95NU5ydHI2cDdVcncwdHhXMW1IV1IyZ2JDVFQ1Z0lrOFRVeFVTdFdUNTE0bFBuSWZfbkNxZURWMjBKNW1kcGswYVJUcUhfc05oUFM1YWp6b25aWndqMHpwUVlQeGg2OGdwWUtSSFpEOHBmUGxtVjkzTjdJLXl3YU5xS0IyaGpXclVWaXZGdHhpTkFJQTFaanhnN05DNmhmVXpPX3F6QnBCbVFudkdrdzBVdS12eUZxZ0tMbkhVWVdpSEFjbk9FUkNJaTBadUhlNWJV0gGTAkFVX3lxTE1KbGU3M2dnUkhCaVRCZ2ZtaVVHbTRDV0NReVBqVnlJcXBac0JuRGZfRm9GOE1uTlVydzNEMnM1Y1RtUGoyZVVNbFc3N0NhbDc2UWxzcUJlclZ0bm1NeVQ0bXpjVHcyQVJ6ajVtaDdZemN3d0hKQUJBeXlxTWZRb2FsV1A3enZ5RmJ6U016OUNZWjVKQ0c1TjVSM21TaXVrdzVlZlNxNEdFZW5NWGZLeFpkcVp3U25reEU2anJzVkQwVmV2MDIxQjQxcDkwb2tsV2xIODFjUkZNVGkxRWgtSmxlOU5NcnNhcTI3MzY1QUxYRmhoajg3VmlBdTZad0s5MzBnTElvMjVIRDc3YjI0T1Mzbkdr?oc=5\" target=\"_blank\" rel=\"nofollow noopener\">Gabriel Rufi\u00e1n, sobre su baile con Ester Exp\u00f3sito: \u00abLe coment\u00e9 lo valiente que era en cuanto a su significaci\u00f3n\u00bb<\/a>&nbsp;&nbsp;La Voz de Galicia<\/li>\n<li><a href=\"https:\/\/news.google.com\/rss\/articles\/CBMigAFBVV95cUxORlpzMS1BdFB1b0dqX0ZaZGpJMmx2RXp6QTZmZ2N0RXBoY01hSk4xUlNvVWRiNnl3NE9IdkxJR0hzdlAzTWk4OHRLcWlNOUdRQkx6c1k5SlRCNjVQelZQanlaZHYxZFZobHFESjQ3UFFqT3RiMGxJY2NsVVRZTEFYdtIBgAFBVV95cUxNcklNdVdXUFRnYzROcGxmZDhtVS1uWXFvSWw1X1NxQVhudHd6cmR6R25KT0ExY1RkZVduRjFTVlBBYl96SG1lem5ucUFDQXlTSzBqanZJdEhOZXRfTHRBdDYtRzhKZGdWd3NQZ0pDZWl6eWl4eV9fYUxGZ1V3dFhqdw?oc=5\" target=\"_blank\" rel=\"nofollow noopener\">Gabriel Rufi\u00e1n habla de su bachata con Ester Exp\u00f3sito en La Revuelta: \u00abLe dije que era valiente su significaci\u00f3n con Gaza\u00bb<\/a>&nbsp;&nbsp;El Mundo<\/li>\n<li><a href=\"https:\/\/news.google.com\/rss\/articles\/CBMiygFBVV95cUxQYm1VdEpGbHo2eFpMSnBySV9aR2M2eWVuNk9Da3hUWHNWY2xzeWVJUGRGaGlxb3I2b2tkMWlvWU45NUlnQXh6ZWtfdVhCWU5GWUFud3RRQ081MHNXQmduT2FSY0YyWGVDZVlFWVoySGdmVkdkdWxfSW5CbUVqejZvSGZLNzcyc2k1UURFQUNrTUpkNHV4Z1Z1STNQaHFiUDIyQUNyT0ZEaXBjbFlEOGlITGFreC1kYU5Td29ORW1RTmFNUldQRk1zU3lB0gHPAUFVX3lxTFByb0MtODhRNW5sWE0wT0c5YlhRQWUtSThkb1pfT2ZZclMxNlJIM0ZpQXRLS3luTVJJZTAzT3JqdElkNEk5dlpTMmE0VkhvWS0zaW5kMFl3aGhhLUJJZUJnMjB3Z0ZhVnBrQlRfS3JWYm1BMm5pLUdSaHpSRjlNYkVoTm40cnBNZk1ZN0lpaHZMel9hN3lJdDRnNkxHakptQnc2NTJVWXMzdEdwbU9CMG00d1JZckNCaVFtT0VOUXpfNnV5cTNQaEpjdklPQjhWOA?oc=5\" target=\"_blank\" rel=\"nofollow noopener\">Gabriel Rufi\u00e1n, obligado a pronunciarse en &#8216;La revuelta&#8217; sobre su comentado baile con Ester Exp\u00f3sito<\/a>&nbsp;&nbsp;El Confidencial<\/li>\n<li><a href=\"https:\/\/news.google.com\/rss\/articles\/CBMikgJBVV95cUxPYVpXTlAtUXNlRWZOaFlWYnVsYmhrLW1Edm5CbjlDUF82UC11d2lyUTl3QzZuTlkzVlgwWU5rc3Q3T0Q0RWFkMm9hSDZlWGpuRXI1WmFyY19uNWMyZVlFaUJEVDZ0M0NNcGhuamtEQmdsVkhmVXdURV9hUHBJcVY3TnA3NzdWY21SM2RBNWFwbGt1VmJ0cTZtMHNGOVdra3F5amxhbldQamEzdmxfRkRpTHBkakoteTVzaG5ROUpwWDVnWFhpSzF0eEZlaE5Sa1FSeEhtX01TdUdGS0tPdEFFYnhTRk5jdm04cFFmQjVRVTZfeXU2aWZCS09kM05oeTA3Tm1ONGM2NThpbnFFTmhwSHlB0gGXAkFVX3lxTE14c1NTYlpqblMyY2RDZmpCRjRlMmN4azRNM1ZkQmpsZWwzajdhcURidERJSFdPY29XdzEza0NfeUZJMjdkTlRfNUJhYThxcENDNTZ3V3BWMndyaWhTQWpNOWJlYzV6WThGUFh3ejV0NVNZZ2tuUHMyMDFWM2x0cElIVFZWY2taNUNTSFpERmVhamFiYUpZVWpGc3Q5ZmM2d3lZSTNLQnJHMEZXTHhybUE2ZmdvWUdQTVpjNEdLWG1mVEFEalZPTlZyVkRSSFRuWEhJUG1qUzVtdXdGelBYS1lLdE1XdmhraHQ4TGpNX1RrWUgycVd2SWxhZ3duam56YnNWb1ZHTkQySmNQNE1rbHh3Z2Zibmtjdw?oc=5\" target=\"_blank\" rel=\"nofollow noopener\">Rufi\u00e1n aclara ante Broncano en &#8216;La Revuelta&#8217; su baile con Ester Exp\u00f3sito: &#8216;Me toc\u00f3 a m\u00ed durante un minuto y me grabaron&#8217;<\/a>&nbsp;&nbsp;heraldo.es<\/li>\n<li><a href=\"https:\/\/news.google.com\/rss\/articles\/CBMi-wFBVV95cUxQaXhqUEpsSENIMVQwUUdJX1dLOGI3S09jR2xXczlsZUtkSERYZU1FWmVGRW5jUjRTLWpkcnhQVUNFeEFVZjBKY01MRnhYZ0g3di1ZS3BvRkdUNnpyTnZBRlIwN2RSYUwwYkV3djI3RkwtVS1qUTRkVHQ0QUp2TFR3TTVLOUJaaXVTdzdOR2ItaXRZdnd6UnRUUXZ4Wjc2STJULWFfcnFYRUVpQzZCS19MazNGTWx6R0o3VV93QTNlTXdvMmlyRUY1U1hBYUNNcDhkc3puRkttY3JOMThVelpvc3BuLWhDSG85T2N3M3hQeUxxeF9ZR1ExWFlLYw?oc=5\" target=\"_blank\" rel=\"nofollow noopener\">Del ch\u00e1ndal a la bachata: el show de Rufi\u00e1n en TVE para explicar su v\u00eddeo con Ester Exp\u00f3sito<\/a>&nbsp;&nbsp;Libertad Digital<\/li>\n<\/ol>\n","protected":false},"excerpt":{"rendered":"Gabriel Rufi\u00e1n, sobre su baile con Ester Exp\u00f3sito: \u00abLe coment\u00e9 lo valiente que era en cuanto a su&hellip;\n","protected":false},"author":2,"featured_media":191932,"comment_status":"","ping_status":"","sticky":false,"template":"","format":"standard","meta":{"footnotes":""},"categories":[174],"tags":[255,9029,146,147,25,24,5232,256,5394,29956,23],"class_list":{"0":"post-191931","1":"post","2":"type-post","3":"status-publish","4":"format-standard","5":"has-post-thumbnail","7":"category-famosos","8":"tag-celebrities","9":"tag-david-broncano","10":"tag-entertainment","11":"tag-entretenimiento","12":"tag-es","13":"tag-espana","14":"tag-ester-exposito","15":"tag-famosos","16":"tag-gabriel-rufian","17":"tag-la-revuelta","18":"tag-spain"},"share_on_mastodon":{"url":"https:\/\/pubeurope.com\/@es\/115413174389581651","error":""},"_links":{"self":[{"href":"https:\/\/www.europesays.com\/es\/wp-json\/wp\/v2\/posts\/191931","targetHints":{"allow":["GET"]}}],"collection":[{"href":"https:\/\/www.europesays.com\/es\/wp-json\/wp\/v2\/posts"}],"about":[{"href":"https:\/\/www.europesays.com\/es\/wp-json\/wp\/v2\/types\/post"}],"author":[{"embeddable":true,"href":"https:\/\/www.europesays.com\/es\/wp-json\/wp\/v2\/users\/2"}],"replies":[{"embeddable":true,"href":"https:\/\/www.europesays.com\/es\/wp-json\/wp\/v2\/comments?post=191931"}],"version-history":[{"count":0,"href":"https:\/\/www.europesays.com\/es\/wp-json\/wp\/v2\/posts\/191931\/revisions"}],"wp:featuredmedia":[{"embeddable":true,"href":"https:\/\/www.europesays.com\/es\/wp-json\/wp\/v2\/media\/191932"}],"wp:attachment":[{"href":"https:\/\/www.europesays.com\/es\/wp-json\/wp\/v2\/media?parent=191931"}],"wp:term":[{"taxonomy":"category","embeddable":true,"href":"https:\/\/www.europesays.com\/es\/wp-json\/wp\/v2\/categories?post=191931"},{"taxonomy":"post_tag","embeddable":true,"href":"https:\/\/www.europesays.com\/es\/wp-json\/wp\/v2\/tags?post=191931"}],"curies":[{"name":"wp","href":"https:\/\/api.w.org\/{rel}","templated":true}]}}