{"id":191943,"date":"2025-10-21T16:53:11","date_gmt":"2025-10-21T16:53:11","guid":{"rendered":"https:\/\/www.europesays.com\/es\/191943\/"},"modified":"2025-10-21T16:53:11","modified_gmt":"2025-10-21T16:53:11","slug":"un-40-de-personas-con-esclerosis-multiple-en-espana-no-esta-satisfecho-con-el-tratamiento-de-sus-sintomas-esclerosis-multiple-espana","status":"publish","type":"post","link":"https:\/\/www.europesays.com\/es\/191943\/","title":{"rendered":"Un 40% de personas con Esclerosis M\u00faltiple en Espa\u00f1a no est\u00e1 satisfecho con el tratamiento de sus s\u00edntomas \u2022 Esclerosis m\u00faltiple Espa\u00f1a"},"content":{"rendered":"<p>        <img fetchpriority=\"high\" width=\"2048\" height=\"1365\" src=\"https:\/\/www.europesays.com\/es\/wp-content\/uploads\/2025\/10\/De-las-historias-sobre-los-sintomas-de-las-perosnas-con-EM-a-la-evidencia-Sabemos-lo-que-falta-y-aqu.png\" class=\"post-thumbnail__img wp-post-image wp-post-image\" alt=\"Un 40% de personas con Esclerosis M\u00faltiple en Espa\u00f1a no est\u00e1 satisfecho con el tratamiento de sus s\u00edntomas\" decoding=\"async\"  \/>    <\/p>\n<p>Esclerosis M\u00faltiple Espa\u00f1a (EME) ha participado junto a otras 23 organizaciones de Esclerosis M\u00faltiple en el estudio europeo Impacto de los S\u00edntomas de la Esclerosis M\u00faltiple (IMSS), liderado por la Plataforma Europea de Esclerosis M\u00faltiple (EMSP)<\/p>\n<p>\\\\n\\\\t\\\\t\\\\t\\\\t\\\\n\\\\t\\\\t\\\\t\\\\t\\\\t\\\\t\\\\t\\\\t\\\\t\\\\t\\\\t\\\\t\\\\t\\\\t\\\\t\\\\t\\\\t\\\\n\\\\t\\\\t\\\\t\\\\t\\\\t\\\\t\\\\t\\\\t\\\\t\\\\t\\\\t\\\\t\\\\t\\\\t\\\\t\\\\t\\\\n\\\\t\\\\t\\\\t\\\\t\\\\n\\\\t\\\\t\\\\t\\\\t\\\u00bb,\\\u00bbbody\\\u00bb:\\\u00bb\\\\t\\\\t\\\\t\\\\t\\\\n\\\\t\\\\t\\\\t\\\\t\\\\n\\\\t\\\\t\\\\t\\\\t\\\\t\\\\t\\\\t\\\\t\\\u00bb,\\\u00bbfooter\\\u00bb:\\\u00bb\\\u00bb},\\\u00bbstrict\\\u00bb:{\\\u00bbheader\\\u00bb:\\\u00bb\\\u00bb,\\\u00bbbody\\\u00bb:\\\u00bb\\\u00bb,\\\u00bbfooter\\\u00bb:\\\u00bb\\\u00bb},\\\u00bbadvanced\\\u00bb:{\\\u00bbheader\\\u00bb:\\\u00bb\\\u00bb,\\\u00bbbody\\\u00bb:\\\u00bb\\\u00bb,\\\u00bbfooter\\\u00bb:\\\u00bb\\\u00bb}}\u00bb,\u00bbgdpr_scor\u00bb:\u00bbtrue\u00bb,\u00bbwp_lang\u00bb:\u00bb\u00bb,\u00bbwp_consent_api\u00bb:\u00bbfalse\u00bb,\u00bbgdpr_nonce\u00bb:\u00bb2998d87fd3&#8243;};<br \/>\n\/* ]]> *\/<\/p>\n","protected":false},"excerpt":{"rendered":"Esclerosis M\u00faltiple Espa\u00f1a (EME) ha participado junto a otras 23 organizaciones de Esclerosis M\u00faltiple en el estudio europeo&hellip;\n","protected":false},"author":2,"featured_media":191944,"comment_status":"","ping_status":"","sticky":false,"template":"","format":"standard","meta":{"footnotes":""},"categories":[92],"tags":[53600,25,1815,24,165,53601,53602,166,6625,23],"class_list":{"0":"post-191943","1":"post","2":"type-post","3":"status-publish","4":"format-standard","5":"has-post-thumbnail","7":"category-salud","8":"tag-emsp","9":"tag-es","10":"tag-esclerosis-multiple","11":"tag-espana","12":"tag-health","13":"tag-imss","14":"tag-informe-europeo","15":"tag-salud","16":"tag-sintomas","17":"tag-spain"},"share_on_mastodon":{"url":"https:\/\/pubeurope.com\/@es\/115413202374144388","error":""},"_links":{"self":[{"href":"https:\/\/www.europesays.com\/es\/wp-json\/wp\/v2\/posts\/191943","targetHints":{"allow":["GET"]}}],"collection":[{"href":"https:\/\/www.europesays.com\/es\/wp-json\/wp\/v2\/posts"}],"about":[{"href":"https:\/\/www.europesays.com\/es\/wp-json\/wp\/v2\/types\/post"}],"author":[{"embeddable":true,"href":"https:\/\/www.europesays.com\/es\/wp-json\/wp\/v2\/users\/2"}],"replies":[{"embeddable":true,"href":"https:\/\/www.europesays.com\/es\/wp-json\/wp\/v2\/comments?post=191943"}],"version-history":[{"count":0,"href":"https:\/\/www.europesays.com\/es\/wp-json\/wp\/v2\/posts\/191943\/revisions"}],"wp:featuredmedia":[{"embeddable":true,"href":"https:\/\/www.europesays.com\/es\/wp-json\/wp\/v2\/media\/191944"}],"wp:attachment":[{"href":"https:\/\/www.europesays.com\/es\/wp-json\/wp\/v2\/media?parent=191943"}],"wp:term":[{"taxonomy":"category","embeddable":true,"href":"https:\/\/www.europesays.com\/es\/wp-json\/wp\/v2\/categories?post=191943"},{"taxonomy":"post_tag","embeddable":true,"href":"https:\/\/www.europesays.com\/es\/wp-json\/wp\/v2\/tags?post=191943"}],"curies":[{"name":"wp","href":"https:\/\/api.w.org\/{rel}","templated":true}]}}