{"id":191956,"date":"2025-10-21T17:01:08","date_gmt":"2025-10-21T17:01:08","guid":{"rendered":"https:\/\/www.europesays.com\/es\/191956\/"},"modified":"2025-10-21T17:01:08","modified_gmt":"2025-10-21T17:01:08","slug":"las-ventas-historia-y-curiosidades-del-famoso-edificio-de-madrid-que-esta-proximo-a-cumplir-sus-primeros-100-anos","status":"publish","type":"post","link":"https:\/\/www.europesays.com\/es\/191956\/","title":{"rendered":"Las Ventas: historia y curiosidades del famoso edificio de Madrid que est\u00e1 pr\u00f3ximo a cumplir sus primeros 100 a\u00f1os"},"content":{"rendered":"<p>\t\t<img width=\"821\" height=\"621\" src=\"https:\/\/www.europesays.com\/es\/wp-content\/uploads\/2025\/10\/dt-5-3.webp.webp\" class=\"attachment-tapa size-tapa wp-post-image\" alt=\"\" decoding=\"async\" loading=\"lazy\"  \/>\t\t<\/p>\n<p>La ic\u00f3nica plaza de toros de Las Ventas, en Madrid, no solo es un s\u00edmbolo de la tauromaquia espa\u00f1ola, sino tambi\u00e9n un referente cultural y arquitect\u00f3nico que atrae a turistas de todo el mundo.\n\t\t<\/p>\n<p>La plaza de toros de <strong>Las Ventas<\/strong>, ubicada en el barrio de Salamanca de Madrid, es una de las m\u00e1s emblem\u00e1ticas del mundo. Su construcci\u00f3n comenz\u00f3 en 1922 y fue inaugurada oficialmente el <strong>17 de junio de 1931<\/strong>, con un dise\u00f1o que reflejaba el estilo neomud\u00e9jar, caracter\u00edstico por su ladrillo visto y decoraciones cer\u00e1micas. Desde entonces, Las Ventas se ha consolidado como un lugar de referencia no solo para la tauromaquia, sino tambi\u00e9n para conciertos y eventos culturales.<\/p>\n<p>El arquitecto <strong>Jos\u00e9 Espelius Anduaga<\/strong> fue el encargado de crear esta imponente estructura, cuyo objetivo era reemplazar la antigua plaza de toros del barrio de Salamanca, insuficiente para la creciente demanda de espect\u00e1culos taurinos de la capital. A lo largo de casi un siglo, Las Ventas ha visto desfilar a los toreros m\u00e1s importantes de la historia, convirti\u00e9ndose en un icono cultural de Espa\u00f1a.<\/p>\n<p>Caracter\u00edsticas y arquitectura del edificio<\/p>\n<p><img loading=\"lazy\" decoding=\"async\" width=\"1000\" height=\"600\" src=\"https:\/\/www.europesays.com\/es\/wp-content\/uploads\/2025\/10\/cuerpo-12-3.webp.webp\" alt=\"Foto antigua de Las Ventas.\" class=\"wp-image-119466\"  \/><\/p>\n<p>La plaza de toros de <strong>Las Ventas<\/strong> es un verdadero gigante arquitect\u00f3nico. Algunas de sus principales caracter\u00edsticas incluyen:<\/p>\n<ul class=\"wp-block-list\">\n<li><strong>Capacidad:<\/strong> Aproximadamente 23.798 espectadores, lo que la convierte en una de las plazas m\u00e1s grandes de Europa.<\/li>\n<li><strong>Di\u00e1metro del ruedo:<\/strong> 60 metros.<\/li>\n<li><strong>Estilo arquitect\u00f3nico:<\/strong> Neomud\u00e9jar, con ladrillo visto, arcos de herradura y azulejos decorativos que representan motivos taurinos y tradicionales espa\u00f1oles.<\/li>\n<\/ul>\n<p>Adem\u00e1s, el edificio cuenta con un <strong>Museo Taurino<\/strong>, donde se exponen objetos hist\u00f3ricos, trajes de luces y fotograf\u00edas que relatan la evoluci\u00f3n de la tauromaquia en Espa\u00f1a. Los visitantes tambi\u00e9n pueden realizar <strong>visitas guiadas<\/strong>, accediendo a los palcos, la enfermer\u00eda y la capilla, descubriendo los rincones que suelen estar reservados a los profesionales del espect\u00e1culo.<\/p>\n<p>Curiosidades de Las Ventas<\/p>\n<p><img loading=\"lazy\" decoding=\"async\" width=\"1000\" height=\"600\" src=\"https:\/\/www.europesays.com\/es\/wp-content\/uploads\/2025\/10\/cuerpo-14-3.webp.webp\" alt=\"Fachada de Las Ventas.\" class=\"wp-image-119467\"  \/><\/p>\n<p>M\u00e1s all\u00e1 de su funci\u00f3n como plaza de toros, <strong>Las Ventas<\/strong> alberga datos curiosos que la hacen \u00fanica:<\/p>\n<ol class=\"wp-block-list\">\n<li><strong>Inicios hist\u00f3ricos:<\/strong> La primera corrida en Las Ventas se celebr\u00f3 en <strong>1931<\/strong>, con toros de la ganader\u00eda de Marqu\u00e9s de Villamejor.<\/li>\n<li><strong>Uso polifuncional:<\/strong> Adem\u00e1s de espect\u00e1culos taurinos, la plaza ha sido escenario de conciertos de artistas internacionales, eventos deportivos y actos culturales.<\/li>\n<li><strong>Icono cultural:<\/strong> Su arquitectura ha inspirado a numerosos edificios y se ha convertido en un s\u00edmbolo de Madrid, reconocible por su caracter\u00edstico ladrillo rojo y sus azulejos.<\/li>\n<\/ol>\n<p>La plaza tambi\u00e9n es conocida por su <strong>ambiente particular<\/strong>, donde se mezcla la tradici\u00f3n taurina con la curiosidad de turistas que desean conocer m\u00e1s sobre la cultura espa\u00f1ola. Su ubicaci\u00f3n en la capital facilita el acceso, y la zona est\u00e1 bien conectada mediante transporte p\u00fablico.<\/p>\n<p>\u00bfC\u00f3mo visitar Las Ventas?<\/p>\n<p><img loading=\"lazy\" decoding=\"async\" width=\"1000\" height=\"600\" src=\"https:\/\/www.europesays.com\/es\/wp-content\/uploads\/2025\/10\/cuerpo-13-3.webp.webp\" alt=\"Aspecto actual de Las Ventas.\" class=\"wp-image-119468\"  \/><\/p>\n<p>Visitar Las Ventas es una experiencia que combina historia, cultura y entretenimiento. Los visitantes pueden:<\/p>\n<ul class=\"wp-block-list\">\n<li>Recorrer el <strong>Museo Taurino<\/strong> y conocer la evoluci\u00f3n de la tauromaquia.<\/li>\n<li>Realizar <strong>visitas guiadas<\/strong> que incluyen los palcos, ruedo y zonas restringidas al p\u00fablico durante las corridas.<\/li>\n<li>Asistir a <strong>eventos y conciertos<\/strong>, disfrutando de la ac\u00fastica y el ambiente de la plaza.<\/li>\n<\/ul>\n<p>Para quienes deseen explorar m\u00e1s sobre la historia de Las Ventas, se recomienda consultar los recursos oficiales y planificar la visita para coincidir con alguna de las temporadas de espect\u00e1culos o actividades culturales.<\/p>\n<p>\t\t\t\t\t\t\t\tTEMAS<\/p>\n","protected":false},"excerpt":{"rendered":"La ic\u00f3nica plaza de toros de Las Ventas, en Madrid, no solo es un s\u00edmbolo de la tauromaquia&hellip;\n","protected":false},"author":2,"featured_media":191957,"comment_status":"","ping_status":"","sticky":false,"template":"","format":"standard","meta":{"footnotes":""},"categories":[277],"tags":[373,5297,209,168,1155,25,24,700,448,3728,205,23,167,374,4664,226],"class_list":{"0":"post-191956","1":"post","2":"type-post","3":"status-publish","4":"format-standard","5":"has-post-thumbnail","7":"category-toreo","8":"tag-bullfighting","9":"tag-construccion","10":"tag-cultura","11":"tag-deportes","12":"tag-edificio","13":"tag-es","14":"tag-espana","15":"tag-europa","16":"tag-historia","17":"tag-las-ventas","18":"tag-madrid","19":"tag-spain","20":"tag-sports","21":"tag-toreo","22":"tag-turismo","23":"tag-viajes"},"share_on_mastodon":{"url":"https:\/\/pubeurope.com\/@es\/115413233621094072","error":""},"_links":{"self":[{"href":"https:\/\/www.europesays.com\/es\/wp-json\/wp\/v2\/posts\/191956","targetHints":{"allow":["GET"]}}],"collection":[{"href":"https:\/\/www.europesays.com\/es\/wp-json\/wp\/v2\/posts"}],"about":[{"href":"https:\/\/www.europesays.com\/es\/wp-json\/wp\/v2\/types\/post"}],"author":[{"embeddable":true,"href":"https:\/\/www.europesays.com\/es\/wp-json\/wp\/v2\/users\/2"}],"replies":[{"embeddable":true,"href":"https:\/\/www.europesays.com\/es\/wp-json\/wp\/v2\/comments?post=191956"}],"version-history":[{"count":0,"href":"https:\/\/www.europesays.com\/es\/wp-json\/wp\/v2\/posts\/191956\/revisions"}],"wp:featuredmedia":[{"embeddable":true,"href":"https:\/\/www.europesays.com\/es\/wp-json\/wp\/v2\/media\/191957"}],"wp:attachment":[{"href":"https:\/\/www.europesays.com\/es\/wp-json\/wp\/v2\/media?parent=191956"}],"wp:term":[{"taxonomy":"category","embeddable":true,"href":"https:\/\/www.europesays.com\/es\/wp-json\/wp\/v2\/categories?post=191956"},{"taxonomy":"post_tag","embeddable":true,"href":"https:\/\/www.europesays.com\/es\/wp-json\/wp\/v2\/tags?post=191956"}],"curies":[{"name":"wp","href":"https:\/\/api.w.org\/{rel}","templated":true}]}}