{"id":191974,"date":"2025-10-21T17:12:10","date_gmt":"2025-10-21T17:12:10","guid":{"rendered":"https:\/\/www.europesays.com\/es\/191974\/"},"modified":"2025-10-21T17:12:10","modified_gmt":"2025-10-21T17:12:10","slug":"javier-ruiz-bromea-con-broncano-por-tener-a-rufian-y-replica-a-quienes-acusan-a-la-revuelta-de-servir-a-sanchez","status":"publish","type":"post","link":"https:\/\/www.europesays.com\/es\/191974\/","title":{"rendered":"Javier Ruiz bromea con Broncano por tener a Rufi\u00e1n, y replica a quienes acusan a &#8216;La Revuelta&#8217; de servir a S\u00e1nchez"},"content":{"rendered":"<p class=\"article-text\">\n        <strong>David Broncano<\/strong> sorprendi\u00f3 a los espectadores de <strong>RTVE <\/strong>comenzando la semana por todo lo alto. Tras un cruce de indirectas por redes sociales, <strong>Gabriel Rufi\u00e1n<\/strong> tom\u00f3 asiento en <strong>La Revuelta<\/strong>: su visita, con <a href=\"https:\/\/www.eldiario.es\/vertele\/noticias\/gabriel-rufian-visito-revuelta-veto-politico-advirtio-feijoo-alberto-vente-si-no-vendra-ayuso_1_12700153.html\" target=\"_blank\" data-mrf-recirculation=\"links-noticia\" class=\"link\" rel=\"nofollow noopener\">advertencia a Alberto N\u00fa\u00f1ez Feij\u00f3o incluida<\/a>, se convirti\u00f3 en l\u00edder de audiencia. Ya este martes, 21 de octubre, la entrevista del pol\u00edtico se col\u00f3 en la escaleta de<strong> <\/strong><strong>Ma\u00f1aneros 360<\/strong>, donde<strong> Javier Ruiz<\/strong> reaccion\u00f3 con varios comentarios tan ir\u00f3nicos como contundentes.\n    <\/p>\n<p>    <a href=\"https:\/\/www.eldiario.es\/vertele\/noticias\/rufian-celebra-victoria-hormiguero-mensaje-equipo-revuelta-si_1_12700608.html\" data-mrf-recirculation=\"saber-mas\" data-dl-event=\"saber-mas\" rel=\"nofollow noopener\" target=\"_blank\"><\/p>\n<p class=\"know-more__title\">Rufi\u00e1n celebra la victoria sobre &#8216;El Hormiguero&#8217; con un mensaje al equipo de &#8216;La Revuelta&#8217;: \u00abUn poco s\u00ed\u00bb<\/p>\n<p>            <img decoding=\"async\" class=\"lazy\" loading=\"lazy\" data-src=\"https:\/\/static.eldiario.es\/clip\/7b0ac2af-fb9e-401d-aeeb-5cc6c31ff33a_16-9-aspect-ratio_default_0.jpg\" src=\"data:image\/svg+xml,%3Csvg xmlns=\" http:=\"\" viewbox=\"0 0 880 495\" alt=\"Rufi\u00e1n celebra la victoria sobre 'El Hormiguero' con un mensaje al equipo de 'La Revuelta': &quot;Un poco s\u00ed&quot;\"\/><\/p>\n<p>                        <\/a><\/p>\n<p class=\"article-text\">\n        Dejando a un lado las <a href=\"https:\/\/www.eldiario.es\/politica\/aznar-afirma-migracion-necesaria-califica-discurso-deportaciones-masivas-populista_1_12697519.html\" target=\"_blank\" data-mrf-recirculation=\"links-noticia\" class=\"link\" rel=\"nofollow noopener\">declaraciones de Jos\u00e9 Mar\u00eda Aznar<\/a> sobre el Gobierno de Pedro S\u00e1nchez, el espacio matinal de La 1 aprovech\u00f3 para analizar la entrevista de Rufi\u00e1n. \u201c<strong>Est\u00e1 la tensi\u00f3n pol\u00edtica tan alta que la vamos a elevar <\/strong>un poquito m\u00e1s\u201d, comenz\u00f3 asegurando el presentador. Al instante, Ruiz se dirigi\u00f3 a su compa\u00f1ero: \u201cA ver, Broncano. Este era nuestro terreno, <strong>\u00bfqu\u00e9 haces t\u00fa llev\u00e1ndote pol\u00edticos a lo tuyo?<\/strong>\u201d, asegur\u00f3, siendo interrumpido por <strong>Adela Gonz\u00e1lez<\/strong>: \u201cPetarlo\u201d.\n    <\/p>\n<p class=\"article-text\">\n        El periodista continu\u00f3 reaccionando desde el plat\u00f3 de Ma\u00f1aneros 360, aprovechando la coyuntura para desmontar el argumentario de los cr\u00edticos contra RTVE: \u201c<strong>\u00bfPero no hab\u00edamos quedado en que a ti, Pedro S\u00e1nchez te pasa el folio, t\u00fa recitabas y ya est\u00e1?<\/strong> \u00a1Pero qu\u00e9 competencia es esta!\u201d. Sin duda, una declaraci\u00f3n que responde a los constantes ataques lanzados contra David Broncano, cuyo desembarco en la p\u00fablica se tild\u00f3 de <a href=\"https:\/\/www.eldiario.es\/vertele\/noticias\/broncano-presenta-revuelta-zanja-criticas-presupuesto-utilizacion-politica-han-dicho-barbaridades_1_11627352.html\" target=\"_blank\" data-mrf-recirculation=\"links-noticia\" class=\"link\" rel=\"nofollow noopener\">maniobra pol\u00edtica<\/a> contra <strong>El Hormiguero<\/strong>.\n    <\/p>\n<p class=\"article-text\">\n        \u201cEn fin, Broncano ha perdido la virginidad pol\u00edtica y se ha llevado a su primer pol\u00edtico. <strong>Gabriel Rufi\u00e1n, as\u00ed para empezar suavecito<\/strong>\u201d, asegur\u00f3 Ruiz antes de dar paso a un v\u00eddeo recopilatorio. En ese momento, Adela Gonz\u00e1lez se hizo con el turno de palabra para recordar a los espectadores que La Revuelta \u201c<strong>fue l\u00edder de audiencia<\/strong>\u201d frente al resto de ofertas de la competencia. \u201c<strong>Ah\u00ed lo dejo, por lo que sea<\/strong>\u201d, concluy\u00f3 al respecto.\n    <\/p>\n<p>    El contexto tras el comentario de Adela Gonz\u00e1lez<\/p>\n<p class=\"article-text\">\n        Cabe recordar que el <strong>incremento en audiencias<\/strong> que RTVE est\u00e1 viviendo desde el arranque de temporada, <a href=\"https:\/\/www.eldiario.es\/vertele\/audiencias-tv\/la-1-rtve-dispara-audiencias-radiografia-explosivo-auge-programas-diarios_1_12679932.html\" target=\"_blank\" data-mrf-recirculation=\"links-noticia\" class=\"link\" rel=\"nofollow noopener\">como analizamos en verTele<\/a>, trajo consigo un sinf\u00edn de <strong>especulaciones<\/strong>. En el caso de <strong>La Revuelta<\/strong>, sus registros han mejorado respecto al final de la temporada anterior, marcando una <strong>l\u00ednea ascendente <\/strong>que incluso le permiti\u00f3 cosechar algunos liderazgos frente a El Hormiguero. Por su parte,<strong> <\/strong><strong>Ma\u00f1aneros 360<\/strong> ha elevado sus marcas hasta alcanzar la <strong>primera posici\u00f3n en su franja <\/strong>de emisi\u00f3n.\n    <\/p>\n<p>    <a href=\"https:\/\/www.eldiario.es\/vertele\/noticias\/rufian-celebra-victoria-hormiguero-mensaje-equipo-revuelta-si_1_12700608.html\" data-mrf-recirculation=\"saber-mas-abajo\" data-dl-event=\"saber-mas-abajo\" rel=\"nofollow noopener\" target=\"_blank\"><\/p>\n<p class=\"know-more__title\">Rufi\u00e1n celebra la victoria sobre &#8216;El Hormiguero&#8217; con un mensaje al equipo de &#8216;La Revuelta&#8217;: \u00abUn poco s\u00ed\u00bb<\/p>\n<p>            <img decoding=\"async\" class=\"lazy\" loading=\"lazy\" data-src=\"https:\/\/static.eldiario.es\/clip\/7b0ac2af-fb9e-401d-aeeb-5cc6c31ff33a_16-9-aspect-ratio_default_0.jpg\" src=\"data:image\/svg+xml,%3Csvg xmlns=\" http:=\"\" viewbox=\"0 0 880 495\" alt=\"Rufi\u00e1n celebra la victoria sobre 'El Hormiguero' con un mensaje al equipo de 'La Revuelta': &quot;Un poco s\u00ed&quot;\"\/><\/p>\n<p>                        <\/a><\/p>\n<p class=\"article-text\">\n        Horas antes de que Gabriel Rufi\u00e1n tomase asiento en La Revuelta, Javier Ruiz visit\u00f3 el plat\u00f3 de <strong>Directo al grano<\/strong> para abordar precisamente los <a href=\"https:\/\/www.eldiario.es\/vertele\/noticias\/javier-ruiz-explica-directo-al-grano-disparos-rtve-audiencias-senala-duopolio-privado-tv-mananeros_1_12699188.html\" target=\"_blank\" data-mrf-recirculation=\"links-noticia\" class=\"link\" rel=\"nofollow noopener\">ataques a la p\u00fablica por las audiencias<\/a>. \u201cCuando os dan liderazgo a vosotros, <strong>Kantar Media<\/strong> manipula. Pero\u00a0<strong>debe de ser manipuladora a tiempo parcial\u00a0<\/strong>porque debe de ser fija discontinua. Cuando le da el liderazgo al informativo de Antena 3 a mediod\u00eda, esto no es manipular\u201d.\n    <\/p>\n","protected":false},"excerpt":{"rendered":"David Broncano sorprendi\u00f3 a los espectadores de RTVE comenzando la semana por todo lo alto. Tras un cruce&hellip;\n","protected":false},"author":2,"featured_media":191975,"comment_status":"","ping_status":"","sticky":false,"template":"","format":"standard","meta":{"footnotes":""},"categories":[171],"tags":[30439,13289,146,147,25,24,5264,13920,528,518,45069,5106,199,37011,23,214],"class_list":{"0":"post-191974","1":"post","2":"type-post","3":"status-publish","4":"format-standard","5":"has-post-thumbnail","7":"category-tv","8":"tag-bromea","9":"tag-broncano","10":"tag-entertainment","11":"tag-entretenimiento","12":"tag-es","13":"tag-espana","14":"tag-javier","15":"tag-replica","16":"tag-revuelta","17":"tag-rtve","18":"tag-rufian","19":"tag-ruiz","20":"tag-sanchez","21":"tag-servir","22":"tag-spain","23":"tag-tv"},"share_on_mastodon":{"url":"https:\/\/pubeurope.com\/@es\/115413276867862309","error":""},"_links":{"self":[{"href":"https:\/\/www.europesays.com\/es\/wp-json\/wp\/v2\/posts\/191974","targetHints":{"allow":["GET"]}}],"collection":[{"href":"https:\/\/www.europesays.com\/es\/wp-json\/wp\/v2\/posts"}],"about":[{"href":"https:\/\/www.europesays.com\/es\/wp-json\/wp\/v2\/types\/post"}],"author":[{"embeddable":true,"href":"https:\/\/www.europesays.com\/es\/wp-json\/wp\/v2\/users\/2"}],"replies":[{"embeddable":true,"href":"https:\/\/www.europesays.com\/es\/wp-json\/wp\/v2\/comments?post=191974"}],"version-history":[{"count":0,"href":"https:\/\/www.europesays.com\/es\/wp-json\/wp\/v2\/posts\/191974\/revisions"}],"wp:featuredmedia":[{"embeddable":true,"href":"https:\/\/www.europesays.com\/es\/wp-json\/wp\/v2\/media\/191975"}],"wp:attachment":[{"href":"https:\/\/www.europesays.com\/es\/wp-json\/wp\/v2\/media?parent=191974"}],"wp:term":[{"taxonomy":"category","embeddable":true,"href":"https:\/\/www.europesays.com\/es\/wp-json\/wp\/v2\/categories?post=191974"},{"taxonomy":"post_tag","embeddable":true,"href":"https:\/\/www.europesays.com\/es\/wp-json\/wp\/v2\/tags?post=191974"}],"curies":[{"name":"wp","href":"https:\/\/api.w.org\/{rel}","templated":true}]}}