{"id":191984,"date":"2025-10-21T17:17:07","date_gmt":"2025-10-21T17:17:07","guid":{"rendered":"https:\/\/www.europesays.com\/es\/191984\/"},"modified":"2025-10-21T17:17:07","modified_gmt":"2025-10-21T17:17:07","slug":"asi-fueron-los-dos-vestidos-de-novia-de-stella-del-carmen-en-su-boda-con-alex-gruszynski","status":"publish","type":"post","link":"https:\/\/www.europesays.com\/es\/191984\/","title":{"rendered":"As\u00ed fueron los dos vestidos de novia de Stella del Carmen en su boda con Alex Gruszynski"},"content":{"rendered":"<p data-journey-content=\"true\" data-node-id=\"1\" class=\"body-dropcap css-1vn2egp emevuu60\">La Abad\u00eda Retuerta, un exclusivo hotel de lujo situado en la provincia de Valladolid que fuera un antiguo monasterio, fue el enclave elegido para <strong data-node-id=\"1.1\">la boda entre Stella del Carmen,<\/strong> <strong data-node-id=\"1.3\"><a href=\"https:\/\/www.harpersbazaar.com\/es\/famosas\/el-estilo-de\/a68000915\/stella-banderas-despedida-soltera-boda-antonio-banderas-melani-griffith\/\" target=\"_blank\" data-vars-ga-outbound-link=\"https:\/\/www.harpersbazaar.com\/es\/famosas\/el-estilo-de\/a68000915\/stella-banderas-despedida-soltera-boda-antonio-banderas-melani-griffith\/\" data-vars-ga-ux-element=\"Hyperlink\" data-vars-ga-call-to-action=\"hija de Antonio Banderas y Melanie Griffith,\" data-node-id=\"1.3.0\" class=\"body-link css-156jt4g emevuu60\" rel=\"nofollow noopener\">hija de Antonio Banderas y Melanie Griffith,<\/a> y el financiero Alex Gruszynski<\/strong>. La pareja daba el &#8216;s\u00ed quiero&#8217; este pasado s\u00e1bado 18 de octubre ante una lista de invitados entre los que destacaban nombres como Dakota Johnson, hermana de la novia, o las hijas de Barack y Michelle Obama<strong data-node-id=\"1.5\">,<\/strong> Malia y Sasha.<\/p>\n<p data-journey-content=\"true\" data-node-id=\"4\" class=\"css-6wxqfj emevuu60\">Pese a la discreci\u00f3n del evento, marcado por un gran dispositivo de seguridad, las im\u00e1genes de la ceremonia no tardaron en filtrarse en diferentes medios y plataformas. La revista <a href=\"https:\/\/people.com\/stella-banderas-marries-alex-gruszynski-8748974\" target=\"_blank\" data-vars-ga-outbound-link=\"https:\/\/people.com\/stella-banderas-marries-alex-gruszynski-8748974\" data-vars-ga-ux-element=\"Hyperlink\" data-vars-ga-call-to-action=\"People\" data-node-id=\"4.1.0\" class=\"body-link css-156jt4g emevuu60\" rel=\"nofollow noopener\">People<\/a> fue la encargada de mostrar (por fin) <strong data-node-id=\"4.3\">el secreto mejor guardado, <a href=\"https:\/\/www.harpersbazaar.com\/es\/famosas\/el-estilo-de\/a68101997\/selena-gomez-ralph-lauren-boda-vestido-novia-fotos\/\" target=\"_blank\" data-vars-ga-outbound-link=\"https:\/\/www.harpersbazaar.com\/es\/famosas\/el-estilo-de\/a68101997\/selena-gomez-ralph-lauren-boda-vestido-novia-fotos\/\" data-vars-ga-ux-element=\"Hyperlink\" data-vars-ga-call-to-action=\"el vestido de la novia. \" data-node-id=\"4.3.1\" class=\"body-link css-156jt4g emevuu60\" rel=\"nofollow noopener\">el vestido de la novia. <\/a><\/strong><\/p>\n<p data-journey-content=\"true\" data-node-id=\"7\" class=\"css-6wxqfj emevuu60\">Tal y como deja ver la imagen, <a href=\"https:\/\/www.harpersbazaar.com\/es\/famosas\/el-estilo-de\/a60563184\/stella-banderas-hija-antonio-banderas-idioma-espana-vida-marbella\/\" target=\"_blank\" data-vars-ga-outbound-link=\"https:\/\/www.harpersbazaar.com\/es\/famosas\/el-estilo-de\/a60563184\/stella-banderas-hija-antonio-banderas-idioma-espana-vida-marbella\/\" data-vars-ga-ux-element=\"Hyperlink\" data-vars-ga-call-to-action=\"Stella del Carmen Banderas\" data-node-id=\"7.1\" class=\"body-link css-156jt4g emevuu60\" rel=\"nofollow noopener\">Stella del Carmen Banderas<\/a> apost\u00f3 por <a href=\"https:\/\/www.harpersbazaar.com\/es\/moda\/tendencias\/a65121200\/mejores-looks-boho-moderno-tendencia-verano-temporada-moda-mujer\/\" target=\"_blank\" data-vars-ga-outbound-link=\"https:\/\/www.harpersbazaar.com\/es\/moda\/tendencias\/a65121200\/mejores-looks-boho-moderno-tendencia-verano-temporada-moda-mujer\/\" data-vars-ga-ux-element=\"Hyperlink\" data-vars-ga-call-to-action=\"el estilo \" data-node-id=\"7.3\" class=\"body-link css-156jt4g emevuu60\" rel=\"nofollow noopener\">el <strong data-node-id=\"7.3.1\">estilo <\/strong><\/a><strong data-node-id=\"7.4.0\"><a href=\"https:\/\/www.harpersbazaar.com\/es\/moda\/tendencias\/a65121200\/mejores-looks-boho-moderno-tendencia-verano-temporada-moda-mujer\/\" target=\"_blank\" data-vars-ga-outbound-link=\"https:\/\/www.harpersbazaar.com\/es\/moda\/tendencias\/a65121200\/mejores-looks-boho-moderno-tendencia-verano-temporada-moda-mujer\/\" data-vars-ga-ux-element=\"Hyperlink\" data-vars-ga-call-to-action=\"boho\" data-node-id=\"7.4.0.0\" class=\"body-link css-156jt4g emevuu60\" rel=\"nofollow noopener\">boho<\/a><\/strong> con un vestido confeccionado en<strong data-node-id=\"7.6\"> tejido de encaje blanco<\/strong> con motivo floral, espectacular <strong data-node-id=\"7.8\">escote bardot<\/strong> y mangas largas ligeramente acampanadas que se ce\u00f1\u00eda por completo a su silueta gracias a un corte sirena muy favorecedor. Un dise\u00f1o rom\u00e1ntico que la hija de Antonio Banderas combin\u00f3, con acierto, con un delicado peinado con ondas que generaban volumen y movimiento a su larga melena.<\/p>\n<p data-journey-content=\"true\" data-node-id=\"11\" class=\"css-6wxqfj emevuu60\">Horas m\u00e1s tarde vieron la luz nuevas im\u00e1genes y v\u00eddeos, esta vez a trav\u00e9s de redes sociales, que daban detalles de la que habr\u00eda sido su segunda apuesta, un <strong data-node-id=\"11.1\">dise\u00f1o satinado<\/strong> bajo una <strong data-node-id=\"11.3\">est\u00e9tica m\u00e1s simple y minimalista<\/strong>. El v\u00eddeo, en el que <a href=\"https:\/\/www.harpersbazaar.com\/es\/famosas\/el-estilo-de\/a63913511\/stella-banderas-divorcio-padres-opinion-antonio-banderas-melanie-griffith\/\" target=\"_blank\" data-vars-ga-outbound-link=\"https:\/\/www.harpersbazaar.com\/es\/famosas\/el-estilo-de\/a63913511\/stella-banderas-divorcio-padres-opinion-antonio-banderas-melanie-griffith\/\" data-vars-ga-ux-element=\"Hyperlink\" data-vars-ga-call-to-action=\"Stella del Carmen\" data-node-id=\"11.5\" class=\"body-link css-156jt4g emevuu60\" rel=\"nofollow noopener\">Stella del Carmen<\/a> aparece bailando en su fiesta junto a la actriz americana Odessa A&#8217;zion, disfrutando del gran d\u00eda con un vestido largo con escote asim\u00e9trico y tejido fluido que ca\u00eda con sutileza por su figura sin ce\u00f1irse en exceso, que en este caso combinaba con stilettos en color blanco.<\/p>\n<p data-journey-content=\"true\" data-node-id=\"14\" class=\"css-6wxqfj emevuu60\">Dos opciones opuestas que reflejan el estilo tan personal de la hija de Melanie Griffith, convertida en una de las mujeres de referencia entre las nuevas generaciones. Admirada dentro y fuera de Hollywood.<\/p>\n","protected":false},"excerpt":{"rendered":"La Abad\u00eda Retuerta, un exclusivo hotel de lujo situado en la provincia de Valladolid que fuera un antiguo&hellip;\n","protected":false},"author":2,"featured_media":191985,"comment_status":"","ping_status":"","sticky":false,"template":"","format":"standard","meta":{"footnotes":""},"categories":[91],"tags":[253,146,147,25,24,23],"class_list":{"0":"post-191984","1":"post","2":"type-post","3":"status-publish","4":"format-standard","5":"has-post-thumbnail","7":"category-entretenimiento","8":"tag-discover","9":"tag-entertainment","10":"tag-entretenimiento","11":"tag-es","12":"tag-espana","13":"tag-spain"},"share_on_mastodon":{"url":"https:\/\/pubeurope.com\/@es\/115413296580134799","error":""},"_links":{"self":[{"href":"https:\/\/www.europesays.com\/es\/wp-json\/wp\/v2\/posts\/191984","targetHints":{"allow":["GET"]}}],"collection":[{"href":"https:\/\/www.europesays.com\/es\/wp-json\/wp\/v2\/posts"}],"about":[{"href":"https:\/\/www.europesays.com\/es\/wp-json\/wp\/v2\/types\/post"}],"author":[{"embeddable":true,"href":"https:\/\/www.europesays.com\/es\/wp-json\/wp\/v2\/users\/2"}],"replies":[{"embeddable":true,"href":"https:\/\/www.europesays.com\/es\/wp-json\/wp\/v2\/comments?post=191984"}],"version-history":[{"count":0,"href":"https:\/\/www.europesays.com\/es\/wp-json\/wp\/v2\/posts\/191984\/revisions"}],"wp:featuredmedia":[{"embeddable":true,"href":"https:\/\/www.europesays.com\/es\/wp-json\/wp\/v2\/media\/191985"}],"wp:attachment":[{"href":"https:\/\/www.europesays.com\/es\/wp-json\/wp\/v2\/media?parent=191984"}],"wp:term":[{"taxonomy":"category","embeddable":true,"href":"https:\/\/www.europesays.com\/es\/wp-json\/wp\/v2\/categories?post=191984"},{"taxonomy":"post_tag","embeddable":true,"href":"https:\/\/www.europesays.com\/es\/wp-json\/wp\/v2\/tags?post=191984"}],"curies":[{"name":"wp","href":"https:\/\/api.w.org\/{rel}","templated":true}]}}