{"id":192110,"date":"2025-10-21T18:33:11","date_gmt":"2025-10-21T18:33:11","guid":{"rendered":"https:\/\/www.europesays.com\/es\/192110\/"},"modified":"2025-10-21T18:33:11","modified_gmt":"2025-10-21T18:33:11","slug":"este-es-el-dia-en-el-que-volvemos-al-horario-de-invierno","status":"publish","type":"post","link":"https:\/\/www.europesays.com\/es\/192110\/","title":{"rendered":"este es el d\u00eda en el que volvemos al horario de invierno"},"content":{"rendered":"<p class=\"c-paragraph\">Inmersos en pleno oto\u00f1o, la duraci\u00f3n de los d\u00edas se va haciendo cada vez m\u00e1s corta, y esto es el preludio del esperado <b><a href=\"https:\/\/www.20minutos.es\/tags\/temas\/cambio-de-hora.html\" title=\"Cambio de Hora\" rel=\"nofollow noopener\" target=\"_blank\">cambio de hora<\/a><\/b> con el que Espa\u00f1a \u2014y dem\u00e1s pa\u00edses de Europa\u2014 se adaptan al horario de invierno. Ser\u00e1 a finales de este mes de octubre cuando haya que <b>ajustar las agujas del reloj<\/b>, de manera conviene marcar la fecha en los calendarios para evitar despistes.<\/p>\n<p class=\"c-paragraph\">As\u00ed, tal y como marca la legislaci\u00f3n vigente, el cambio de hora de invierno en Espa\u00f1a tiene lugar el <b>\u00faltimo fin de semana de octubre<\/b>, en la madrugada del s\u00e1bado 25 al domingo 26.<\/p>\n<p class=\"c-paragraph\">En esta ocasi\u00f3n, a diferencia del cambio de hora de primavera, tocar\u00e1 atrasar los relojes, por lo que <b>a las 3.00 h ser\u00e1n las 2.00 h<\/b>. De este modo, el domingo durar\u00e1 oficialmente una hora m\u00e1s, es decir, veinticinco horas.\u00a0En el caso de Canarias, los relojes pasar\u00e1n de marcar la 1.00 h a las 2.00 h.<\/p>\n<p class=\"c-paragraph\">En la mayor parte de los dispositivos electr\u00f3nicos, este cambio se realiza <b>de manera autom\u00e1tica<\/b>, por lo que no hace falta cambiar manualmente los relojes en m\u00f3viles, tabletas, smartwatches o televisores inteligentes.<\/p>\n<p class=\"c-paragraph\">El primer efecto evidente que tendr\u00e1 este cambio de hora sobre todos se ver\u00e1 reflejado en <b>las horas de luz<\/b>, ya que amanecer\u00e1 antes, pero tambi\u00e9n anochecer\u00e1 una hora antes.<\/p>\n<p> Encuesta \u00bfEst\u00e1s a favor de acabar con el cambio de hora?<\/p>\n<p class=\"c-detail--poll__claim\"> Esta encuesta no es cient\u00edfica y s\u00f3lo refleja la opini\u00f3n de aquellos lectores que han elegido participar. Los resultados no representan necesariamente la opini\u00f3n de los internautas en general o de los lectores al completo. <\/p>\n<p class=\"c-paragraph\">Aunque este cambio ha estado siempre justificado en la <b>reducci\u00f3n del consumo energ\u00e9tico<\/b>, con el fin de aprovechar mejor la luz del sol, su eficacia lleva casi una d\u00e9cada siendo cada vez m\u00e1s cuestionada, especialmente en lo que respecta al cambio de verano.<\/p>\n<p class=\"c-paragraph\">En el a\u00f1o 2018, se present\u00f3 ante el Consejo Europeo\u00a0<b>una propuesta<\/b> para suprimir este cambio de hora estacional que tiene lugar dos veces al a\u00f1o en los pa\u00edses de la UE. Sin embargo, desde entonces la medida ha ca\u00eddo en saco roto y <b>\u00abno se ha adoptado ninguna decisi\u00f3n definitiva\u00bb<\/b> ni tampoco ning\u00fan plazo para tomar una decisi\u00f3n que pueda cambiar el sistema vigente, explican <a href=\"https:\/\/www.consilium.europa.eu\/es\/policies\/seasonal-time-changes\/\" rel=\"nofollow noreferrer noopener\" title=\"Ver m\u00e1s informaci\u00f3n en la web del Consejo Europeo\" target=\"_blank\">desde la web del organismo<\/a>.<\/p>\n<p class=\"c-paragraph\">Por su parte, desde el Parlamento Europeo\u00a0ya <b>vot\u00f3 en 2019 a favor de suprimir los dos cambios de hora<\/b> para el a\u00f1o 2021, algo que finalmente no se produjo, ya que tanto el Consejo como el Parlamento deben llegar a un acuerdo para poder aprobar la legislaci\u00f3n que elimine este cambio de hora estacional.<\/p>\n<p class=\"c-paragraph\">En Espa\u00f1a, una comisi\u00f3n de expertos concluy\u00f3 en 2019 que <b>no era aconsejable<\/b> \u00abproducir ning\u00fan cambio precipitado en los husos horarios mientras no existiese un consenso compartido y una difusi\u00f3n pr\u00e1ctica a nuestra ciudadan\u00eda de los riesgos y oportunidades que comporta\u00bb.<\/p>\n<p class=\"c-paragraph\">Por su parte, el <a href=\"https:\/\/www.boe.es\/diario_boe\/txt.php?id=BOE-A-2022-4026\" rel=\"nofollow noreferrer noopener\" title=\"Ver Real Decreto en el BOE\" target=\"_blank\">Real Decreto 236\/2002, publicado en el BOE en 2022<\/a>, marca oficialmente el <b>calendario de fechas de inicio y fin<\/b> de la hora de verano para un periodo de cinco a\u00f1os. Por este motivo, no se esperan cambios, al menos, hasta despu\u00e9s de octubre de 2026, cuando tendr\u00e1 lugar el \u00faltimo ajuste anunciado.<\/p>\n","protected":false},"excerpt":{"rendered":"Inmersos en pleno oto\u00f1o, la duraci\u00f3n de los d\u00edas se va haciendo cada vez m\u00e1s corta, y esto&hellip;\n","protected":false},"author":2,"featured_media":192111,"comment_status":"","ping_status":"","sticky":false,"template":"","format":"standard","meta":{"footnotes":""},"categories":[5],"tags":[944,17,18,7556,25,24,13,14,11,1458,19,20,9,10,15,16,7745,23,12,21,22],"class_list":{"0":"post-192110","1":"post","2":"type-post","3":"status-publish","4":"format-standard","5":"has-post-thumbnail","7":"category-titulares","8":"tag-acerca","9":"tag-breaking-news","10":"tag-breakingnews","11":"tag-cambio","12":"tag-es","13":"tag-espana","14":"tag-featured-news","15":"tag-featurednews","16":"tag-headlines","17":"tag-hora","18":"tag-latest-news","19":"tag-latestnews","20":"tag-news","21":"tag-noticias","22":"tag-noticias-destacadas","23":"tag-noticiasdestacadas","24":"tag-se","25":"tag-spain","26":"tag-titulares","27":"tag-ultimas-noticias","28":"tag-ultimasnoticias"},"share_on_mastodon":{"url":"https:\/\/pubeurope.com\/@es\/115413595476637821","error":""},"_links":{"self":[{"href":"https:\/\/www.europesays.com\/es\/wp-json\/wp\/v2\/posts\/192110","targetHints":{"allow":["GET"]}}],"collection":[{"href":"https:\/\/www.europesays.com\/es\/wp-json\/wp\/v2\/posts"}],"about":[{"href":"https:\/\/www.europesays.com\/es\/wp-json\/wp\/v2\/types\/post"}],"author":[{"embeddable":true,"href":"https:\/\/www.europesays.com\/es\/wp-json\/wp\/v2\/users\/2"}],"replies":[{"embeddable":true,"href":"https:\/\/www.europesays.com\/es\/wp-json\/wp\/v2\/comments?post=192110"}],"version-history":[{"count":0,"href":"https:\/\/www.europesays.com\/es\/wp-json\/wp\/v2\/posts\/192110\/revisions"}],"wp:featuredmedia":[{"embeddable":true,"href":"https:\/\/www.europesays.com\/es\/wp-json\/wp\/v2\/media\/192111"}],"wp:attachment":[{"href":"https:\/\/www.europesays.com\/es\/wp-json\/wp\/v2\/media?parent=192110"}],"wp:term":[{"taxonomy":"category","embeddable":true,"href":"https:\/\/www.europesays.com\/es\/wp-json\/wp\/v2\/categories?post=192110"},{"taxonomy":"post_tag","embeddable":true,"href":"https:\/\/www.europesays.com\/es\/wp-json\/wp\/v2\/tags?post=192110"}],"curies":[{"name":"wp","href":"https:\/\/api.w.org\/{rel}","templated":true}]}}