{"id":192112,"date":"2025-10-21T18:34:12","date_gmt":"2025-10-21T18:34:12","guid":{"rendered":"https:\/\/www.europesays.com\/es\/192112\/"},"modified":"2025-10-21T18:34:12","modified_gmt":"2025-10-21T18:34:12","slug":"las-dos-mendocinas-que-van-por-el-ultimo-mundial-del-ano","status":"publish","type":"post","link":"https:\/\/www.europesays.com\/es\/192112\/","title":{"rendered":"Las dos mendocinas que van por el \u00faltimo Mundial del a\u00f1o"},"content":{"rendered":"<p>Dos mendocinas contin\u00faan su preparaci\u00f3n con la ilusi\u00f3n de participar del \u00faltimo <strong>Mundial<\/strong> que tendr\u00e1 el mundo deportivo en este 2025. Se trata de Macarena Sans y Ayel\u00e9n Garc\u00eda, jugadoras de <strong><a href=\"https:\/\/eleditormendoza.com.ar\/balonmano-a2425\" target=\"_blank\" rel=\"follow nofollow noopener\">balonmano<\/a><\/strong> femenino que sue\u00f1an con representar a <strong><a href=\"https:\/\/eleditormendoza.com.ar\/la-garra-a2426\" class=\"agrupador\" rel=\"2426 nofollow noopener\" target=\"_blank\">La Garra<\/a><\/strong> en la cita ecum\u00e9nica que tendr\u00e1 lugar en Alemania y Pa\u00edses Bajos.<\/p>\n<p>La <strong><a href=\"https:\/\/eleditormendoza.com.ar\/copa-del-mundo-a2534\" class=\"agrupador\" rel=\"2534 nofollow noopener\" target=\"_blank\">Copa del Mundo<\/a><\/strong>, que tendr\u00e1 a <strong><a href=\"https:\/\/eleditormendoza.com.ar\/argentina-a271\" class=\"agrupador\" rel=\"271 nofollow noopener\" target=\"_blank\"> Argentina<\/a><\/strong> como protagonista, se desarrollar\u00e1 entre el 26 de noviembre y el 14 de diciembre. Para llegar de la mejor manera posible, la albiceleste realiz\u00f3 una nueva concentraci\u00f3n en Espa\u00f1a (la cuarta del a\u00f1os) durante la semana pasada.<\/p>\n<p>balonmano   <\/p>\n<p>  <img loading=\"lazy\" decoding=\"async\" src=\"https:\/\/eleditormendoza.com.ar\/css-custom\/372\/lazy.svg\" data-td-src-property=\"https:\/\/media.eleditormendoza.com.ar\/p\/4abfe1255bfc7f156bc48e5617a7ffe5\/adjuntos\/372\/imagenes\/100\/068\/0100068122\/790x0\/smart\/balonmano.jpg\" alt=\"\" title=\"\" width=\"790\" height=\"444\" id=\"61540-Libre-1746828473_embed\"\/>    <\/p>\n<p>Adem\u00e1s de Sans y Garc\u00eda, hubo otras 14 deportistas convocadas a esta etapa de entrenamientos, la cual incluy\u00f3 trabajos t\u00e9cnicos, t\u00e1cticos y f\u00edsicos, m\u00e1s desaf\u00edos frente a un combinado local. El entrenador, Mariano Mu\u00f1oz, terminar\u00e1 de definir la n\u00f3mina e las pr\u00f3ximas semanas, auque las representantes de la provincia tienen grandes chances de integrar el equipo.<\/p>\n<p><strong>Argentina<\/strong>, que en esta primera etapa del torneo har\u00e1 base en Rotterdam, se medir\u00e1 con Pa\u00edses Bajos, Austria y Egipto. El estreno ser\u00e1 el viernes 28 de noviembre a las 16:30hs (horario de nuestro pa\u00eds) contra las neerlandesas, el domingo 30 a las 14hs ser\u00e1 el cruce con las austr\u00edacas y el martes 2 de diciembre, tambi\u00e9n a las 14hs, cerrar\u00e1 su participaci\u00f3n frente a las egipcias.<\/p>\n<p><a href=\"https:\/\/eleditormendoza.com.ar\/deportes\/balonmano-los-resultados-los-mendocinos-el-nacional-clubes-n5375254\" target=\"_blank\" rel=\"follow nofollow noopener\">Los tres primeros de cada zona avanzan a la Main Round con arrastre de puntos<\/a> y se medir\u00e1n contra los tres mejores del Grupo F que tiene como protagonistas a Francia, Polonia, T\u00fanez y China.<\/p>\n<p> El otro Mundial que tendr\u00e1 mendocinos <\/p>\n<p data-start=\"141\" data-end=\"443\">Adem\u00e1s del <strong>Mundial<\/strong> de <strong>balonmano<\/strong> femenino, en el que Sans y Garc\u00eda buscar\u00e1n su lugar, habr\u00e1 otra disciplina que contar\u00e1 con representantes de la provincia defendiendo los colores del pa\u00eds. Se trata del beach v\u00f3ley, cuya cita ecum\u00e9nica se desarrollar\u00e1 en Adelaida, Australia, del 14 al 23 de noviembre.<\/p>\n<p data-start=\"445\" data-end=\"629\">All\u00ed, la dupla integrada por Bautista Amieva y Maciel Bueno compartir\u00e1 el Grupo D junto a los alemanes Henning\/W\u00fcst, los brasile\u00f1os Evandro\/Arthur Lanci y los nicarag\u00fcenses Mora\/L\u00f3pez.<\/p>\n","protected":false},"excerpt":{"rendered":"Dos mendocinas contin\u00faan su preparaci\u00f3n con la ilusi\u00f3n de participar del \u00faltimo Mundial que tendr\u00e1 el mundo deportivo&hellip;\n","protected":false},"author":2,"featured_media":192113,"comment_status":"","ping_status":"","sticky":false,"template":"","format":"standard","meta":{"footnotes":""},"categories":[278],"tags":[376,168,25,24,375,23,167],"class_list":{"0":"post-192112","1":"post","2":"type-post","3":"status-publish","4":"format-standard","5":"has-post-thumbnail","7":"category-balonmano","8":"tag-balonmano","9":"tag-deportes","10":"tag-es","11":"tag-espana","12":"tag-handball","13":"tag-spain","14":"tag-sports"},"share_on_mastodon":{"url":"https:\/\/pubeurope.com\/@es\/115413599647048634","error":""},"_links":{"self":[{"href":"https:\/\/www.europesays.com\/es\/wp-json\/wp\/v2\/posts\/192112","targetHints":{"allow":["GET"]}}],"collection":[{"href":"https:\/\/www.europesays.com\/es\/wp-json\/wp\/v2\/posts"}],"about":[{"href":"https:\/\/www.europesays.com\/es\/wp-json\/wp\/v2\/types\/post"}],"author":[{"embeddable":true,"href":"https:\/\/www.europesays.com\/es\/wp-json\/wp\/v2\/users\/2"}],"replies":[{"embeddable":true,"href":"https:\/\/www.europesays.com\/es\/wp-json\/wp\/v2\/comments?post=192112"}],"version-history":[{"count":0,"href":"https:\/\/www.europesays.com\/es\/wp-json\/wp\/v2\/posts\/192112\/revisions"}],"wp:featuredmedia":[{"embeddable":true,"href":"https:\/\/www.europesays.com\/es\/wp-json\/wp\/v2\/media\/192113"}],"wp:attachment":[{"href":"https:\/\/www.europesays.com\/es\/wp-json\/wp\/v2\/media?parent=192112"}],"wp:term":[{"taxonomy":"category","embeddable":true,"href":"https:\/\/www.europesays.com\/es\/wp-json\/wp\/v2\/categories?post=192112"},{"taxonomy":"post_tag","embeddable":true,"href":"https:\/\/www.europesays.com\/es\/wp-json\/wp\/v2\/tags?post=192112"}],"curies":[{"name":"wp","href":"https:\/\/api.w.org\/{rel}","templated":true}]}}