{"id":192114,"date":"2025-10-21T18:35:19","date_gmt":"2025-10-21T18:35:19","guid":{"rendered":"https:\/\/www.europesays.com\/es\/192114\/"},"modified":"2025-10-21T18:35:19","modified_gmt":"2025-10-21T18:35:19","slug":"daniel-luque-pedro-gutierrez-moya-nino-de-la-capea-y-la-ganaderia-nunez-del-cuvillo-galardonados-con-los-premios-carrusel-taurino-2024-que-convoca-canal-sur-radio","status":"publish","type":"post","link":"https:\/\/www.europesays.com\/es\/192114\/","title":{"rendered":"Daniel Luque, Pedro Guti\u00e9rrez Moya &#8216;Ni\u00f1o de la Capea&#8217; y la Ganader\u00eda N\u00fa\u00f1ez del Cuvillo, galardonados con los Premios Carrusel Taurino 2024 que convoca Canal Sur Radio"},"content":{"rendered":"<p><strong>Daniel Luque, Pedro Guti\u00e9rrez Moya &#8216;Ni\u00f1o de la Capea&#8217; y la Ganader\u00eda N\u00fa\u00f1ez del Cuvillo<\/strong> han recogido este lunes, 20 de octubre, en el teatro de la Fundaci\u00f3n Cajasol en Sevilla, los <strong>Premios Carrusel Taurino<\/strong> que entrega cada temporada el programa de Canal Sur Radio, que este a\u00f1o cumplen su d\u00e9cimo tercera edici\u00f3n. La entrega de galardones se ha ofrecido por Radio Andaluc\u00eda Informaci\u00f3n (RAI).<\/p>\n<p><img decoding=\"async\" src=\"https:\/\/www.europesays.com\/es\/wp-content\/uploads\/2025\/10\/1761030418268carrusel_premiados_discursos.jpg\"\/><\/p>\n<p>El acto, que reconoce la trayectoria de grandes maestros y ganaderos, ha contado con la participaci\u00f3n de <strong>David Gil<\/strong>, secretario general de Interior; <strong>Juande Mellado<\/strong>, director general de RTVA; y <strong>Antonio Pulido<\/strong>; presidente de la Fundaci\u00f3n Cajasol. Han asistido tambi\u00e9n <strong>Isabel Cabrera<\/strong>; directora adjunta de CSRTV; <strong>Juan Vargas<\/strong>, director de Innovaci\u00f3n, Negocio y Comunicaci\u00f3n de la RTVA; <strong>Rafael Porras<\/strong>, presidente del Consejo de Administraci\u00f3n de RTVA; <strong>Juan Miguel Vega<\/strong>, director de Canal Sur Radio; y <strong>Ricardo S\u00e1nchez<\/strong>, delegado de la Junta de Andaluc\u00eda en Sevilla.<\/p>\n<p><img decoding=\"async\" src=\"https:\/\/www.europesays.com\/es\/wp-content\/uploads\/2025\/10\/1761030611590carrusel_familia_2.jpg\"\/><\/p>\n<p>Una edici\u00f3n m\u00e1s, <strong>Juan Ram\u00f3n Romero<\/strong>, director del espacio taurino de Canal Sur Radio, ha conducido la gala de los premios, un evento que ha contado con la asistencia, entre el p\u00fablico, de representantes de diferentes \u00e1mbitos del mundo del toro. Durante la gala, Antonio Pulido, Presidente de la Fundaci\u00f3n Cajasol, hizo entrega del <strong>Premio Carrusel Taurino a la Mejor Ganader\u00eda 2024, que ha reca\u00eddo en la de N\u00fa\u00f1ez del Cuvillo<\/strong>. <strong>Jaime Mora-Figueroa<\/strong>, nieto del empresario, fue el encargado de recoger el galard\u00f3n.<\/p>\n<p><img decoding=\"async\" src=\"https:\/\/www.europesays.com\/es\/wp-content\/uploads\/2025\/10\/1761030534353carrusel_juan_ramn.jpg\"\/><\/p>\n<p><img decoding=\"async\" src=\"https:\/\/www.europesays.com\/es\/wp-content\/uploads\/2025\/10\/1761030502659carrusel_premio_ganadero2.jpg\"\/><\/p>\n<p>En esta edici\u00f3n, el <strong>Premio Carrusel de Honor 2024 ha sido otorgado a Pedro Guti\u00e9rrez Moya &#8216;Ni\u00f1o de la Capea&#8217;<\/strong>, entregado por Juande Mellado, director de Canal Sur.<\/p>\n<p><img decoding=\"async\" src=\"https:\/\/www.europesays.com\/es\/wp-content\/uploads\/2025\/10\/1761030480204carrusel_premio_nio_capea.jpg\"\/><\/p>\n<p>Por \u00faltimo, el diestro <strong>Daniel Luque ha sigo galardonado con el Premio Carrusel Taurino 2024<\/strong> por su trayectoria y maestr\u00eda demostrada a lo largo de su vida profesional. David Gil, secretario general de Interior, ha sido el encargado de entregar este premio.<\/p>\n<p><img decoding=\"async\" src=\"https:\/\/www.europesays.com\/es\/wp-content\/uploads\/2025\/10\/1761030456306carrusel_premio_daniel_luque.jpg\"\/><\/p>\n<p>Los Premios Carrusel Taurino de Canal Sur Radio reconocen cada temporada a una figura del toreo, al torero y a la ganader\u00eda m\u00e1s destacada. La radio y televisi\u00f3n p\u00fablica andaluza\u00a0mantiene su apoyo a la fiesta de los toros y, adem\u00e1s de los programas que emite en antena, <strong>retransmite m\u00e1s de 40 festejos cada temporada<\/strong>.<\/p>\n<p>Los trofeos, con personalidad propia, son piezas \u00fanicas realizadas por la empresa andaluza <strong>PIEDRAMOL<\/strong>, que tradicionalmente realiza los galardones para los Premios Carrusel Taurino.<\/p>\n<p>El a\u00f1o pasado, los Premios Carrusel Taurino reconocieron la trayectoria de los diestros <strong>Manuel Escribano y Alfonso Ord\u00f3\u00f1ez Araujo y de la Ganader\u00eda Hijos de Celestino Cuadri<\/strong>.<\/p>\n<p><img decoding=\"async\" src=\"https:\/\/www.europesays.com\/es\/wp-content\/uploads\/2025\/10\/1761030576841carrusel_junta.jpg\"\/><\/p>\n<p><img decoding=\"async\" src=\"https:\/\/www.europesays.com\/es\/wp-content\/uploads\/2025\/10\/1761030813256carrusel_juande.jpg\"\/><\/p>\n<p><img decoding=\"async\" src=\"https:\/\/www.europesays.com\/es\/wp-content\/uploads\/2025\/10\/1761030385436carrusel_familia_radio.jpg\"\/><\/p>\n","protected":false},"excerpt":{"rendered":"Daniel Luque, Pedro Guti\u00e9rrez Moya &#8216;Ni\u00f1o de la Capea&#8217; y la Ganader\u00eda N\u00fa\u00f1ez del Cuvillo han recogido este&hellip;\n","protected":false},"author":2,"featured_media":192115,"comment_status":"","ping_status":"","sticky":false,"template":"","format":"standard","meta":{"footnotes":""},"categories":[277],"tags":[373,168,25,24,23,167,374],"class_list":{"0":"post-192114","1":"post","2":"type-post","3":"status-publish","4":"format-standard","5":"has-post-thumbnail","7":"category-toreo","8":"tag-bullfighting","9":"tag-deportes","10":"tag-es","11":"tag-espana","12":"tag-spain","13":"tag-sports","14":"tag-toreo"},"share_on_mastodon":{"url":"https:\/\/pubeurope.com\/@es\/115413603311790543","error":""},"_links":{"self":[{"href":"https:\/\/www.europesays.com\/es\/wp-json\/wp\/v2\/posts\/192114","targetHints":{"allow":["GET"]}}],"collection":[{"href":"https:\/\/www.europesays.com\/es\/wp-json\/wp\/v2\/posts"}],"about":[{"href":"https:\/\/www.europesays.com\/es\/wp-json\/wp\/v2\/types\/post"}],"author":[{"embeddable":true,"href":"https:\/\/www.europesays.com\/es\/wp-json\/wp\/v2\/users\/2"}],"replies":[{"embeddable":true,"href":"https:\/\/www.europesays.com\/es\/wp-json\/wp\/v2\/comments?post=192114"}],"version-history":[{"count":0,"href":"https:\/\/www.europesays.com\/es\/wp-json\/wp\/v2\/posts\/192114\/revisions"}],"wp:featuredmedia":[{"embeddable":true,"href":"https:\/\/www.europesays.com\/es\/wp-json\/wp\/v2\/media\/192115"}],"wp:attachment":[{"href":"https:\/\/www.europesays.com\/es\/wp-json\/wp\/v2\/media?parent=192114"}],"wp:term":[{"taxonomy":"category","embeddable":true,"href":"https:\/\/www.europesays.com\/es\/wp-json\/wp\/v2\/categories?post=192114"},{"taxonomy":"post_tag","embeddable":true,"href":"https:\/\/www.europesays.com\/es\/wp-json\/wp\/v2\/tags?post=192114"}],"curies":[{"name":"wp","href":"https:\/\/api.w.org\/{rel}","templated":true}]}}