{"id":192120,"date":"2025-10-21T18:40:17","date_gmt":"2025-10-21T18:40:17","guid":{"rendered":"https:\/\/www.europesays.com\/es\/192120\/"},"modified":"2025-10-21T18:40:17","modified_gmt":"2025-10-21T18:40:17","slug":"los-nueve-cambios-de-piloto-en-la-f1-para-la-primera-practica-en-mexico","status":"publish","type":"post","link":"https:\/\/www.europesays.com\/es\/192120\/","title":{"rendered":"Los nueve cambios de piloto en la F1 para la primera pr\u00e1ctica en M\u00e9xico"},"content":{"rendered":"<p>&#13;<br \/>\n                    &#13;<br \/>\n                        &#13;<br \/>\n&#13;<\/p>\n<p>La FP1 en el Hermanos Rodr\u00edguez no tendr\u00e1 a Verstappen, Hamilton y Gasly, entre otros.<\/p>\n<p>&#13;<br \/>\n<a onclick=\"vApp.ga4SelectContentEvent(&quot;Sainz fue sancionado y largar\\u00e1 cinco puestos m\\u00e1s atr\\u00e1s en el GP de M\\u00e9xico&quot;, &quot;Automovilismo&quot;, &quot;Interlinking&quot;);\" href=\"https:\/\/www.tycsports.com\/automovilismo\/carlos-sainz-jr-fue-sancionado-por-la-f1-largara-cinco-puestos-mas-atras-en-el-gp-de-mexico-id693683\" rel=\"nofollow noopener\" target=\"_blank\">&#13;<br \/>\n                    &#13;<br \/>\n                    &#13;<br \/>\n                    Sainz fue sancionado y largar\u00e1 cinco puestos m\u00e1s atr\u00e1s en el GP de M\u00e9xico<\/a> <img decoding=\"async\" class=\"mainImg r16x9\" width=\"416\" height=\"234\" fetchpriority=\"high\" src=\"https:\/\/www.europesays.com\/es\/wp-content\/uploads\/2025\/10\/lindblad_416x234.webp\"  alt=\"Lindblad\" title=\"Lindblad\"\/> Arvid Lindblad ya prob\u00f3 el Red Bull de Tsunoda en Silverstone. Ahora le toca el de Verstappen. (Mark Thompson\/Getty Images)<\/p>\n<p>        La primera pr\u00e1ctica libre para el <a onclick=\"ga4SelectContentEvent(&quot;Los nueve cambios de piloto en la F1 para la primera pr\\u00e1ctica del GP de M\\u00e9xico&quot;, &quot;Automovilismo&quot;, &quot;Nota&quot;);\" href=\"https:\/\/www.tycsports.com\/automovilismo\/f1-horarios-y-el-cronograma-completo-del-gp-de-mexico-id693300.html\" target=\"_blank\" rel=\"nofollow noopener\">Gran Premio de M\u00e9xico de la F\u00f3rmula 1<\/a><b> tendr\u00e1 nueve cambios de piloto<\/b>, dentro de las obligaciones que impone el reglamento deportivo para la temporada 2025. <b>El argentino Franco Colapinto qued\u00f3 a salvo<\/b>, porque ya cumpli\u00f3 con el cupo que le restaba a su auto.<\/p>\n<p>Los cambios para la sesi\u00f3n inicial en el Aut\u00f3dromo Hermanos Rodr\u00edguez ser\u00e1n:<\/p>\n<ul>\n<li><b>Arvid Lindblad <\/b>por Max Verstappen en Red Bull.<\/li>\n<li><b>Frederik Vest\u00ed <\/b>por George Russell en Mercedes.<\/li>\n<li><b>Antonio Fuoco <\/b>por Lewis Hamilton en Ferrari.<\/li>\n<li>El local <b>Patricio O&#8217;Ward<\/b>, en McLaren (no est\u00e1 confirmado por cu\u00e1l).<\/li>\n<li><b>Luke Browning <\/b>por Carlos Sainz en Williams.<\/li>\n<li><b>Jak Crawford<\/b> por Lance Stroll en Aston Martin.<\/li>\n<li><b>Ryo Hirakawa <\/b>por Oliver Bearman en Haas.<\/li>\n<li><b>Paul Aron <\/b>por Pierre Gasly en Alpine.<\/li>\n<li><b>Ayumu Iwasa<\/b> por Liam Lawson en Racing Bulls.<\/li>\n<\/ul>\n<p>&#13;<\/p>\n<p>        De acuerdo con las normas de la F1, todos los pilotos que no sean novatos (con menos de dos GPs) <b>deben ceder su auto para dos sesiones de pr\u00e1cticas<\/b> durante el a\u00f1o.<\/p>\n<p><b>Colapinto ya est\u00e1 cubierto <\/b>porque los cupos aplican al auto, no al piloto. Al #43\u00a0 ya se subi\u00f3 Aron en Italia y Jack Doohan, al principio del a\u00f1o, se lo cedi\u00f3 al local Ryo Hirakawa en Jap\u00f3n. A Gasly le restar\u00e1 una.<\/p>\n<p><img decoding=\"async\" class=\"mainImg r16x9\" width=\"416\" height=\"234\" fetchpriority=\"low\" loading=\"lazy\" src=\"https:\/\/www.europesays.com\/es\/wp-content\/uploads\/2025\/10\/paul-aron-_416x234.webp\"  alt=\"paul aron \" title=\"paul aron \"\/> Paul Aron se subi\u00f3 al Alpine de Colapinto en la FP1 en Monza. Ahora lo har\u00e1 con el auto de Gasly.<\/p>\n<p><b>        La incursi\u00f3n de Lindblad en Red Bull es la m\u00e1s llamativa.<\/b> El brit\u00e1nico de 18 a\u00f1os que corre en la F2 y ya estuvo por Yuki Tsunoda en la FP1 del GP de Gran Breta\u00f1a, est\u00e1 llamado a ser &#8216;el nuevo Verstappen&#8217; por la prensa europea y <a onclick=\"ga4SelectContentEvent(&quot;Los nueve cambios de piloto en la F1 para la primera pr\\u00e1ctica del GP de M\\u00e9xico&quot;, &quot;Automovilismo&quot;, &quot;Nota&quot;);\" href=\"https:\/\/www.tycsports.com\/automovilismo\/mercado-pilotos-f1-2026-colapinto-alpine-id692395.html\" target=\"_blank\" rel=\"nofollow noopener\">podr\u00eda subirse a uno de los Racing Bulls en 2026<\/a>.<\/p>\n<p>Tambi\u00e9n sobresalen<b> la nueva chance de McLaren para O&#8217;Ward<\/b>, el mexicano estrella de la IndyCar y<b> otra oportunidad para Aron en Alpine<\/b>, aunque la batalla interna que hace un mes plante\u00f3 el jefe Flavio Britatore parece cosa juzgada en favor de Colapinto, cuyo anuncio como titular para 2026 estar\u00eda al caer.<\/p>\n<p><img decoding=\"async\" class=\"mainImg r16x9\" width=\"416\" height=\"234\" fetchpriority=\"low\" loading=\"lazy\" src=\"https:\/\/www.europesays.com\/es\/wp-content\/uploads\/2025\/10\/oward_416x234.webp.webp\"  alt=\"O'Ward\" title=\"O'Ward\"\/> Pato O&#8217;Ward ya tuvo una pr\u00e1ctica libre oficial con McLaren, el a\u00f1o pasado en Abu Dhabi. (Kym Illman\/Getty Images)<\/p>\n<p class=\"subs-tag\">&#13;<br \/>\n            &#13;<br \/>\n            &#13;<br \/>\n            &#13;<br \/>\n            &#13;<br \/>\n            &#13;<br \/>\n         No te pierdas nada<\/p>\n<p>        &#13;<br \/>\n            Recib\u00ed las \u00faltimas noticias de F1 \u00a1y m\u00e1s!    &#13;<br \/>\n    &#13;<\/p>\n<p>&#13;<br \/>\n    &#13;<br \/>\n       &#13;<br \/>\n&#13;<br \/>\n        Te puede interesar<a href=\"https:\/\/www.tycsports.com\/automovilismo\/carlos-sainz-jr-fue-sancionado-por-la-f1-largara-cinco-puestos-mas-atras-en-el-gp-de-mexico-id693683.html\" onclick=\"ga4SelectContentEvent(&quot;Sainz fue sancionado y largar\\u00e1 cinco puestos m\\u00e1s atr\\u00e1s en el GP de M\\u00e9xico&quot;,&quot;Automovilismo&quot;,&quot;page_nota-comun-2024-blo_4109&quot;,&quot;Juan Manuel Collazo&quot;);\" class=\"cardImageHolder\" rel=\"nofollow noopener\" target=\"_blank\"><img decoding=\"async\" class=\"cardImage r16x9\" width=\"416\" height=\"234\" fetchpriority=\"low\" loading=\"lazy\" src=\"https:\/\/www.europesays.com\/es\/wp-content\/uploads\/2025\/10\/sainz-antonelli_416x234.webp\"  alt=\"Sainz fue sancionado y largar\u00e1 cinco puestos m\u00e1s atr\u00e1s en el GP de M\u00e9xico\" title=\"Sainz fue sancionado y largar\u00e1 cinco puestos m\u00e1s atr\u00e1s en el GP de M\u00e9xico\"\/><\/a><a href=\"https:\/\/www.tycsports.com\/automovilismo\/historico-f1-david-coulthard-rendido-ante-franco-colapinto-por-su-sobrepaso-pierre-gasly-eso-es-correr-id693551.html\" onclick=\"ga4SelectContentEvent(&quot;Un hist\\u00f3rico de la F\\u00f3rmula 1, rendido ante Colapinto por su sobrepaso a Gasly: \\&quot;Eso es correr\\&quot;&quot;,&quot;Automovilismo&quot;,&quot;page_nota-comun-2024-blo_4109&quot;,&quot;Marisa Pontieri&quot;);\" class=\"cardImageHolder\" rel=\"nofollow noopener\" target=\"_blank\"><img decoding=\"async\" class=\"cardImage r16x9\" width=\"416\" height=\"234\" fetchpriority=\"low\" loading=\"lazy\" src=\"https:\/\/www.europesays.com\/es\/wp-content\/uploads\/2025\/10\/colapinto-austin_416x234.webp\"  alt=\"Un hist\u00f3rico de la F\u00f3rmula 1, rendido ante Colapinto por su sobrepaso a Gasly: &quot;Eso es correr&quot;\" title=\"Un hist\u00f3rico de la F\u00f3rmula 1, rendido ante Colapinto por su sobrepaso a Gasly: &quot;Eso es correr&quot;\"\/><\/a><a href=\"https:\/\/www.tycsports.com\/automovilismo\/conclave-en-alpine-tras-la-polemica-por-el-sobrepaso-de-colapinto-a-gasly-id693522.html\" onclick=\"ga4SelectContentEvent(&quot;C\\u00f3nclave en Alpine tras la pol\\u00e9mica por el sobrepaso de Colapinto a Gasly&quot;,&quot;Automovilismo&quot;,&quot;page_nota-comun-2024-blo_4109&quot;,&quot;Juan Moreno&quot;);\" class=\"cardImageHolder\" rel=\"nofollow noopener\" target=\"_blank\"><img decoding=\"async\" class=\"cardImage r16x9\" width=\"416\" height=\"234\" fetchpriority=\"low\" loading=\"lazy\" src=\"https:\/\/www.europesays.com\/es\/wp-content\/uploads\/2025\/10\/1761072016_345_franco-colapinto_416x234.webp.webp\"  alt=\"C\u00f3nclave en Alpine tras la pol\u00e9mica por el sobrepaso de Colapinto a Gasly\" title=\"C\u00f3nclave en Alpine tras la pol\u00e9mica por el sobrepaso de Colapinto a Gasly\"\/><\/a><a href=\"https:\/\/www.tycsports.com\/automovilismo\/por-que-alpine-no-queria-que-colapinto-lo-pase-a-gasly-id693370.html\" onclick=\"ga4SelectContentEvent(&quot;Por qu\\u00e9 Alpine no quer\\u00eda que Colapinto lo pasara a Gasly&quot;,&quot;Automovilismo&quot;,&quot;page_nota-comun-2024-blo_4109&quot;,&quot;Juan Manuel Collazo&quot;);\" class=\"cardImageHolder\" rel=\"nofollow noopener\" target=\"_blank\"><img decoding=\"async\" class=\"cardImage r16x9\" width=\"416\" height=\"234\" fetchpriority=\"low\" loading=\"lazy\" src=\"https:\/\/www.europesays.com\/es\/wp-content\/uploads\/2025\/10\/1761072016_832_colapinto_416x234.webp\"  alt=\"Por qu\u00e9 Alpine no quer\u00eda que Colapinto lo pasara a Gasly\" title=\"Por qu\u00e9 Alpine no quer\u00eda que Colapinto lo pasara a Gasly\"\/><\/a><a href=\"https:\/\/www.tycsports.com\/automovilismo\/alpine-apunto-colapinto-desobedecer-ordenes-gp-estados-unidos-id693342.html\" onclick=\"ga4SelectContentEvent(&quot;Alpine apunt\\u00f3 contra Colapinto tras desobedecer las \\u00f3rdenes en el GP de Estados Unidos&quot;,&quot;Automovilismo&quot;,&quot;page_nota-comun-2024-blo_4109&quot;,&quot;Joaqu\\u00edn Grasso&quot;);\" class=\"cardImageHolder\" rel=\"nofollow noopener\" target=\"_blank\"><img decoding=\"async\" class=\"cardImage r16x9\" width=\"416\" height=\"234\" fetchpriority=\"low\" loading=\"lazy\" src=\"https:\/\/www.europesays.com\/es\/wp-content\/uploads\/2025\/10\/1761072017_186_colapinto_416x234.webp.webp\"  alt=\"Alpine apunt\u00f3 contra Colapinto tras desobedecer las \u00f3rdenes en el GP de Estados Unidos\" title=\"Alpine apunt\u00f3 contra Colapinto tras desobedecer las \u00f3rdenes en el GP de Estados Unidos\"\/><\/a><a href=\"https:\/\/www.tycsports.com\/automovilismo\/colapinto-no-escucha-y-sigue-2026-lo-espera-id693302.html\" onclick=\"ga4SelectContentEvent(&quot;Colapinto no escucha y sigue: 2026 lo espera&quot;,&quot;Automovilismo&quot;,&quot;page_nota-comun-2024-blo_4109&quot;,&quot;Juan Manuel Collazo&quot;);\" class=\"cardImageHolder\" rel=\"nofollow noopener\" target=\"_blank\"><img decoding=\"async\" class=\"cardImage r16x9\" width=\"416\" height=\"234\" fetchpriority=\"low\" loading=\"lazy\" src=\"https:\/\/www.europesays.com\/es\/wp-content\/uploads\/2025\/10\/gasly-colapinto_416x234.webp\"  alt=\"Colapinto no escucha y sigue: 2026 lo espera\" title=\"Colapinto no escucha y sigue: 2026 lo espera\"\/><\/a>&#13;<br \/>\n&#13;<br \/>\n    &#13;<br \/>\n&#13;<br \/>\n&#13;<br \/>\n                  &#13;<\/p>\n","protected":false},"excerpt":{"rendered":"&#13; &#13; &#13; &#13; La FP1 en el Hermanos Rodr\u00edguez no tendr\u00e1 a Verstappen, Hamilton y Gasly, entre&hellip;\n","protected":false},"author":2,"featured_media":192121,"comment_status":"","ping_status":"","sticky":false,"template":"","format":"standard","meta":{"footnotes":""},"categories":[270],"tags":[1763,168,25,24,306,271,272,23,167],"class_list":{"0":"post-192120","1":"post","2":"type-post","3":"status-publish","4":"format-standard","5":"has-post-thumbnail","7":"category-formula-1","8":"tag-automovilismo","9":"tag-deportes","10":"tag-es","11":"tag-espana","12":"tag-f1","13":"tag-formula-1","14":"tag-formula1","15":"tag-spain","16":"tag-sports"},"share_on_mastodon":{"url":"https:\/\/pubeurope.com\/@es\/115413623229574628","error":""},"_links":{"self":[{"href":"https:\/\/www.europesays.com\/es\/wp-json\/wp\/v2\/posts\/192120","targetHints":{"allow":["GET"]}}],"collection":[{"href":"https:\/\/www.europesays.com\/es\/wp-json\/wp\/v2\/posts"}],"about":[{"href":"https:\/\/www.europesays.com\/es\/wp-json\/wp\/v2\/types\/post"}],"author":[{"embeddable":true,"href":"https:\/\/www.europesays.com\/es\/wp-json\/wp\/v2\/users\/2"}],"replies":[{"embeddable":true,"href":"https:\/\/www.europesays.com\/es\/wp-json\/wp\/v2\/comments?post=192120"}],"version-history":[{"count":0,"href":"https:\/\/www.europesays.com\/es\/wp-json\/wp\/v2\/posts\/192120\/revisions"}],"wp:featuredmedia":[{"embeddable":true,"href":"https:\/\/www.europesays.com\/es\/wp-json\/wp\/v2\/media\/192121"}],"wp:attachment":[{"href":"https:\/\/www.europesays.com\/es\/wp-json\/wp\/v2\/media?parent=192120"}],"wp:term":[{"taxonomy":"category","embeddable":true,"href":"https:\/\/www.europesays.com\/es\/wp-json\/wp\/v2\/categories?post=192120"},{"taxonomy":"post_tag","embeddable":true,"href":"https:\/\/www.europesays.com\/es\/wp-json\/wp\/v2\/tags?post=192120"}],"curies":[{"name":"wp","href":"https:\/\/api.w.org\/{rel}","templated":true}]}}