{"id":192130,"date":"2025-10-21T18:45:12","date_gmt":"2025-10-21T18:45:12","guid":{"rendered":"https:\/\/www.europesays.com\/es\/192130\/"},"modified":"2025-10-21T18:45:12","modified_gmt":"2025-10-21T18:45:12","slug":"feria-del-libro-cordoba-feria-del-libro-de-cordoba-literatura-para-cuestionar-la-realidad","status":"publish","type":"post","link":"https:\/\/www.europesays.com\/es\/192130\/","title":{"rendered":"FERIA DEL LIBRO C\u00d3RDOBA | Feria del libro de C\u00f3rdoba, literatura para cuestionar la realidad"},"content":{"rendered":"<p class=\"ft-text\">Desde que el mundo es mundo, el <strong>pensamiento cr\u00edtico<\/strong> ha sido el motor de los cambios sociales que han hecho posible la evoluci\u00f3n del ser humano. Observar y cuestionar la realidad es la \u00fanica forma de hacer que el mundo siga girando y en ese proceso de transformaci\u00f3n, la literatura y la <a class=\"ft-link ft-link--decoration\" href=\"https:\/\/www.diariocordoba.com\/tags\/libros\/\" rel=\"nofollow noopener\" target=\"_blank\">lectura<\/a> como canal de transmisi\u00f3n juegan un papel fundamental. La<a class=\"ft-link ft-link--decoration\" href=\"https:\/\/www.diariocordoba.com\/tags\/feria-del-libro\/\" rel=\"nofollow noopener\" target=\"_blank\"> Feria del Libro<\/a> de <a class=\"ft-link ft-link--decoration\" href=\"https:\/\/www.diariocordoba.com\/local\/\" rel=\"nofollow noopener\" target=\"_blank\">C\u00f3rdoba<\/a> ofreci\u00f3 ayer al p\u00fablico la oportunidad de<strong> sentarse a reflexionar en compa\u00f1\u00eda de varios autores<\/strong>, que propusieron una realidad alternativa.<\/p>\n<p class=\"ft-text\">El escritor <strong>Xavier Guill\u00e9n<\/strong>, que se estren\u00f3 hace una d\u00e9cada con un poemario, Mar negro, que le vali\u00f3 el Premio Andaluc\u00eda Joven de Poes\u00eda, present\u00f3 su primera novela. <a class=\"ft-link ft-link--decoration\" href=\"https:\/\/www.diariocordoba.com\/tags\/arte\/\" rel=\"nofollow noopener\" target=\"_blank\"><strong>Arte<\/strong><\/a><strong> de hablar<\/strong> es una obra con muchas lecturas superpuestas que a trav\u00e9s de sus personajes pone sobre la mesa el absoluto <strong>poder de encantamiento <\/strong>que las innovaciones tecnol\u00f3gicas y las empresas que negocian con ellas <strong>ejercen sobre la ciudadan\u00eda<\/strong>, al tiempo que interpela al lector para <strong>que no se deje encandilar por ellas<\/strong>. \u00abYo no estoy en contra de la tecnolog\u00eda ni son un apocal\u00edtico, la tecnolog\u00eda es necesaria, pero creo que debemos luchar contra esa visi\u00f3n m\u00e1gica y acercarnos con un poquito m\u00e1s de prudencia y escepticismo a este tipo de innovaciones tecnol\u00f3gicas que <strong>nos est\u00e1n metiendo sin ning\u00fan tipo de control<\/strong>\u00bb. Guill\u00e9n critica que \u00ablos gobiernos no hagan lo que tienen que hacer contra este tipo de din\u00e1micas econ\u00f3micas\u00bb y se\u00f1ala \u00abc\u00f3mo <strong>las empresas tecnol\u00f3gicas imponen una ret\u00f3rica de superioridad<\/strong> que les permite no tener que cumplir con sus obligaciones fiscales de forma impune\u00bb.<\/p>\n<p class=\"ft-text\">En Arte de hablar (un t\u00edtulo homenaje a grandes tratados como El arte de amar y a la vez, una burla de la avalancha de libros de autoayuda que prometen que se puede cambiar la realidad solo con desearlo), el autor se vale de la<strong> jerga tecnol\u00f3gica<\/strong> y de un narrador omnisciente que se apodera por momentos del discurso para evidenciar esa <strong>distancia ficticia <\/strong>situada en un plano superior en la que se mueve este sector, seg\u00fan el autor. Fil\u00f3logo de profesi\u00f3n, expone el <strong>uso artificial y exagerado de anglicismos<\/strong> para reivindicar la riqueza de la lengua espa\u00f1ola y pone un <a class=\"ft-link ft-link--decoration\" href=\"https:\/\/www.diariocordoba.com\/cordoba\/espejo\/\" rel=\"nofollow noopener\" target=\"_blank\">espejo<\/a> ante el artificio que supone ese uso indebido de las palabras. <strong>\u00abCuidar el lenguaje es una forma de cuidarnos a nosotros mismos\u00bb<\/strong>, afirma convencido. Los cordobeses encuentran en la novela el aliciente a\u00f1adido de que la mayor parte de<strong> la acci\u00f3n se desarrolla en C\u00f3rdoba,<\/strong> por lo que los personajes igual se citan en el bar Limbo que acuden a la <a class=\"ft-link ft-link--decoration\" href=\"https:\/\/www.diariocordoba.com\/tags\/facultad-filosofia-y-letras\/\" rel=\"nofollow noopener\" target=\"_blank\">facultad de Filosof\u00eda y Letras<\/a>.<\/p>\n<p><img decoding=\"async\" src=\"https:\/\/www.europesays.com\/es\/wp-content\/uploads\/2025\/10\/64d11383-98bc-4bea-a337-ee545d3c9a6f_alta-libre-aspect-ratio_default_0.jpg\" width=\"1200\" height=\"800\" alt=\"Feria del libro, Elena L\u00e1zaro\" class=\"ft-helper-img-rd\" loading=\"lazy\" hasdataaida=\"true\"\/><\/p>\n<p class=\"ft-helper-fontColor-quaternary ft-helper-fontSize-body-S ft-helper-spacer-t-xxs\">Elena L\u00e1zaro, en la Feria del Libro de C\u00f3rdoba.  \/ Manuel Murillo<\/p>\n<p class=\"ft-text\">Antes que Guill\u00e9n, ocup\u00f3 el Bulevar del Libro la periodista cordobesa <strong>Elena L\u00e1zaro,<\/strong> que present\u00f3 el libro del que es coordinadora y coatura Otra historia de la ciencia, realizado junto a<strong> seis conocidas divulgadoras<\/strong>. A todas ellas, L\u00e1zaro les propuso contar seis historias diferentes que permitieran ver que el avance del conocimiento cient\u00edfico no es ni tan lineal, ni tan puro, ni tan exitoso como siempre nos cuentan. Y por supuesto, ni tan uniforme, <strong>ni tan hecho siempre por hombres de mediana edad heterosexuales<\/strong> que tienen momentos eureka\u00bb. El libro presenta los temas que han interesado a la historia de la ciencia, las voces silenciadas y los pasajes que se han dejado de contar porque no interesaban a quienes han escrito esa historia.<\/p>\n<p class=\"ft-text\">Las profesoras <strong>Marga S\u00e1nchez, Enriqueta Barranco y Clara Grima,<\/strong> la divulgadora <strong>Natalia Ruiz Zelmanovitch, <\/strong>las periodistas <strong>Susana Escudero y Roc\u00edo Benavente<\/strong> y la ilustradora<strong> Cirenia Arias<\/strong> presentan un relato alternativo sobre el pasado, el presente y el futuro de la ciencia y la manera de contarla. Cada una en su \u00e1rea de especializaci\u00f3n, bucean en materias como<strong> el avance de las sociedades prehist\u00f3ricas<\/strong> y la evoluci\u00f3n de las pr\u00e1cticas obst\u00e9tricas, se sumergen en el lado oscuro de la ciencia con temas como<strong> los fraudes cient\u00edficos y los zoos humanos<\/strong> y abordan el futuro de la ciencia deteni\u00e9ndose en las mujeres que revolucionaron la astronom\u00eda o la <a class=\"ft-link ft-link--decoration\" href=\"https:\/\/www.diariocordoba.com\/cordoba\/conquista\/\" rel=\"nofollow noopener\" target=\"_blank\">conquista<\/a> del espacio. L\u00e1zaro recalca a los posibles lectores <strong>que \u00abnadie se acerque al libro pensando que va a encontrar una historia cronol\u00f3gica<\/strong> del avance del conocimiento humano\u00bb y aclara que \u00abtampoco es una historia sobre el papel de las mujeres en la ciencia porque cuenta historias de hombres y de mujeres\u00bb.<\/p>\n<p><img decoding=\"async\" src=\"https:\/\/www.europesays.com\/es\/wp-content\/uploads\/2025\/10\/eddedad8-72ec-47f5-ab2e-fd0feac6ec51_alta-libre-aspect-ratio_default_0.jpg\" width=\"1200\" height=\"800\" alt=\"Carlos Sanclemente, en la presentaci\u00f3n de 'Ciza\u00f1a'.\" class=\"ft-helper-img-rd\" loading=\"lazy\" hasdataaida=\"true\"\/><\/p>\n<p class=\"ft-helper-fontColor-quaternary ft-helper-fontSize-body-S ft-helper-spacer-t-xxs\">Carlos Sanclemente, en la presentaci\u00f3n de &#8216;Ciza\u00f1a&#8217;.  \/ C\u00d3RDOBA<\/p>\n<p class=\"ft-text\">La jornada dio para mucho m\u00e1s, incluida la presentaci\u00f3n de una obra que tambi\u00e9n invita a cuestionar la condici\u00f3n humana, Ciza\u00f1a, premio de novela rural de la Diputaci\u00f3n, del colombiano<strong> Carlos Sanclemente. <\/strong><\/p>\n","protected":false},"excerpt":{"rendered":"Desde que el mundo es mundo, el pensamiento cr\u00edtico ha sido el motor de los cambios sociales que&hellip;\n","protected":false},"author":2,"featured_media":192131,"comment_status":"","ping_status":"","sticky":false,"template":"","format":"standard","meta":{"footnotes":""},"categories":[172],"tags":[224,119,2760,10634,146,147,25,24,599,5780,1496,225,671,2879,23],"class_list":{"0":"post-192130","1":"post","2":"type-post","3":"status-publish","4":"format-standard","5":"has-post-thumbnail","7":"category-libros","8":"tag-books","9":"tag-ciencia","10":"tag-cordoba","11":"tag-cuestionar","12":"tag-entertainment","13":"tag-entretenimiento","14":"tag-es","15":"tag-espana","16":"tag-feria","17":"tag-feria-del-libro","18":"tag-libro","19":"tag-libros","20":"tag-literatura","21":"tag-novelas","22":"tag-spain"},"share_on_mastodon":{"url":"https:\/\/pubeurope.com\/@es\/115413642622977585","error":""},"_links":{"self":[{"href":"https:\/\/www.europesays.com\/es\/wp-json\/wp\/v2\/posts\/192130","targetHints":{"allow":["GET"]}}],"collection":[{"href":"https:\/\/www.europesays.com\/es\/wp-json\/wp\/v2\/posts"}],"about":[{"href":"https:\/\/www.europesays.com\/es\/wp-json\/wp\/v2\/types\/post"}],"author":[{"embeddable":true,"href":"https:\/\/www.europesays.com\/es\/wp-json\/wp\/v2\/users\/2"}],"replies":[{"embeddable":true,"href":"https:\/\/www.europesays.com\/es\/wp-json\/wp\/v2\/comments?post=192130"}],"version-history":[{"count":0,"href":"https:\/\/www.europesays.com\/es\/wp-json\/wp\/v2\/posts\/192130\/revisions"}],"wp:featuredmedia":[{"embeddable":true,"href":"https:\/\/www.europesays.com\/es\/wp-json\/wp\/v2\/media\/192131"}],"wp:attachment":[{"href":"https:\/\/www.europesays.com\/es\/wp-json\/wp\/v2\/media?parent=192130"}],"wp:term":[{"taxonomy":"category","embeddable":true,"href":"https:\/\/www.europesays.com\/es\/wp-json\/wp\/v2\/categories?post=192130"},{"taxonomy":"post_tag","embeddable":true,"href":"https:\/\/www.europesays.com\/es\/wp-json\/wp\/v2\/tags?post=192130"}],"curies":[{"name":"wp","href":"https:\/\/api.w.org\/{rel}","templated":true}]}}