{"id":192177,"date":"2025-10-21T19:11:07","date_gmt":"2025-10-21T19:11:07","guid":{"rendered":"https:\/\/www.europesays.com\/es\/192177\/"},"modified":"2025-10-21T19:11:07","modified_gmt":"2025-10-21T19:11:07","slug":"estreno-reparto-sinopsis-y-todo-lo-que-sabemos-de-la-nueva-pelicula-de-almodovar","status":"publish","type":"post","link":"https:\/\/www.europesays.com\/es\/192177\/","title":{"rendered":"estreno, reparto, sinopsis y todo lo que sabemos de la nueva pel\u00edcula de Almod\u00f3var"},"content":{"rendered":"<p class=\"c-paragraph\"><b>Pedro Almod\u00f3var <\/b>vuelve. Despu\u00e9s del Le\u00f3n de Oro del Festival de Venecia el a\u00f1o pasado con <a href=\"https:\/\/www.20minutos.es\/cinemania\/criticas\/critica-habitacion-lado-un-punto-aparte-filmografia-vida-pedro-almodovar-5643746\/\" title=\"Cr\u00edtica de &#039;La habitaci\u00f3n de al lado&#039;: un punto y aparte en la filmograf\u00eda y vida de Pedro Almod\u00f3var\" rel=\"nofollow noopener\" target=\"_blank\">La habitaci\u00f3n de al lado,<\/a> con la que tambi\u00e9n gan\u00f3 el Goya de mejor guion adaptado (m\u00e1s otros dos premios, por fotograf\u00eda y m\u00fasica original),\u00a0el cinesta manchego ya ha terminado de rodar la que ser\u00e1 su <b>pr\u00f3xima pel\u00edcula. <\/b>\u00bfEl t\u00edtulo?\u00a0<b>Amarga Navidad.<\/b><\/p>\n<p class=\"c-paragraph\"><b>B\u00e1rbara Lennie, Victoria Luengo<\/b> y <b>Patrick Criado <\/b>fueron\u00a0los primeros nombres confirmados dentro de un reparto coral que tambi\u00e9n incluye a\u00a0<b>Leonardo Sbaraglia, Aitana S\u00e1nchez-Gij\u00f3n, Milena Smit<\/b>\u00a0y <b>Quim Guti\u00e9rrez. <\/b>El rodaje se ha desarrollado durante este verano, repartido entre Madrid y Lanzarote (isla que ya fue escenario de Los abrazos rotos, 2009) hasta el 12 de agosto.<\/p>\n<p class=\"c-paragraph\">Adem\u00e1s de haber sido empleado ya como t\u00edtulo en<b> uno de los relatos contenidos en El \u00faltimo sue\u00f1o (2023), el libro de cuentos de Almod\u00f3var,<\/b> Amarga Navidad es una referencia evidente a la canci\u00f3n hom\u00f3nima interpretada por <b>Chavela Vargas. <\/b>La cantante mexicana de origen costarricense\u00a0<b>ha acompa\u00f1ado durante muchos a\u00f1os la filmograf\u00eda de Almod\u00f3var,<\/b> escuch\u00e1ndose sus canciones en pel\u00edculas como Kika (1993), La flor de mi secreto (1995), Carne tr\u00e9mula (1997) o Julieta (2016).<\/p>\n<p>&#8216;Amarga Navidad&#8217;: fecha de estreno<\/p>\n<p class=\"c-paragraph\">La pel\u00edcula <b>llegar\u00e1 a los cines el 20 de marzo 2026 <\/b>distribuida por<b>\u00a0Warner Bros. Pictures Spain.<\/b> Tras el estreno en salas, se podr\u00e1 ver en exclusiva en<b>\u00a0Movistar Plus+.<\/b><\/p>\n<p>&#8216;Amarga Navidad&#8217;: reparto completo<\/p>\n<p class=\"c-paragraph\">El reparto conocido hasta ahora incluye a:<\/p>\n<ul>\n<li>B\u00e1rbara Lennie<\/li>\n<li>Leonardo Sbaraglia<\/li>\n<li>Aitana S\u00e1nchez-Gij\u00f3n<\/li>\n<li>Victoria Luengo<\/li>\n<li>Patrick Criado<\/li>\n<li>Milena Smit<\/li>\n<li>Quim Guti\u00e9rrez<\/li>\n<\/ul>\n<p>&#8216;Amarga Navidad&#8217;: sinopsis oficial<\/p>\n<p class=\"c-paragraph\"><b>Elsa es una directora de publicidad cuya madre muere<\/b> durante un largo puente del mes de diciembre. Encuentra refugio en el trabajo, aunque es m\u00e1s bien una huida hacia adelante. <b>Trabaja sin parar y, sin darse cuenta, no se concede el tiempo necesario para guardar el duelo <\/b>por la ausencia materna.\u00a0<\/p>\n<p class=\"c-paragraph\">Hasta que <b>una crisis de p\u00e1nico la obliga a detenerse e imponerse un descanso. <\/b>Su pareja, Bonifacio, es su tabla de salvaci\u00f3n en esos momentos de crisis.<b> Elsa decide viajar a la isla de Lanzarote acompa\u00f1ada por su amiga Patricia, que tambi\u00e9n necesita alejarse de Madrid,<\/b> mientras que Bonifacio se queda en la ciudad.<\/p>\n<p class=\"c-paragraph\">La historia de estos tres personajes, y algunos m\u00e1s, <b>se narran paralelamente a la del guionista y director de cine Ra\u00fal Dur\u00e1n, entremezclando ficci\u00f3n y realidad. <\/b>Porque Amarga Navidad desarrolla c\u00f3mo la vida y la ficci\u00f3n est\u00e1n unidas de un modo indisoluble, incluso doloroso en ocasiones.<\/p>\n<p>&#8216;Amarga Navidad&#8217;: primeras im\u00e1genes<\/p>\n","protected":false},"excerpt":{"rendered":"Pedro Almod\u00f3var vuelve. Despu\u00e9s del Le\u00f3n de Oro del Festival de Venecia el a\u00f1o pasado con La habitaci\u00f3n&hellip;\n","protected":false},"author":2,"featured_media":192178,"comment_status":"","ping_status":"","sticky":false,"template":"","format":"standard","meta":{"footnotes":""},"categories":[169],"tags":[7671,177,179,178,146,147,25,24,176,175,53636,7669,23,53635],"class_list":{"0":"post-192177","1":"post","2":"type-post","3":"status-publish","4":"format-standard","5":"has-post-thumbnail","7":"category-cine","8":"tag-barbara-lennie","9":"tag-cine","10":"tag-cinemania-noticias","11":"tag-cinemania-streaming","12":"tag-entertainment","13":"tag-entretenimiento","14":"tag-es","15":"tag-espana","16":"tag-film","17":"tag-movies","18":"tag-patrick-criado","19":"tag-pedro-almodovar","20":"tag-spain","21":"tag-vicky-luengo"},"share_on_mastodon":{"url":"https:\/\/pubeurope.com\/@es\/115413744606843649","error":""},"_links":{"self":[{"href":"https:\/\/www.europesays.com\/es\/wp-json\/wp\/v2\/posts\/192177","targetHints":{"allow":["GET"]}}],"collection":[{"href":"https:\/\/www.europesays.com\/es\/wp-json\/wp\/v2\/posts"}],"about":[{"href":"https:\/\/www.europesays.com\/es\/wp-json\/wp\/v2\/types\/post"}],"author":[{"embeddable":true,"href":"https:\/\/www.europesays.com\/es\/wp-json\/wp\/v2\/users\/2"}],"replies":[{"embeddable":true,"href":"https:\/\/www.europesays.com\/es\/wp-json\/wp\/v2\/comments?post=192177"}],"version-history":[{"count":0,"href":"https:\/\/www.europesays.com\/es\/wp-json\/wp\/v2\/posts\/192177\/revisions"}],"wp:featuredmedia":[{"embeddable":true,"href":"https:\/\/www.europesays.com\/es\/wp-json\/wp\/v2\/media\/192178"}],"wp:attachment":[{"href":"https:\/\/www.europesays.com\/es\/wp-json\/wp\/v2\/media?parent=192177"}],"wp:term":[{"taxonomy":"category","embeddable":true,"href":"https:\/\/www.europesays.com\/es\/wp-json\/wp\/v2\/categories?post=192177"},{"taxonomy":"post_tag","embeddable":true,"href":"https:\/\/www.europesays.com\/es\/wp-json\/wp\/v2\/tags?post=192177"}],"curies":[{"name":"wp","href":"https:\/\/api.w.org\/{rel}","templated":true}]}}