{"id":192212,"date":"2025-10-21T19:32:11","date_gmt":"2025-10-21T19:32:11","guid":{"rendered":"https:\/\/www.europesays.com\/es\/192212\/"},"modified":"2025-10-21T19:32:11","modified_gmt":"2025-10-21T19:32:11","slug":"la-promesa-avance-del-capitulo-702-del-miercoles-22-de-octubre-de-2025","status":"publish","type":"post","link":"https:\/\/www.europesays.com\/es\/192212\/","title":{"rendered":"&#8216;La Promesa&#8217;, avance del cap\u00edtulo 702 del mi\u00e9rcoles 22 de octubre de 2025"},"content":{"rendered":"<p data-journey-content=\"true\" data-node-id=\"4\" class=\"css-6wxqfj emevuu60\">En el <a href=\"https:\/\/www.diezminutos.es\/telenovela\/espanolas\/a69070248\/la-promesa-avance-capitulo-701-martes-21-octubre-2025-tve\/\" target=\"_blank\" data-vars-ga-outbound-link=\"https:\/\/www.diezminutos.es\/telenovela\/espanolas\/a69070248\/la-promesa-avance-capitulo-701-martes-21-octubre-2025-tve\/\" data-vars-ga-ux-element=\"Hyperlink\" data-vars-ga-call-to-action=\"cap\u00edtulo anterior de &#039;La Promesa&#039;\" data-node-id=\"4.1\" class=\"body-link css-177bzfx emevuu60\" rel=\"nofollow noopener\">cap\u00edtulo anterior de &#8216;La Promesa&#8217;<\/a>, Adriano decide entregar la carta de Catalina al detective a trav\u00e9s de Leocadia, pero la carta desaparece misteriosamente. Curro propone a \u00c1ngela que se case con Beltr\u00e1n para evitar su boda con el capit\u00e1n, sin revelar que la idea viene de Leocadia. \u00c1ngela rechaza el plan y empieza a sospechar que su madre est\u00e1 detr\u00e1s de todo. Vera recibe una carta de su hermano Federico que la anima a valorar su nueva vida y apostar por Lope. Petra baja por primera vez tras su enfermedad y es recibida con frialdad por sus compa\u00f1eros. Samuel le recuerda que su recuperaci\u00f3n no cambia la realidad ni las relaciones en el palacio. Manuel organiza el trabajo en el hangar y descubre que Enora finge su cojera.<\/p>\n<p><img draggable=\"true\" alt=\"la promesa tve pia y petra\" title=\"la promesa tve pia y petra\" loading=\"lazy\" width=\"4096\" height=\"2730\" decoding=\"async\" data-nimg=\"1\" style=\"color:transparent;width:100%;height:auto;\"   src=\"https:\/\/www.europesays.com\/es\/wp-content\/uploads\/2025\/10\/promesa-2-3-68f7596971c25.jpg\" class=\"css-0 e1g79fud0\"\/><\/p>\n<p>Productora<\/p>\n<p>Enora ha sido pillada in fraganti en \u2018La Promesa\u2019<\/p>\n<p data-journey-content=\"true\" data-node-id=\"9\" class=\"css-6wxqfj emevuu60\">La carta de Catalina ha desaparecido y Adriano la busca con desesperaci\u00f3n. Petra re\u00fane a todo el servicio para volver a agradecerles todo lo que han hecho por ella. Lope se ha reconciliado con Vera, pero cree que ella sigue teniendo un poso de tristeza y decide prepararle una cena rom\u00e1ntica para alegrarla. Enora ha sido pillada in fraganti en su mentira. Curro confiesa a Angela que Leocadia est\u00e1 tras la idea de desposarla con Beltr\u00e1n para evitar la boda con el capit\u00e1n de la Mata. Angela se rebela contra su madre y le pide que deje de meterse en su vida. Aun as\u00ed, Leocadia habla directamente con Beltr\u00e1n para comunicarle sus planes, dejando al muchacho picueto.<\/p>\n<p> Petra intenta reincorporarse en \u2018La Promesa\u2019<\/p>\n<p data-journey-content=\"true\" data-node-id=\"12\" class=\"css-6wxqfj emevuu60\">En el cap\u00edtulo de este mi\u00e9rcoles, en &#8216;<a href=\"https:\/\/www.diezminutos.es\/telenovela-la-promesa\/\" target=\"_blank\" data-vars-ga-outbound-link=\"https:\/\/www.diezminutos.es\/telenovela-la-promesa\/\" data-vars-ga-ux-element=\"Hyperlink\" data-vars-ga-call-to-action=\"La Promesa\" data-node-id=\"12.1\" class=\"body-link css-177bzfx emevuu60\" rel=\"nofollow noopener\">La Promesa<\/a>&#8216;, en TVE, Adriano entrega a Leocadia la carta de Catalina para que se la d\u00e9 al detective. Leocadia y Crist\u00f3bal estudian la carta y dudan de su autenticidad. Alonso revive recuerdos dolorosos al ver a Martina con los ni\u00f1os y expresa su pesar por la ausencia de Catalina. Leocadia propone a Beltr\u00e1n casarse con \u00c1ngela para impedir la boda con Lorenzo, propuesta que \u00c1ngela acepta por recomendaci\u00f3n de Curro, aunque este sufre por su decisi\u00f3n. Enora est\u00e1 dispuesta a revelar la verdad. Petra intenta reincorporarse pese a no estar recuperada del todo y Leocadia quiere hablar con ella personalmente para comprobar c\u00f3mo se encuentra de verdad.<br data-node-id=\"12.3\"\/><\/p>\n<p><img src=\"https:\/\/www.europesays.com\/es\/wp-content\/uploads\/2025\/10\/1761075131_314_43af9b8f-983e-4e74-8e74-9a7479b0966b_1681831601.file\" alt=\"Headshot of Pilar Mart\u00ednez\" title=\"Headshot of Pilar Mart\u00ednez\" width=\"100%\" height=\"100%\" decoding=\"async\" loading=\"lazy\" class=\"css-o0wq4v ev8dhu53\"\/><\/p>\n<p>Pilar Mart\u00ednez es periodista especializada en contenidos de televisi\u00f3n y cultura, se gradu\u00f3 en la carrera en Periodismo en la Facultad de Ciencias de la Informaci\u00f3n (Universidad Complutense de Madrid) en el a\u00f1o 2018. Desde entonces ha pasado por las redacciones de Ecoteuve (El Economista), donde realiz\u00f3 sus primeras pr\u00e1cticas durante el verano del 2016.<\/p>\n<p>Posteriormente, concretamente, en el a\u00f1o 2017 se pas\u00f3 al grupo Hearst Espa\u00f1a, donde comenz\u00f3 su andadura en las revistas de televisi\u00f3n: Supertele, Teleprograma, Telenovela. Ahora colabora con Diez Minutos, en su versi\u00f3n web, donde se encarga de realizar los avances semanales de las ficciones diarias de moda, as\u00ed como entrevistas y art\u00edculos sobre los melodramas o telenovelas que aterrizan en nuestro pa\u00eds y aquellos que est\u00e1n por venir.<\/p>\n<p>Toda una cazadora de exclusivas. A esto, se suma su puesto como redactora jefe de la secci\u00f3n de novela narrativa en la revista Culturamas, medio digital de alto impacto al que lleva unida desde el a\u00f1o 2013. \u00c1vida lectora, cin\u00e9fila y seri\u00e9fila de primer nivel, ha hecho de su vocaci\u00f3n su oficio. \u00a0<\/p>\n","protected":false},"excerpt":{"rendered":"En el cap\u00edtulo anterior de &#8216;La Promesa&#8217;, Adriano decide entregar la carta de Catalina al detective a trav\u00e9s&hellip;\n","protected":false},"author":2,"featured_media":192213,"comment_status":"","ping_status":"","sticky":false,"template":"","format":"standard","meta":{"footnotes":""},"categories":[171],"tags":[253,146,147,25,24,23,214],"class_list":{"0":"post-192212","1":"post","2":"type-post","3":"status-publish","4":"format-standard","5":"has-post-thumbnail","7":"category-tv","8":"tag-discover","9":"tag-entertainment","10":"tag-entretenimiento","11":"tag-es","12":"tag-espana","13":"tag-spain","14":"tag-tv"},"share_on_mastodon":{"url":"https:\/\/pubeurope.com\/@es\/115413827364154105","error":""},"_links":{"self":[{"href":"https:\/\/www.europesays.com\/es\/wp-json\/wp\/v2\/posts\/192212","targetHints":{"allow":["GET"]}}],"collection":[{"href":"https:\/\/www.europesays.com\/es\/wp-json\/wp\/v2\/posts"}],"about":[{"href":"https:\/\/www.europesays.com\/es\/wp-json\/wp\/v2\/types\/post"}],"author":[{"embeddable":true,"href":"https:\/\/www.europesays.com\/es\/wp-json\/wp\/v2\/users\/2"}],"replies":[{"embeddable":true,"href":"https:\/\/www.europesays.com\/es\/wp-json\/wp\/v2\/comments?post=192212"}],"version-history":[{"count":0,"href":"https:\/\/www.europesays.com\/es\/wp-json\/wp\/v2\/posts\/192212\/revisions"}],"wp:featuredmedia":[{"embeddable":true,"href":"https:\/\/www.europesays.com\/es\/wp-json\/wp\/v2\/media\/192213"}],"wp:attachment":[{"href":"https:\/\/www.europesays.com\/es\/wp-json\/wp\/v2\/media?parent=192212"}],"wp:term":[{"taxonomy":"category","embeddable":true,"href":"https:\/\/www.europesays.com\/es\/wp-json\/wp\/v2\/categories?post=192212"},{"taxonomy":"post_tag","embeddable":true,"href":"https:\/\/www.europesays.com\/es\/wp-json\/wp\/v2\/tags?post=192212"}],"curies":[{"name":"wp","href":"https:\/\/api.w.org\/{rel}","templated":true}]}}