{"id":192216,"date":"2025-10-21T19:34:14","date_gmt":"2025-10-21T19:34:14","guid":{"rendered":"https:\/\/www.europesays.com\/es\/192216\/"},"modified":"2025-10-21T19:34:14","modified_gmt":"2025-10-21T19:34:14","slug":"la-pelicula-de-dani-rovira-que-fue-un-exito-en-taquilla-y-es-toda-una-joya-comica","status":"publish","type":"post","link":"https:\/\/www.europesays.com\/es\/192216\/","title":{"rendered":"la pel\u00edcula de Dani Rovira que fue un \u00e9xito en taquilla y es toda una joya c\u00f3mica"},"content":{"rendered":"\n<ul class=\"bodyList bodyList--unordered\">\n<li class=\"bodyList__item\"><a href=\"https:\/\/www.elconfidencial.com\/cultura\/cine\/2025-10-21\/pelicula-carlos-marques-marcet-david-verdaguer-distancia-1qrt_4231365\/\" target=\"_self\" rel=\"nofollow noopener\">Gan\u00f3 un Goya y est\u00e1 en Netflix: la pel\u00edcula con David Verdaguer que se adelant\u00f3 a los Zoom de la pandemia<\/a><\/li>\n<li class=\"bodyList__item\"><a href=\"https:\/\/www.elconfidencial.com\/cultura\/cine\/2025-10-20\/pelicula-tim-burton-20-aniversario-reestreno-cines-1qrt_4231412\/\" target=\"_self\" rel=\"nofollow noopener\">Este cl\u00e1sico de Tim Burton cumple 20 a\u00f1os, se inspir\u00f3 en una leyenda rusa, y ahora vuelve a los cines<\/a><\/li>\n<\/ul>\n<p> Las<strong> pel\u00edculas espa\u00f1olas<\/strong> est\u00e1n viviendo una segunda vida gracias a las plataformas de \u2018streaming\u2019. Producciones que hace unos a\u00f1os pasaron discretamente por los cines o tuvieron su momento de gloria en taquilla, hoy est\u00e1n encontrando <strong>nuevos p\u00fablicos en servicios como Prime Video. <\/strong>Comedias rom\u00e1nticas, thrillers o dramas nacionales <a href=\"https:\/\/www.elconfidencial.com\/cultura\/cine\/2025-10-20\/pelicula-tim-burton-20-aniversario-reestreno-cines-1qrt_4231412\/\" target=\"_self\" rel=\"nofollow noopener\">se redescubren cada semana,<\/a> confirmando que el cine espa\u00f1ol tiene mucho m\u00e1s que ofrecer de lo que muchos recuerdan. Uno de esos t\u00edtulos que vuelve a brillar con fuerza es \u2018Ahora o nunca\u2019, una cinta protagonizada por Dani Rovira y Mar\u00eda Valverde que mezcla amor, desastres y humor con un encanto muy particular. <\/p>\n<p> Estrenada en 2015 bajo la direcci\u00f3n de <strong>Mar\u00eda Ripoll, <\/strong>la pel\u00edcula nos presenta a \u00c1lex (Rovira) y Eva (Valverde), una pareja que, tras a\u00f1os de relaci\u00f3n, decide casarse en el pintoresco pueblo ingl\u00e9s donde se conocieron. Todo parece ir de maravilla, hasta que<strong> una huelga de controladores a\u00e9reos<\/strong> pone patas arriba los planes y separa a los novios. Desde ese momento, comienza una odisea repleta de enredos, situaciones absurdas y un sinf\u00edn de risas que mantienen al espectador enganchado de principio a fin. <\/p>\n<p>                (Fuente: Prime Video)            <\/p>\n<p> El guion, firmado por Jorge Lara y Francisco Roncal, <strong>logra el equilibrio entre la comedia rom\u00e1ntica y la aventura de carretera. <\/strong>No es solo una historia de amor, sino tambi\u00e9n una sucesi\u00f3n de desprop\u00f3sitos donde los personajes deben improvisar y adaptarse para llegar a tiempo al altar. Ese caos, tan propio de la vida real, convierte a Ahora o nunca en una pel\u00edcula cercana y divertida. <\/p>\n<p> En pleno auge tras el fen\u00f3meno de Ocho apellidos vascos, Dani Rovira consolid\u00f3 aqu\u00ed su talento para la comedia. Su personaje, un novio desesperado que intenta llegar a su boda mientras todo sale mal, <strong>encarna el carisma y la torpeza entra\u00f1able que lo han convertido en uno de los actores m\u00e1s queridos del cine espa\u00f1ol.<\/strong> Junto a \u00e9l brilla<strong> Mar\u00eda Valverde, <\/strong>que aporta el contrapunto perfecto con una interpretaci\u00f3n tierna y natural, capaz de equilibrar el humor con momentos de aut\u00e9ntica emoci\u00f3n. <\/p>\n<p>              <img decoding=\"async\" class=\"inTextNews__img\" alt=\"Foto: pelicula-luis-tosar-prime-video-nominada-goya-1qrt\" src=\"https:\/\/www.europesays.com\/es\/wp-content\/uploads\/2025\/10\/f.elconfidencial.com\/original\/fba\/196\/0b9\/fba1960b904148ce832c880c76b27376.jpg\"  \/>     <\/p>\n<p>TE PUEDE INTERESAR<\/p>\n<p>      <a class=\"inTextNews__title\" href=\"https:\/\/www.elconfidencial.com\/cultura\/cine\/2025-10-19\/pelicula-luis-tosar-prime-video-nominada-goya-1qrt_4227875\/\" onclick=\"window.ECCO.emit(&#039;amplitude&#039;, { dataEventName: &#039;click_related_article_module&#039;, data: { related_article_url: &#039;https:\/\/www.elconfidencial.com\/cultura\/cine\/2025-10-19\/pelicula-luis-tosar-prime-video-nominada-goya-1qrt_4227875\/&#039;, related_article_author: &#039;Alberto Richart&#039;, related_article_section: &#039;cine&#039; } })\" rel=\"nofollow noopener\" target=\"_blank\"> \u00abUna marcianada delirante\u00bb: la pel\u00edcula con Luis Tosar nominada al Goya que tienes que ver s\u00ed o s\u00ed en Prime Video <\/a>   <\/p>\n<p>    A. R.   <\/p>\n<p> El reparto se completa con nombres conocidos como <strong>Clara Lago, Yolanda Ramos, Joaqu\u00edn N\u00fa\u00f1ez<\/strong> o Alicia Rubio, que suman frescura y ritmo a la historia. Incluso la cantante <strong>Melody,<\/strong> conocida por su carrera musical, hizo aqu\u00ed su debut en la gran pantalla, aportando un toque inesperado a esta comedia coral. <\/p>\n<p> Aunque buena parte de la acci\u00f3n se sit\u00faa en la campi\u00f1a inglesa, muchas de las escenas se rodaron en Barcelona, <strong>San Feli\u00fa de Codinas, el valle de Camprod\u00f3n (Girona) <\/strong>y hasta \u00c1msterdam, demostrando que el cine espa\u00f1ol puede alcanzar un nivel de producci\u00f3n ambicioso sin perder su identidad. Esa combinaci\u00f3n de escenarios europeos, junto con la fotograf\u00eda luminosa y colorida, da a la pel\u00edcula una est\u00e9tica moderna y muy atractiva. <\/p>\n<p>              <img decoding=\"async\" class=\"inTextNews__img\" alt=\"Foto: pelicula-lucia-bose-70-aniversario-movistar-plus-1qrt\" src=\"https:\/\/www.europesays.com\/es\/wp-content\/uploads\/2025\/10\/f.elconfidencial.com\/original\/d71\/684\/ef2\/d71684ef23305ae8101042eb909c8378.jpg\"  \/>     <\/p>\n<p>TE PUEDE INTERESAR<\/p>\n<p>      <a class=\"inTextNews__title\" href=\"https:\/\/www.elconfidencial.com\/cultura\/cine\/2025-10-19\/pelicula-lucia-bose-70-aniversario-movistar-plus-1qrt_4230232\/\" onclick=\"window.ECCO.emit(&#039;amplitude&#039;, { dataEventName: &#039;click_related_article_module&#039;, data: { related_article_url: &#039;https:\/\/www.elconfidencial.com\/cultura\/cine\/2025-10-19\/pelicula-lucia-bose-70-aniversario-movistar-plus-1qrt_4230232\/&#039;, related_article_author: &#039;Alberto Richart&#039;, related_article_section: &#039;cine&#039; } })\" rel=\"nofollow noopener\" target=\"_blank\"> Cumple 70 a\u00f1os esta emblem\u00e1tica pel\u00edcula protagonizada por Luc\u00eda Bos\u00e9, y disponible en Movistar Plus+ <\/a>   <\/p>\n<p>    A. R.   <\/p>\n<p> La direcci\u00f3n de Mar\u00eda Ripoll \u2014una de las realizadoras m\u00e1s exitosas de Espa\u00f1a\u2014 imprime un ritmo \u00e1gil y visualmente din\u00e1mico, mientras que la banda sonora de Simon Smith <strong>mezcla estilos como el pop, el jazz o la electr\u00f3nica, <\/strong>con temas inolvidables como Alright de Supergrass o Walk Like an Egyptian de The Bangles. Incluso se cuela el cl\u00e1sico espa\u00f1ol Te estoy amando locamente de Las Grecas, que resume a la perfecci\u00f3n el esp\u00edritu del filme. <\/p>\n<p> Con un presupuesto de unos 2,9 millones de euros, Ahora o nunca se convirti\u00f3 en <strong>uno de los grandes \u00e9xitos del cine espa\u00f1ol dirigido por una mujer.<\/strong> Durante su primer fin de semana en cartelera atrajo a m\u00e1s de 220.000 espectadores y recaud\u00f3 1,5 millones de euros, cifras que confirmaron la excelente acogida del p\u00fablico. <\/p>\n<p> La pel\u00edcula es una de esas comedias espa\u00f1olas que funcionan como un reloj: <strong>ritmo, enredos, personajes entra\u00f1ables<\/strong> y una historia que, sin reinventar el g\u00e9nero, logra sacar una sonrisa incluso en los d\u00edas grises. Verla hoy en<strong> Prime Video <\/strong>es como reencontrarse con una vieja amiga: divertida, un poco ca\u00f3tica, pero imposible de no querer. Y si a\u00fan no la has visto, quiz\u00e1 este sea el mejor momento para hacerlo\u2026 porque, como dice su t\u00edtulo, es ahora o nunca. <\/p>\n","protected":false},"excerpt":{"rendered":"Gan\u00f3 un Goya y est\u00e1 en Netflix: la pel\u00edcula con David Verdaguer que se adelant\u00f3 a los Zoom&hellip;\n","protected":false},"author":2,"featured_media":192217,"comment_status":"","ping_status":"","sticky":false,"template":"","format":"standard","meta":{"footnotes":""},"categories":[169],"tags":[177,146,147,25,24,176,175,23],"class_list":{"0":"post-192216","1":"post","2":"type-post","3":"status-publish","4":"format-standard","5":"has-post-thumbnail","7":"category-cine","8":"tag-cine","9":"tag-entertainment","10":"tag-entretenimiento","11":"tag-es","12":"tag-espana","13":"tag-film","14":"tag-movies","15":"tag-spain"},"share_on_mastodon":{"url":"https:\/\/pubeurope.com\/@es\/115413835346381611","error":""},"_links":{"self":[{"href":"https:\/\/www.europesays.com\/es\/wp-json\/wp\/v2\/posts\/192216","targetHints":{"allow":["GET"]}}],"collection":[{"href":"https:\/\/www.europesays.com\/es\/wp-json\/wp\/v2\/posts"}],"about":[{"href":"https:\/\/www.europesays.com\/es\/wp-json\/wp\/v2\/types\/post"}],"author":[{"embeddable":true,"href":"https:\/\/www.europesays.com\/es\/wp-json\/wp\/v2\/users\/2"}],"replies":[{"embeddable":true,"href":"https:\/\/www.europesays.com\/es\/wp-json\/wp\/v2\/comments?post=192216"}],"version-history":[{"count":0,"href":"https:\/\/www.europesays.com\/es\/wp-json\/wp\/v2\/posts\/192216\/revisions"}],"wp:featuredmedia":[{"embeddable":true,"href":"https:\/\/www.europesays.com\/es\/wp-json\/wp\/v2\/media\/192217"}],"wp:attachment":[{"href":"https:\/\/www.europesays.com\/es\/wp-json\/wp\/v2\/media?parent=192216"}],"wp:term":[{"taxonomy":"category","embeddable":true,"href":"https:\/\/www.europesays.com\/es\/wp-json\/wp\/v2\/categories?post=192216"},{"taxonomy":"post_tag","embeddable":true,"href":"https:\/\/www.europesays.com\/es\/wp-json\/wp\/v2\/tags?post=192216"}],"curies":[{"name":"wp","href":"https:\/\/api.w.org\/{rel}","templated":true}]}}