{"id":192231,"date":"2025-10-21T19:43:18","date_gmt":"2025-10-21T19:43:18","guid":{"rendered":"https:\/\/www.europesays.com\/es\/192231\/"},"modified":"2025-10-21T19:43:18","modified_gmt":"2025-10-21T19:43:18","slug":"la-copa-de-la-reina-vuelve-a-bolanos","status":"publish","type":"post","link":"https:\/\/www.europesays.com\/es\/192231\/","title":{"rendered":"La Copa de la Reina vuelve a Bola\u00f1os"},"content":{"rendered":"<p>El Balonmano Bola\u00f1os inicia su camino este mi\u00e9rcoles (20.30 horas. Pabell\u00f3n Macarena Aguilar. Arbitraje de Rubio D\u00edaz y Fern\u00e1ndez-Montes Medina) en la Copa de la Reina. El conjunto bola\u00f1ego es ya un cl\u00e1sico de este torneo, que viene a premiar los buenos resultados de la campa\u00f1a anterior y que permite a un conjunto de Oro recibir a una escuadra de la m\u00e1xima categor\u00eda.<\/p>\n<p>En este caso, el Bola\u00f1os se enfrentar\u00e1 al Elda de una vieja conocida como la jugadora puertollanera Graci Duque, ex de las berenguelas que est\u00e1 ultimando la recuperaci\u00f3n de una grave lesi\u00f3n. Las alicantinas son octavas en la clasificaci\u00f3n de la Liga Iberdrola \u00aby es uno de los clubes que m\u00e1s est\u00e1 creciendo\u00bb, avisa el t\u00e9cnico de las bola\u00f1egas, Juanmi Fern\u00e1ndez, que otorga el papel de favoritas a las visitantes. \u00abEs un conjunto que est\u00e1 compitiendo muy bien y que va a m\u00e1s, con grandes fichajes\u00bb. En la pasada campa\u00f1a el Elda ya alcanz\u00f3 la fase final de este torneo, cayendo en cuartos de final frente al Porri\u00f1o.<\/p>\n<p>El t\u00e9cnico de las bola\u00f1egas ha recordado que esta participaci\u00f3n en la Copa de la Reina es un premio a los resultados cosechados el a\u00f1o pasado y que casi se ha convertido en una tradici\u00f3n su presencia en este torneo, \u00abcuando no es nada f\u00e1cil\u00bb.<\/p>\n<p>Este encuentro de Copa de la Reina llega tras un par\u00f3n en Liga en la Divisi\u00f3n de Honor Oro y Liga Iberdrola por los compromisos de las selecciones nacionales, aunque el Bola\u00f1os aprovech\u00f3 para disputar un amistoso con la selecci\u00f3n de Argentina (16-27), que estaba concentrada en Ciudad Real preparando su participaci\u00f3n en el Mundial.<\/p>\n<p>Salvo imprevisto de \u00faltima hora, todas las jugadoras estar\u00e1n disponibles. \u00abAfrontamos esta eliminatoria con ilusi\u00f3n y esperamos que el p\u00fablico venga a apoyarnos y que el pabell\u00f3n sea una fiesta\u00bb, afirm\u00f3 Juanmi Fern\u00e1ndez.<\/p>\n<p>El club aprovechar\u00e1 este partido para llevar a cabo la presentaci\u00f3n de los jugadores de la escuela.<\/p>\n<p>Los precios para el choque de Copa de la Reina son para los abonados 5 euros la general y 3 euros la joven; y para los no abonados, 8 euros la general y 4 euros la joven.<\/p>\n","protected":false},"excerpt":{"rendered":"El Balonmano Bola\u00f1os inicia su camino este mi\u00e9rcoles (20.30 horas. Pabell\u00f3n Macarena Aguilar. Arbitraje de Rubio D\u00edaz y&hellip;\n","protected":false},"author":2,"featured_media":192232,"comment_status":"","ping_status":"","sticky":false,"template":"","format":"standard","meta":{"footnotes":""},"categories":[278],"tags":[283,376,17746,1940,168,25,24,375,3233,8038,23,167],"class_list":{"0":"post-192231","1":"post","2":"type-post","3":"status-publish","4":"format-standard","5":"has-post-thumbnail","7":"category-balonmano","8":"tag-argentina","9":"tag-balonmano","10":"tag-balonmano-bolanos","11":"tag-ciudad-real","12":"tag-deportes","13":"tag-es","14":"tag-espana","15":"tag-handball","16":"tag-mundial-de-balonmano","17":"tag-precios","18":"tag-spain","19":"tag-sports"},"share_on_mastodon":{"url":"https:\/\/pubeurope.com\/@es\/115413870568000474","error":""},"_links":{"self":[{"href":"https:\/\/www.europesays.com\/es\/wp-json\/wp\/v2\/posts\/192231","targetHints":{"allow":["GET"]}}],"collection":[{"href":"https:\/\/www.europesays.com\/es\/wp-json\/wp\/v2\/posts"}],"about":[{"href":"https:\/\/www.europesays.com\/es\/wp-json\/wp\/v2\/types\/post"}],"author":[{"embeddable":true,"href":"https:\/\/www.europesays.com\/es\/wp-json\/wp\/v2\/users\/2"}],"replies":[{"embeddable":true,"href":"https:\/\/www.europesays.com\/es\/wp-json\/wp\/v2\/comments?post=192231"}],"version-history":[{"count":0,"href":"https:\/\/www.europesays.com\/es\/wp-json\/wp\/v2\/posts\/192231\/revisions"}],"wp:featuredmedia":[{"embeddable":true,"href":"https:\/\/www.europesays.com\/es\/wp-json\/wp\/v2\/media\/192232"}],"wp:attachment":[{"href":"https:\/\/www.europesays.com\/es\/wp-json\/wp\/v2\/media?parent=192231"}],"wp:term":[{"taxonomy":"category","embeddable":true,"href":"https:\/\/www.europesays.com\/es\/wp-json\/wp\/v2\/categories?post=192231"},{"taxonomy":"post_tag","embeddable":true,"href":"https:\/\/www.europesays.com\/es\/wp-json\/wp\/v2\/tags?post=192231"}],"curies":[{"name":"wp","href":"https:\/\/api.w.org\/{rel}","templated":true}]}}