{"id":192261,"date":"2025-10-21T20:03:04","date_gmt":"2025-10-21T20:03:04","guid":{"rendered":"https:\/\/www.europesays.com\/es\/192261\/"},"modified":"2025-10-21T20:03:04","modified_gmt":"2025-10-21T20:03:04","slug":"jd-vance-amenaza-a-hamas-y-deja-en-cuarentena-el-futuro-gobierno-palestino-en-su-visita-a-israel-para-salvar-la-tregua","status":"publish","type":"post","link":"https:\/\/www.europesays.com\/es\/192261\/","title":{"rendered":"JD Vance amenaza a Ham\u00e1s y deja en cuarentena el futuro Gobierno palestino en su visita a Israel para salvar la tregua"},"content":{"rendered":"<p class=\"article-text\">\n        Hace una semana Donald Trump celebraba con una cumbre en Egipto un alto el fuego que se calific\u00f3 como una paz que terminaba con un conflicto milenario. Sin embargo, una semana despu\u00e9s de aquella puesta en escena, la tregua entre Israel y Ham\u00e1s se tambalea.\n    <\/p>\n<p class=\"article-text\">\n        Desde entonces, el Ej\u00e9rcito israel\u00ed ha violado numerosas veces el alto el fuego con ataques sobre la Franja que han dejado decenas de muertos. El presidente de EEUU, Donald Trump, ha se\u00f1alado en los \u00faltimos d\u00edas los actos de violencia de Ham\u00e1s, llegando a decir que si  Ham\u00e1s \u201ccontin\u00faa asesinando gente en Gaza\u201d, EEUU e Israel no tendr\u00e1n \u201cm\u00e1s remedio que entrar y matarlos\u201d.\n    <\/p>\n<p class=\"article-text\">\n        As\u00ed, Trump ha querido enviar a su vicepresidente a Israel para intentar salvar la tregua. Su visita se produce tras la de dos altos enviados de la Casa Blanca y acompa\u00f1ada por un mensaje publicado este martes por Trump en Truth Social: \u201cNumerosos de nuestros ahora grandes aliados en Oriente Medio y alrededores me han informado expl\u00edcita y firmemente, con gran entusiasmo, que acoger\u00edan con agrado la oportunidad, a petici\u00f3n m\u00eda, de ir a Gaza con un gran contingente militar y \u201denderezar a Ham\u00e1s\u201c si contin\u00faa actuando mal, violando su acuerdo. Les dije a estos pa\u00edses y a Israel: \u201d\u00a1Todav\u00eda no!\u201c. A\u00fan hay esperanza de que Ham\u00e1s haga lo correcto. Si no lo hace, su fin ser\u00e1 r\u00e1pido y brutal\u201d.\n    <\/p>\n<p class=\"article-text\">\n        JD Vance ha aterrizado en el aeropuerto de Ben Guri\u00f3n de Tel Aviv, a las 12.22 p.m., hora local. Viajaba con su esposa, Usha, y Fueron recibidos en una alfombra roja, con dos banderas israel\u00edes y dos estadounidenses a cada lado, por el embajador de Estados Unidos en Israel, Mike Huckabee; el embajador de Israel en Estados Unidos, Yechiel Leiter; y el ministro de Justicia, Yariv Levin, seg\u00fan un portavoz de Vance.\n    <\/p>\n<p class=\"article-text\">\n        El vicepresidente de EEUU ha dado comparecido en una rueda de prensa este martes en la que, en relaci\u00f3n sobre el futuro gobierno de Gaza, ha dicho: \u201cEstamos creando una estructura de gobierno muy flexible a lo que suceda sobre el terreno en el futuro. Necesitamos reconstituir Gaza. Necesitamos asegurarnos de que tanto los palestinos que viven en Gaza como los israel\u00edes puedan vivir con cierto grado de seguridad y estabilidad. Estamos haciendo todo eso simult\u00e1neamente. Y luego, una vez que lleguemos a un punto en que tanto los gazat\u00edes como nuestros aliados israel\u00edes puedan tener cierto grado de seguridad, nos preocuparemos por la gobernanza a largo plazo de Gaza. Centr\u00e9monos en la seguridad, la reconstrucci\u00f3n, y en proporcionar alimentos y medicinas a la gente. Si llegamos al punto de discutir cu\u00e1l ser\u00e1 exactamente la estructura de gobierno en Gaza a largo plazo, entonces deber\u00edamos felicitarnos. Es un asunto clave, pero no lo anticipar\u00e9 hasta que lleguemos ah\u00ed\u201d.\n    <\/p>\n<p class=\"article-text\">\n        El vicepresidente de EEUU ha afirmado que los \u201cincentivos son que, a menos que Ham\u00e1s se desarme seg\u00fan el acuerdo, ocurrir\u00e1n cosas muy malas, y que, si se desarman, habr\u00e1 un futuro mejor para todos los que est\u00e9n al otro lado\u201d.\n    <\/p>\n<p class=\"article-text\">\n        En cuanto a la fuerza de seguridad internacional, \u201cestamos empezando a conceptualizar c\u00f3mo ser\u00eda\u201d. Y ha a\u00f1adido: \u201cNo habr\u00e1 tropas estadounidenses sobre el terreno en Gaza. El presidente de Estados Unidos lo ha dejado muy claro. Lo que podemos hacer es proporcionar una coordinaci\u00f3n \u00fatil. \u00bfC\u00f3mo se puede integrar a los Estados \u00c1rabes del Golfo, m\u00e1s Israel, m\u00e1s los turcos, m\u00e1s los indonesios? \u00bfC\u00f3mo lograr que esas personas colaboren para lograr una paz duradera? Los \u00fanicos verdaderos mediadores son Estados Unidos, y ese es el papel que vamos a desempe\u00f1ar. Creo que el pueblo estadounidense deber\u00eda estar orgulloso de saber que no habr\u00e1 tropas estadounidenses en Gaza\u201d.\n    <\/p>\n<p class=\"article-text\">\n        Seg\u00fan un portavoz de Vance, el vicepresidente ha mantenido un almuerzo de trabajo con el enviado especial estadounidense, Steve Witkoff, y Jared Kushner, exasesor y yerno del presidente Donald Trump, en unas instalaciones del aeropuerto.\n    <\/p>\n<p class=\"article-text\">\n        Este martes, tambi\u00e9n, Israel ha anunciado la identificaci\u00f3n del cuerpo de un reh\u00e9n liberado por militantes de Ham\u00e1s durante la noche, mientras que el principal negociador del grupo islamista afirm\u00f3 que mantienen su determinaci\u00f3n de implementar el acuerdo de alto el fuego para poner fin al genocidio que dura m\u00e1s de dos a\u00f1os, <a href=\"https:\/\/apnews.com\/article\/israel-palestinians-hamas-war-news-10-21-2025-29925b9671834bba6e24adb5f2e35b51\" data-mrf-recirculation=\"links-noticia\" class=\"link\" target=\"_blank\" rel=\"nofollow noopener\">informa The Associated Press<\/a>.\n    <\/p>\n<p class=\"article-text\">\n        Vance se reunir\u00e1 con el primer ministro israel\u00ed, Benjamin Netanyahu, y se espera que permanezca en la regi\u00f3n hasta el jueves. Dentro de su agenda est\u00e1 previsto que se re\u00fana con las familias de los rehenes cuyos cuerpos a\u00fan permanecen retenidos en Gaza y con algunos de los rehenes vivos liberados por Ham\u00e1s la semana pasada.\n    <\/p>\n<p class=\"article-text\">\n        Ese mismo martes, Witkoff y Kushner se reunieron en Tel Aviv con nueve rehenes liberados la semana pasada.\n    <\/p>\n<p class=\"article-text\">\n        Seg\u00fan los t\u00e9rminos del alto el fuego, Israel sigue esperando que Ham\u00e1s entregue los restos de 15 rehenes fallecidos. Trece cuerpos han sido liberados desde que comenz\u00f3 el alto el fuego.\n    <\/p>\n<p class=\"article-text\">\n        El Ministerio de Salud de Gaza, parte del gobierno dirigido por Ham\u00e1s, inform\u00f3 de que Israel transfiri\u00f3 los cuerpos de 15 palestinos a Gaza como parte del alto el fuego. El Comit\u00e9 Internacional de la Cruz Roja entreg\u00f3 los cuerpos al hospital Nasser en la ciudad sure\u00f1a de Khan Younis, indic\u00f3.\n    <\/p>\n<p class=\"article-text\">\n        Con la llegada de los reci\u00e9n llegados, el n\u00famero de cuerpos que Israel ha devuelto a Gaza asciende a 165 desde que comenzaron los intercambios a principios de este mes, seg\u00fan el Ministerio de Salud.\n    <\/p>\n<p class=\"article-text\">\n        \u201cDesde el d\u00eda en que firmamos el acuerdo de Sharm el-Sheikh, estuvimos decididos y comprometidos a llevarlo hasta el final\u201d, declar\u00f3 el lunes por la noche el jefe negociador de Ham\u00e1s, Khalil al-Haya, quien se encuentra en El Cairo, a la cadena de televisi\u00f3n egipcia Al-Qahera News, informa AP.\n    <\/p>\n<p class=\"article-text\">\n        Afirm\u00f3 que la cumbre de Sharm el-Sheikh, organizada por el presidente egipcio Abdel-Fatah el-Sisi y el presidente estadounidense, Donald Trump, represent\u00f3 \u201cuna voluntad internacional que declara el fin de la guerra en Gaza\u201d.\n    <\/p>\n<p class=\"article-text\">\n        Al-Haya afirm\u00f3 que Ham\u00e1s recibi\u00f3 garant\u00edas de los mediadores y de Trump que \u201cdan confianza de que la guerra ha terminado definitivamente\u201d. A\u00f1adi\u00f3 que Israel ha cumplido con la entrega de ayuda en los cruces fronterizos seg\u00fan el acuerdo, pero pidi\u00f3 a los mediadores que presionen a Israel para que entregue m\u00e1s instalaciones para refugios, suministros m\u00e9dicos y art\u00edculos de acondicionamiento para el invierno antes de que cambie el tiempo.\n    <\/p>\n<p class=\"article-text\">\n        Mientras tanto, el jefe de la agencia de inteligencia egipcia viaj\u00f3 a Israel el martes para reunirse con funcionarios israel\u00edes y Witkoff para hablar sobre la implementaci\u00f3n del alto el fuego, seg\u00fan medios egipcios citados por AP.\n    <\/p>\n<p>    45 palestinos muertos en ataques israel\u00edes<\/p>\n<p class=\"article-text\">\n        Este domingo, el ej\u00e9rcito israel\u00ed acus\u00f3 a Ham\u00e1s de disparar contra las tropas y de matar a dos soldados israel\u00edes en zonas de Rafah, en el sur de Gaza, que est\u00e1n bajo control israel\u00ed, seg\u00fan las l\u00edneas de alto el fuego. No obstante, en realidad eran dos contratistas israel\u00edes, trabajando en la demolici\u00f3n de edificios derruidos en la zona de Rafah, donde no hay presencia de Hamas ahora, sino de israel\u00edes y bandas armadas por Israel y Emiratos.\n    <\/p>\n<p class=\"article-text\">\n        Los ataques de Israel causaron la muerte de 45 palestinos, seg\u00fan el Ministerio de Salud de la Franja, que afirma que un total de 80 personas han muerto desde la entrada en vigor del alto el fuego.\n    <\/p>\n<p class=\"article-text\">\n        Ataques similares ocurrieron el lunes en la ciudad de Gaza y Yan Yunis, donde Israel afirm\u00f3 que militantes hab\u00edan cruzado la l\u00ednea amarilla del alto el fuego y representaban una \u201camenaza inmediata\u201d para sus tropas.\n    <\/p>\n<p class=\"article-text\">\n        El ej\u00e9rcito israel\u00ed declar\u00f3 el lunes que estaba utilizando barreras de hormig\u00f3n y postes pintados para delimitar la llamada l\u00ednea amarilla en Gaza, adonde se han retirado las tropas. A\u00f1adi\u00f3 que se han producido varios casos de violencia.\n    <\/p>\n<p class=\"article-text\">\n        Tambi\u00e9n este martes, Qatar, mediador clave en el alto el fuego, denunci\u00f3 a Israel en un discurso pronunciado por su emir, el jeque Tamim bin Hamad Al Thani, quien afirm\u00f3 que su naci\u00f3n seguir\u00eda actuando como mediadora mientras se mantuviera el alto el fuego en la Franja de Gaza.\n    <\/p>\n<p class=\"article-text\">\n        El jeque Tamim critic\u00f3 espec\u00edficamente a Israel por sus \u201ccontinuas violaciones del alto el fuego\u201d en Gaza, as\u00ed como por la expansi\u00f3n de los asentamientos en Cisjordania.\n    <\/p>\n<p>    Cuerpos torturados<\/p>\n<p class=\"article-text\">\n        Un alto funcionario de salud de la Franja de Gaza ha afirmado que los cuerpos de los palestinos que Israel devolvi\u00f3 a Gaza como parte del acuerdo de alto el fuego presentaban evidencia de tortura y pidi\u00f3 una investigaci\u00f3n. Israel devolvi\u00f3 150 cuerpos.\n    <\/p>\n<p class=\"article-text\">\n        El regreso de palestinos a Gaza como parte del acuerdo de alto el fuego, que exig\u00eda la liberaci\u00f3n de todos los rehenes israel\u00edes, tanto vivos como fallecidos, a cambio de la liberaci\u00f3n de m\u00e1s de 1.900 prisioneros palestinos y numerosos cad\u00e1veres.\n    <\/p>\n<p class=\"article-text\">\n        Hasta el momento, solo 32 de los cuerpos devueltos han sido identificados, seg\u00fan el Ministerio de Salud de Gaza.\n    <\/p>\n<p class=\"article-text\">\n        Muneer al-Boursh, director general del Ministerio de Salud, declar\u00f3 en redes sociales el lunes por la noche que algunos de los cuerpos hab\u00edan regresado con evidencias de haber estar atados con cuerdas y grilletes met\u00e1licos, con los ojos vendados, heridas profundas, abrasiones, quemaduras y extremidades aplastadas, informa Associated Press.\n    <\/p>\n<p class=\"article-text\">\n        \u201cLo sucedido constituye un crimen de guerra y un crimen de lesa humanidad\u201d, declar\u00f3, y pidi\u00f3 a las Naciones Unidas que iniciaran una \u201cinvestigaci\u00f3n internacional urgente e independiente\u201d.\n    <\/p>\n<p class=\"article-text\">\n        El Servicio de Prisiones de Israel neg\u00f3 que los presos hubieran sido maltratados. \u201cTodos los reclusos se encuentran recluidos de acuerdo con los procedimientos legales, y sus derechos, como el acceso a atenci\u00f3n m\u00e9dica y condiciones de vida adecuadas, son respetados por personal profesionalmente capacitado\u201d, declar\u00f3 un portavoz de los servicios penitenciarios.\n    <\/p>\n<p>    <a href=\"https:\/\/www.eldiario.es\/internacional\/fase-2-genocidio-israeli-ocupacion-53-gaza-asesinatos-segregacion-linea-amarilla_129_12694721.html\" data-mrf-recirculation=\"saber-mas-abajo\" data-dl-event=\"saber-mas-abajo\" rel=\"nofollow noopener\" target=\"_blank\"><\/p>\n<p class=\"know-more__title\">Fase 2 del genocidio israel\u00ed: ocupaci\u00f3n del 53% de Gaza, asesinatos, segregaci\u00f3n y l\u00ednea amarilla\n<\/p>\n<p>            <img decoding=\"async\" class=\"lazy\" loading=\"lazy\" data-src=\"https:\/\/static.eldiario.es\/clip\/07cdf592-b41f-4ed9-bebf-53e94f3d0474_16-9-aspect-ratio_default_0.jpg\" src=\"data:image\/svg+xml,%3Csvg xmlns=\" http:=\"\" viewbox=\"0 0 880 495\" alt=\"Fase 2 del genocidio israel\u00ed: ocupaci\u00f3n del 53% de Gaza, asesinatos, segregaci\u00f3n y l\u00ednea amarilla\"\/><\/p>\n<p>                        <\/a><\/p>\n<p class=\"article-text\">\n        Los rehenes israel\u00edes liberados de Gaza tambi\u00e9n han denunciado estar atados con grilletes met\u00e1licos y sufrir duras condiciones, como frecuentes palizas y privaci\u00f3n de alimentos.\n    <\/p>\n","protected":false},"excerpt":{"rendered":"Hace una semana Donald Trump celebraba con una cumbre en Egipto un alto el fuego que se calific\u00f3&hellip;\n","protected":false},"author":2,"featured_media":192262,"comment_status":"","ping_status":"","sticky":false,"template":"","format":"standard","meta":{"footnotes":""},"categories":[42],"tags":[3196,17,18,13,14,4513,75,11,61,62,63,64,74,42670,19,20,5012,9,10,15,16,42608,15352,12,21,22,16723,65,66,67],"class_list":{"0":"post-192261","1":"post","2":"type-post","3":"status-publish","4":"format-standard","5":"has-post-thumbnail","7":"category-internacional","8":"tag-alto","9":"tag-breaking-news","10":"tag-breakingnews","11":"tag-featured-news","12":"tag-featurednews","13":"tag-fuego","14":"tag-hamas","15":"tag-headlines","16":"tag-internacional","17":"tag-international","18":"tag-international-news","19":"tag-internationalnews","20":"tag-israel","21":"tag-jd","22":"tag-latest-news","23":"tag-latestnews","24":"tag-llega","25":"tag-news","26":"tag-noticias","27":"tag-noticias-destacadas","28":"tag-noticiasdestacadas","29":"tag-precario","30":"tag-salvar","31":"tag-titulares","32":"tag-ultimas-noticias","33":"tag-ultimasnoticias","34":"tag-vance","35":"tag-world","36":"tag-world-news","37":"tag-worldnews"},"share_on_mastodon":{"url":"https:\/\/pubeurope.com\/@es\/115413949198017346","error":""},"_links":{"self":[{"href":"https:\/\/www.europesays.com\/es\/wp-json\/wp\/v2\/posts\/192261","targetHints":{"allow":["GET"]}}],"collection":[{"href":"https:\/\/www.europesays.com\/es\/wp-json\/wp\/v2\/posts"}],"about":[{"href":"https:\/\/www.europesays.com\/es\/wp-json\/wp\/v2\/types\/post"}],"author":[{"embeddable":true,"href":"https:\/\/www.europesays.com\/es\/wp-json\/wp\/v2\/users\/2"}],"replies":[{"embeddable":true,"href":"https:\/\/www.europesays.com\/es\/wp-json\/wp\/v2\/comments?post=192261"}],"version-history":[{"count":0,"href":"https:\/\/www.europesays.com\/es\/wp-json\/wp\/v2\/posts\/192261\/revisions"}],"wp:featuredmedia":[{"embeddable":true,"href":"https:\/\/www.europesays.com\/es\/wp-json\/wp\/v2\/media\/192262"}],"wp:attachment":[{"href":"https:\/\/www.europesays.com\/es\/wp-json\/wp\/v2\/media?parent=192261"}],"wp:term":[{"taxonomy":"category","embeddable":true,"href":"https:\/\/www.europesays.com\/es\/wp-json\/wp\/v2\/categories?post=192261"},{"taxonomy":"post_tag","embeddable":true,"href":"https:\/\/www.europesays.com\/es\/wp-json\/wp\/v2\/tags?post=192261"}],"curies":[{"name":"wp","href":"https:\/\/api.w.org\/{rel}","templated":true}]}}