{"id":192275,"date":"2025-10-21T20:14:16","date_gmt":"2025-10-21T20:14:16","guid":{"rendered":"https:\/\/www.europesays.com\/es\/192275\/"},"modified":"2025-10-21T20:14:16","modified_gmt":"2025-10-21T20:14:16","slug":"zak-brown-se-disculpo-con-hulkenberg-tras-llamarlo-amateur-en-austin","status":"publish","type":"post","link":"https:\/\/www.europesays.com\/es\/192275\/","title":{"rendered":"Zak Brown se disculp\u00f3 con H\u00fclkenberg tras llamarlo \u00abamateur\u00bb en Austin"},"content":{"rendered":"<p>Zak Brown se disculp\u00f3 personalmente con Nico H\u00fclkenberg despu\u00e9s de haberlo culpado por los abandonos de <a href=\"https:\/\/lat.motorsport.com\/driver\/oscar-piastri\/828724\/\" target=\"_blank\" rel=\"noopener nofollow\">Oscar Piastri<\/a> y <a href=\"https:\/\/lat.motorsport.com\/driver\/lando-norris\/468557\/\" target=\"_blank\" rel=\"noopener nofollow\">Lando Norris<\/a> en la sarrera print del Gran Premio de Estados Unidos de F\u00f3rmula 1, seg\u00fan revel\u00f3 el jefe de Sauber, Jonathan Wheatley.<\/p>\n<p>Los pilotos de McLaren chocaron en la primera vuelta de la carrera del s\u00e1bado, cuando el l\u00edder del campeonato, Piastri, intent\u00f3 una maniobra de recorte sobre su compa\u00f1ero de equipo y rival por el t\u00edtulo, Norris, en la curva 1 mientras peleaban por el segundo puesto.<\/p>\n<p>Pero al intentar la maniobra, fue golpeado por el Sauber de H\u00fclkenberg \u2014que estaba atrapado entre Piastri y el Aston Martin de <a href=\"https:\/\/lat.motorsport.com\/driver\/fernando-alonso\/463645\/\" target=\"_blank\" rel=\"noopener nofollow\">Fernando Alonso<\/a> en el v\u00e9rtice\u2014 y termin\u00f3 impactando a Norris.<\/p>\n<p>El incidente fue considerado como un incidente de carrera, aunque antes Brown apareci\u00f3 en Sky Sports F1 calific\u00e1ndolo como una maniobra \u00abamateur\u00bb, asegurando que H\u00fclkenberg \u00abno ten\u00eda nada que hacer donde estaba\u00bb.<\/p>\n<p>Sin embargo, el CEO de McLaren m\u00e1s tarde se retract\u00f3 de esa declaraci\u00f3n ante Sky tras ver otra repetici\u00f3n, momento en el que tambi\u00e9n habl\u00f3 con miembros del equipo Sauber para aclarar la situaci\u00f3n.<\/p>\n<p>\u00abZak me envi\u00f3 una disculpa muy r\u00e1pidamente despu\u00e9s. Se disculp\u00f3 personalmente con Nico\u00bb, dijo Wheatley.<\/p>\n<p>   <img decoding=\"async\" draggable=\"false\" src=\"https:\/\/www.europesays.com\/es\/wp-content\/uploads\/2025\/10\/1761077656_112_lando-norris-mclaren-oscar-pia.jpg\" alt=\"Lando Norris, McLaren, Oscar Piastri, McLaren crash\" width=\"1200\" height=\"800\" loading=\"lazy\"\/> <\/p>\n<p class=\"title\">Lando Norris, McLaren, Oscar Piastri, McLaren crash<\/p>\n<p class=\"photographer\">Photo by: Clive Mason \/ Getty Images<\/p>\n<p>\u00abEsto es un deporte apasionante, y me encanta esa pasi\u00f3n. Tienes dos coches peleando por un campeonato del mundo y ambos quedan fuera en la primera curva.<\/p>\n<p>\u00abEs f\u00e1cil pensar a veces que es culpa de otro y reaccionar con pasi\u00f3n. Creo que eso fue lo que le pas\u00f3 con Sky TV: el calor del momento y la emoci\u00f3n. Pero conozco a Zak desde hace mucho tiempo. Es un corredor, todos lo somos, y lo resolvimos despu\u00e9s.\u00bb<\/p>\n<p>Aunque el incidente no puso fin a la carrera de H\u00fclkenberg, s\u00ed le cost\u00f3 la posibilidad de sumar puntos, ya que el alem\u00e1n termin\u00f3 13\u00ba. Sin embargo, tuvo mucho m\u00e1s \u00e9xito al d\u00eda siguiente.<\/p>\n<p>H\u00fclkenberg finaliz\u00f3 octavo en la carrera del domingo, marcando su primer resultado en los puntos desde su podio en el Gran Premio de Gran Breta\u00f1a en julio. El resultado lo ubica ahora noveno en el campeonato, por delante de <a href=\"https:\/\/lat.motorsport.com\/driver\/isack-hadjar\/945265\/\" target=\"_blank\" rel=\"noopener nofollow\">Isack Hadjar<\/a>.<\/p>\n<p>\u00abTuvimos un poco del efecto Nico H\u00fclkenberg este fin de semana\u00bb, a\u00f1adi\u00f3 Wheatley, cuyo experimentado piloto se uni\u00f3 a Sauber este a\u00f1o. \u00abPara Nico fue un fin de semana de carrera incre\u00edble.<\/p>\n<p>\u00abCreo que todas las personas que lo hab\u00edan criticado, por su rendimiento en clasificaci\u00f3n o por varias cosas en los \u00faltimos meses, probablemente ahora tengan razones para reconsiderarlo, porque estuvo impecable desde la primera vuelta de los entrenamientos libres 1.<\/p>\n<p>   <img decoding=\"async\" draggable=\"false\" src=\"https:\/\/www.europesays.com\/es\/wp-content\/uploads\/2025\/10\/jonathan-wheatley-team-princip.jpg\" alt=\"Jonathan Wheatley, Team Principal of Stake F1 Team Kick Sauber and Lee Stevenson, Chief Mechanic of Stake F1 Team Kick Sauber\" width=\"1200\" height=\"800\" loading=\"lazy\"\/> <\/p>\n<p class=\"title\">Jonathan Wheatley, Team Principal of Stake F1 Team Kick Sauber and Lee Stevenson, Chief Mechanic of Stake F1 Team Kick Sauber<\/p>\n<p class=\"photographer\">Photo by: Andy Hone\/ LAT Images via Getty Images<\/p>\n<p>\u00abUno no puede dejar de preguntarse qu\u00e9 habr\u00eda pasado en la sprint si no hubiera ocurrido ese incidente en la curva 1. Estoy bastante seguro de que habr\u00edamos conseguido puntos importantes all\u00ed tambi\u00e9n. Y hoy, m\u00edralo: volvi\u00f3 a hacer una carrera impecable.\u00bb<\/p>\n<p>Pero la estrella del fin de semana en Austin fue <a href=\"https:\/\/lat.motorsport.com\/driver\/max-verstappen\/465982\/\" target=\"_blank\" rel=\"noopener nofollow\">Max Verstappen<\/a>, ya que el piloto de Red Bull domin\u00f3 ambas carreras desde la pole para meterse de lleno en la lucha por su quinto campeonato mundial consecutivo. Actualmente es tercero en el campeonato, a 40 puntos de Piastri con cinco rondas por disputar, aunque esa diferencia era de 104 puntos hace apenas cinco carreras.<\/p>\n<p>Verstappen es, por tanto, el piloto m\u00e1s en forma de la F1 desde que Red Bull introdujo mejoras en Monza al comienzo de esta racha. Wheatley, que trabaj\u00f3 cerca de dos d\u00e9cadas en Milton Keynes antes de unirse a Sauber, puede hablar con autoridad del neerland\u00e9s y de su antiguo equipo.<\/p>\n<p>\u00abNunca puedes descartar a Max Verstappen\u00bb, dijo Wheatley, quien se uni\u00f3 a Sauber este a\u00f1o tras haber sido director deportivo de Red Bull.<\/p>\n<p>\u00abRed Bull es un equipo de carreras de primer nivel. Max Verstappen es quiz\u00e1 el mejor piloto del mundo. El hecho de que hayan encontrado rendimiento en el coche probablemente los haga lamentar no haberlo descubierto antes.<\/p>\n<p>\u00abPero no me sorprende que lo hayan conseguido. En los a\u00f1os que trabaj\u00e9 all\u00ed, a menudo hab\u00eda un gran cambio de rendimiento entre el viernes por la noche y el s\u00e1bado. Si yo fuera McLaren, estar\u00eda mirando por los retrovisores.\u00bb<\/p>\n<p>M\u00e1s de la F\u00f3rmula 1:<\/p>\n<p>            Queremos tu opini\u00f3n<\/p>\n<p class=\"mt-auto\">\u00bfQu\u00e9 le gustar\u00eda ver en Motorsport.com?<\/p>\n<p>            <a href=\"#\" class=\"ms-link text-link font-bold\">Responda a nuestra encuesta de 5 minutos.<\/a><\/p>\n<p class=\"mt-1 text-body\">&#8211; El equipo de Motorsport.com<\/p>\n","protected":false},"excerpt":{"rendered":"Zak Brown se disculp\u00f3 personalmente con Nico H\u00fclkenberg despu\u00e9s de haberlo culpado por los abandonos de Oscar Piastri&hellip;\n","protected":false},"author":2,"featured_media":192276,"comment_status":"","ping_status":"","sticky":false,"template":"","format":"standard","meta":{"footnotes":""},"categories":[270],"tags":[38334,168,25,24,306,271,272,1230,38333,2104,2089,2098,2106,2093,23,167,53650],"class_list":{"0":"post-192275","1":"post","2":"type-post","3":"status-publish","4":"format-standard","5":"has-post-thumbnail","7":"category-formula-1","8":"tag-circuito-de-las-americas-de-austin","9":"tag-deportes","10":"tag-es","11":"tag-espana","12":"tag-f1","13":"tag-formula-1","14":"tag-formula1","15":"tag-fu00f3rmula-1","16":"tag-gp-de-estados-unidos","17":"tag-lando-norris","18":"tag-mclaren-f1","19":"tag-nico-hulkenberg","20":"tag-oscar-piastri","21":"tag-sauber-f1-team","22":"tag-spain","23":"tag-sports","24":"tag-zak-brown-se-disculpu00f3-con-hu00fclkenberg-tras-llamarlo-amateur-en-austin"},"share_on_mastodon":{"url":"https:\/\/pubeurope.com\/@es\/115413992397143863","error":""},"_links":{"self":[{"href":"https:\/\/www.europesays.com\/es\/wp-json\/wp\/v2\/posts\/192275","targetHints":{"allow":["GET"]}}],"collection":[{"href":"https:\/\/www.europesays.com\/es\/wp-json\/wp\/v2\/posts"}],"about":[{"href":"https:\/\/www.europesays.com\/es\/wp-json\/wp\/v2\/types\/post"}],"author":[{"embeddable":true,"href":"https:\/\/www.europesays.com\/es\/wp-json\/wp\/v2\/users\/2"}],"replies":[{"embeddable":true,"href":"https:\/\/www.europesays.com\/es\/wp-json\/wp\/v2\/comments?post=192275"}],"version-history":[{"count":0,"href":"https:\/\/www.europesays.com\/es\/wp-json\/wp\/v2\/posts\/192275\/revisions"}],"wp:featuredmedia":[{"embeddable":true,"href":"https:\/\/www.europesays.com\/es\/wp-json\/wp\/v2\/media\/192276"}],"wp:attachment":[{"href":"https:\/\/www.europesays.com\/es\/wp-json\/wp\/v2\/media?parent=192275"}],"wp:term":[{"taxonomy":"category","embeddable":true,"href":"https:\/\/www.europesays.com\/es\/wp-json\/wp\/v2\/categories?post=192275"},{"taxonomy":"post_tag","embeddable":true,"href":"https:\/\/www.europesays.com\/es\/wp-json\/wp\/v2\/tags?post=192275"}],"curies":[{"name":"wp","href":"https:\/\/api.w.org\/{rel}","templated":true}]}}