{"id":192281,"date":"2025-10-21T20:17:08","date_gmt":"2025-10-21T20:17:08","guid":{"rendered":"https:\/\/www.europesays.com\/es\/192281\/"},"modified":"2025-10-21T20:17:08","modified_gmt":"2025-10-21T20:17:08","slug":"toni-moreno-muestra-el-divertido-consejo-que-su-hija-lola-5-le-da-para-triunfar-en-las-redes","status":"publish","type":"post","link":"https:\/\/www.europesays.com\/es\/192281\/","title":{"rendered":"To\u00f1i Moreno muestra el divertido consejo que su hija Lola (5) le da para triunfar en las redes"},"content":{"rendered":"<p id=\"eq-moE370w\" data-wc=\"118\">Lola, la hija de To\u00f1i Moreno, <a class=\"hm-link ho-link\" href=\"https:\/\/www.hola.com\/actualidad\/20250121790056\/toni-moreno-cumeplanos-hija-lola-fiesta-princesas-disney\/\" data-mrf-recirculation=\"article-body-link\" rel=\"nofollow noopener\" target=\"_blank\">cumplir\u00e1 seis a\u00f1os dentro de unos pocos meses.<\/a> Naci\u00f3 el 21 de enero de 2020, pero Lola ya no es un beb\u00e9. El tiempo pasa muy r\u00e1pido y se ha convertido en una ni\u00f1a risue\u00f1a y espont\u00e1nea, la gran alegr\u00eda de la presentadora, la peque\u00f1a que le hace re\u00edr&#8230; pero <strong>tambi\u00e9n aconseja a su madre para que su contenido en las redes sociales triunfe. <\/strong>As\u00ed lo ha mostrado la propia To\u00f1i compartiendo un divertido v\u00eddeo en el que podemos escuchar a Lola, quien recomienda a la presentadora, de una forma muy c\u00f3mica, que no publique en sus redes el v\u00eddeo en cuesti\u00f3n, en el que To\u00f1i cuenta que no se encuentra bien. <\/p>\n","protected":false},"excerpt":{"rendered":"Lola, la hija de To\u00f1i Moreno, cumplir\u00e1 seis a\u00f1os dentro de unos pocos meses. Naci\u00f3 el 21 de&hellip;\n","protected":false},"author":2,"featured_media":192282,"comment_status":"","ping_status":"","sticky":false,"template":"","format":"standard","meta":{"footnotes":""},"categories":[174],"tags":[517,255,146,147,25,24,256,23,48287],"class_list":{"0":"post-192281","1":"post","2":"type-post","3":"status-publish","4":"format-standard","5":"has-post-thumbnail","7":"category-famosos","8":"tag-actualidad","9":"tag-celebrities","10":"tag-entertainment","11":"tag-entretenimiento","12":"tag-es","13":"tag-espana","14":"tag-famosos","15":"tag-spain","16":"tag-toni-moreno"},"share_on_mastodon":{"url":"https:\/\/pubeurope.com\/@es\/115414004179415703","error":""},"_links":{"self":[{"href":"https:\/\/www.europesays.com\/es\/wp-json\/wp\/v2\/posts\/192281","targetHints":{"allow":["GET"]}}],"collection":[{"href":"https:\/\/www.europesays.com\/es\/wp-json\/wp\/v2\/posts"}],"about":[{"href":"https:\/\/www.europesays.com\/es\/wp-json\/wp\/v2\/types\/post"}],"author":[{"embeddable":true,"href":"https:\/\/www.europesays.com\/es\/wp-json\/wp\/v2\/users\/2"}],"replies":[{"embeddable":true,"href":"https:\/\/www.europesays.com\/es\/wp-json\/wp\/v2\/comments?post=192281"}],"version-history":[{"count":0,"href":"https:\/\/www.europesays.com\/es\/wp-json\/wp\/v2\/posts\/192281\/revisions"}],"wp:featuredmedia":[{"embeddable":true,"href":"https:\/\/www.europesays.com\/es\/wp-json\/wp\/v2\/media\/192282"}],"wp:attachment":[{"href":"https:\/\/www.europesays.com\/es\/wp-json\/wp\/v2\/media?parent=192281"}],"wp:term":[{"taxonomy":"category","embeddable":true,"href":"https:\/\/www.europesays.com\/es\/wp-json\/wp\/v2\/categories?post=192281"},{"taxonomy":"post_tag","embeddable":true,"href":"https:\/\/www.europesays.com\/es\/wp-json\/wp\/v2\/tags?post=192281"}],"curies":[{"name":"wp","href":"https:\/\/api.w.org\/{rel}","templated":true}]}}