{"id":192312,"date":"2025-10-21T20:38:09","date_gmt":"2025-10-21T20:38:09","guid":{"rendered":"https:\/\/www.europesays.com\/es\/192312\/"},"modified":"2025-10-21T20:38:09","modified_gmt":"2025-10-21T20:38:09","slug":"mersin-casademont-zaragoza-la-reaccion-turca","status":"publish","type":"post","link":"https:\/\/www.europesays.com\/es\/192312\/","title":{"rendered":"Mersin-Casademont Zaragoza: la reacci\u00f3n turca"},"content":{"rendered":"<p>            Mersin-Casademont Zaragoza: la reacci\u00f3n turca                <\/p>\n<p>Mersin-Casademont Zaragoza: la reacci\u00f3n turca<\/p>\n<p class=\"epigraph\">El conjunto aragon\u00e9s\u00a0busca romper la din\u00e1mica de dos derrotas seguidas ante el todopoderoso equipo otomano, vigente subcampe\u00f3n de Europa.<\/p>\n<p class=\"paragraph\"><b>La reacci\u00f3n del Casademont Zaragoza pasa por Turqu\u00eda<\/b>. Al menos, esa es la primera oportunidad que tiene el equipo aragon\u00e9s de dejar atr\u00e1s una mala semana como la pasada, en la que fue <a href=\"https:\/\/www.heraldo.es\/noticias\/deportes\/baloncesto\/2025\/10\/16\/partido-casademont-zaragoza-reyer-venezia-de-la-euroliga-en-directo-1862598.html\" title=\"Resumen del Casademont Zaragoza-Reyer Venezia de la Euroliga: resultado y m\u00e1ximas anotadoras\" rel=\"nofollow noopener\" target=\"_blank\">superado de manera consecutiva por el Reyer Venezia<\/a>, primero, y el Gernika, despu\u00e9s. Sendos tropiezos han mermado ligeramente a una plantilla que, sin tiempo para lamentaciones, quiere levantarse esta tarde frente al todopoderoso <b>CBK Mersin en Turqu\u00eda (18.00\/Arag\u00f3n TV)<\/b>.<\/p>\n<p>            Conforme a los criterios de<br \/>\n            <a class=\"trustproject_img\" id=\"trustproject_img\" href=\"https:\/\/thetrustproject.org\/\" target=\"_blank\" rel=\"nofollow noopener\" aria-label=\"Trust Project\"><img decoding=\"async\" loading=\"lazy\" src=\"https:\/\/www.heraldo.es\/images\/Trust-Logo-Horizontal.svg\" alt=\"Logo Trust Project\" width=\"200\" height=\"34\"\/><\/a><\/p>\n<p>        <a href=\"https:\/\/www.henneo.com\/\" title=\"Grupo Henneo\" class=\"logo\" rel=\"nofollow noopener\" target=\"_blank\"><br \/>\n            <img decoding=\"async\" src=\"https:\/\/www.heraldo.es\/images\/logo_henneo_gris.svg\" alt=\"Logo Henneo\" width=\"559\" height=\"389\" loading=\"lazy\"\/><br \/>\n        <\/a><\/p>\n<p>\u00a9 HERALDO DE ARAGON EDITORA, S.L.U.<br \/>Tel\u00e9fono 976 765 000 \/ &#8211; P\u00ba. Independencia, 29, 50001 Zaragoza &#8211; CIF: B99288763 &#8211; Inscrita en el Registro Mercantil de Zaragoza al Tomo 3796, Libro 0, Folio 177, Secci\u00f3n 8, Hoja Z-50564<br \/>Queda prohibida toda reproducci\u00f3n sin permiso escrito de la empresa a los efectos del art\u00edculo 32.1, p\u00e1rrafo segundo, de la Ley de Propiedad Intelectual<\/p>\n<p>\n                P\u00ba Independencia, 29, 50001 Zaragoza<br \/> Tel\u00e9fono 976 765 000\n            <\/p>\n<p>                    Actualmente tu navegador no permite ejecutar JavaScript. Para poder disfrutar de nuestro contenido es necesario que lo permita.<br \/>\n                                        <img decoding=\"async\" loading=\"lazy\" alt=\"Heraldo logo\" src=\"https:\/\/dkumiip2e9ary.cloudfront.net\/xalok\/heraldo\/especiales\/hola-de-nuevo\/logo-heraldo.svg\" width=\"215\" height=\"43\"\/><\/p>\n","protected":false},"excerpt":{"rendered":"Mersin-Casademont Zaragoza: la reacci\u00f3n turca Mersin-Casademont Zaragoza: la reacci\u00f3n turca El conjunto aragon\u00e9s\u00a0busca romper la din\u00e1mica de dos&hellip;\n","protected":false},"author":2,"featured_media":166363,"comment_status":"","ping_status":"","sticky":false,"template":"","format":"standard","meta":{"footnotes":""},"categories":[269],"tags":[299,298,2511,168,25,24,38688,9173,23,167,52883,491],"class_list":{"0":"post-192312","1":"post","2":"type-post","3":"status-publish","4":"format-standard","5":"has-post-thumbnail","7":"category-baloncesto","8":"tag-baloncesto","9":"tag-basketball","10":"tag-casademont","11":"tag-deportes","12":"tag-es","13":"tag-espana","14":"tag-mersin","15":"tag-reaccion","16":"tag-spain","17":"tag-sports","18":"tag-turca","19":"tag-zaragoza"},"share_on_mastodon":{"url":"https:\/\/pubeurope.com\/@es\/115414087052883032","error":""},"_links":{"self":[{"href":"https:\/\/www.europesays.com\/es\/wp-json\/wp\/v2\/posts\/192312","targetHints":{"allow":["GET"]}}],"collection":[{"href":"https:\/\/www.europesays.com\/es\/wp-json\/wp\/v2\/posts"}],"about":[{"href":"https:\/\/www.europesays.com\/es\/wp-json\/wp\/v2\/types\/post"}],"author":[{"embeddable":true,"href":"https:\/\/www.europesays.com\/es\/wp-json\/wp\/v2\/users\/2"}],"replies":[{"embeddable":true,"href":"https:\/\/www.europesays.com\/es\/wp-json\/wp\/v2\/comments?post=192312"}],"version-history":[{"count":0,"href":"https:\/\/www.europesays.com\/es\/wp-json\/wp\/v2\/posts\/192312\/revisions"}],"wp:featuredmedia":[{"embeddable":true,"href":"https:\/\/www.europesays.com\/es\/wp-json\/wp\/v2\/media\/166363"}],"wp:attachment":[{"href":"https:\/\/www.europesays.com\/es\/wp-json\/wp\/v2\/media?parent=192312"}],"wp:term":[{"taxonomy":"category","embeddable":true,"href":"https:\/\/www.europesays.com\/es\/wp-json\/wp\/v2\/categories?post=192312"},{"taxonomy":"post_tag","embeddable":true,"href":"https:\/\/www.europesays.com\/es\/wp-json\/wp\/v2\/tags?post=192312"}],"curies":[{"name":"wp","href":"https:\/\/api.w.org\/{rel}","templated":true}]}}