{"id":192313,"date":"2025-10-21T20:39:08","date_gmt":"2025-10-21T20:39:08","guid":{"rendered":"https:\/\/www.europesays.com\/es\/192313\/"},"modified":"2025-10-21T20:39:08","modified_gmt":"2025-10-21T20:39:08","slug":"tpa-trabaja-en-televisar-el-caudal","status":"publish","type":"post","link":"https:\/\/www.europesays.com\/es\/192313\/","title":{"rendered":"TPA trabaja en televisar el Caudal"},"content":{"rendered":"<p>\t\t \t\t\tCaudal &#8211; Sporting <strong class=\"pd-l\">Caudal Deportivo de Mieres  <\/strong><\/p>\n<p>\t\t\t\t\t\tLa fiesta del f\u00fatbol asturiano va cogiendo forma<br \/>\n\t\t\t\t\t\t<strong>21 oct 2025<\/strong> . Actualizado a las 17:08 h.\t\t\t\t\t\t<\/p>\n<p class=\"first-paragraph txt\">La fiesta del f\u00fatbol asturiano en la <strong>Copa del Rey<\/strong> sigue tomando forma y <strong>TPA<\/strong> trabaja en poder televisar el <strong>Caudal &#8211; Real Sporting de Gij\u00f3n<\/strong> del pr\u00f3ximo <strong>mi\u00e9rcoles 29 de octubre<\/strong> a las <strong>20:00 horas<\/strong>. La subasta de los derechos televisivos del partido saldr\u00e1 esta semana.<\/p>\n<p class=\"txt\">Un duelo en el que se espera que Borja Jim\u00e9nez pueda darle una oportunidad a los hombres menos habituales, como <strong>Kembo, Queipo, Cort\u00e9s, Caicedo y Amadou<\/strong>, entre otros nombres. El que no estar\u00e1 es Christian Joel por su baja m\u00e9dica, de modo que posiblemente se estrene como titular <strong>Venteo<\/strong> bajo palos para dar descanso a Rub\u00e9n Y\u00e1\u00f1ez.<\/p>\n<p class=\"txt\">Cabe recordar que el Caudal compite en <strong>Tercera RFEF<\/strong> y ya gan\u00f3 esta misma temporada al Sporting Atl\u00e9tico, por lo que se puede dar la casualidad de que m\u00e1s de un canterano repita rival en el torneo copero.<\/p>\n<p class=\"txt\">Declaraciones de <strong>Adri\u00e1n Gonz\u00e1lez<\/strong> en las redes sociales del Caudal, en las que el t\u00e9cnico analiza el duelo copero:\u00a0\u00abPara nosotros es el mejor sorteo posible. Todos eran interesantes pero por proximidad y por afici\u00f3n, el Sporting era el rival del sorteo que m\u00e1s ilusi\u00f3n nos hac\u00eda. Sabemos que va a mover a mucha gente aqu\u00ed en Asturias y de Mieres. Nos ha tocado <strong>el gordo<\/strong>, es normal que Mieres y todos estemos ilusionados, es un premio para todos por el esfuerzo de la temporada pasada y era merecido\u00bb.<\/p>\n<p class=\"txt\">Las\u00a0entradas de p\u00fablico general para adultos\u00a0tienen un precio de 30 euros\u00a0y las de menores de 18 a\u00f1os\u00a0est\u00e1n en 15 euros. Adem\u00e1s,\u00a0los\u00a0socios del Caudal Deportivo tendr\u00e1n que abonar un suplemento de 15 euros. Para acceder al estadio, las personas socias deber\u00e1n presentar la entrada acreditativa del abono de su suplemento\u00a0pudiendo solicitarse en el acceso al recinto, el DNI\/NIE del portador para la comprobaci\u00f3n de la identidad del usuario.<\/p>\n<p class=\"txt\">Como excepci\u00f3n a lo anterior, las personas socias de la modalidad Sub-18 podr\u00e1n acceder de manera gratuita, sin abonar suplemento, presentando en puerta su carnet de socio de dicha modalidad y su DNI\/NIE para su identificaci\u00f3n.<\/p>\n<p class=\"txt\">&#13;<br \/>\n\t\t&#13;<br \/>\n\t\t\t&#13;<br \/>\n\t\t&#13;<br \/>\n\t\t&#13;<br \/>\n\t\t&#13;<br \/>\n\t\t\t\t\t\t\t\t\t\t\t\t&#13;<br \/>\n\t\t\t\t\t\t\t\t&#13;<br \/>\n&#13;<br \/>\n&#13;<\/p>\n<p>\t\t\t&#13;<br \/>\n\t&#13;<\/p>\n<p>\t\t\t<a href=\"https:\/\/www.lavozdeasturias.es\/noticia\/sporting1905\/2025\/10\/20\/fuerte-apuesta-siroko-acerca-vestir-sporting-ganando-batalla-3-potentes-marcas-internacionales\/00031760984473441293313.htm\" data-analytics=\"link-embed\" rel=\"nofollow noopener\" target=\"_blank\">La fuerte apuesta de Siroko le acerca a vestir al Sporting, ganando la subasta a 3 potentes marcas internacionales<\/a><\/p>\n<p class=\"a-min-author\">\n<p>\t\t\t\t\t\t\t\t\t\t\tAlejandro Vigil Mor\u00e1n<\/p>\n<p>\t&#13;<br \/>\n\t&#13;<br \/>\n&#13;<br \/>\n\t\t\t\t&#13;<br \/>\n\t\t\t\t&#13;<br \/>\n\t&#13;<br \/>\n\t\t\t&#13;<br \/>\n\t\t\t&#13;<br \/>\n\t\t&#13;\n<\/p>\n<p class=\"txt\">La venta de entradas a p\u00fablico general y del suplemento de socios se realizar\u00e1 en las taquillas del Estadio Hermanos Antu\u00f1a de lunes a viernes de 18h a 20h y en Calzados\u00a0Ardura (C\/ Doce de Octubre, 32 en Mieres del Cam\u00edn) en\u00a0horario comercial.<\/p>\n<p>&#13;<br \/>\n\tArchivado en:&#13;<br \/>\n\t\t\t\t\t<a href=\"https:\/\/www.lavozdeasturias.es\/temas\/sporting-de-gijon\/\" target=\"_blank\" class=\"mg-l\" rel=\"nofollow noopener\">Sporting de Gij\u00f3n<\/a>&#13;<br \/>\n\t&#13;<\/p>\n","protected":false},"excerpt":{"rendered":"Caudal &#8211; Sporting Caudal Deportivo de Mieres La fiesta del f\u00fatbol asturiano va cogiendo forma 21 oct 2025&hellip;\n","protected":false},"author":2,"featured_media":192314,"comment_status":"","ping_status":"","sticky":false,"template":"","format":"standard","meta":{"footnotes":""},"categories":[268],"tags":[168,25,24,280,282,281,23,4783,167],"class_list":{"0":"post-192313","1":"post","2":"type-post","3":"status-publish","4":"format-standard","5":"has-post-thumbnail","7":"category-futbol","8":"tag-deportes","9":"tag-es","10":"tag-espana","11":"tag-football","12":"tag-futbol","13":"tag-soccer","14":"tag-spain","15":"tag-sporting-de-gijon","16":"tag-sports"},"share_on_mastodon":{"url":"https:\/\/pubeurope.com\/@es\/115414090654975671","error":""},"_links":{"self":[{"href":"https:\/\/www.europesays.com\/es\/wp-json\/wp\/v2\/posts\/192313","targetHints":{"allow":["GET"]}}],"collection":[{"href":"https:\/\/www.europesays.com\/es\/wp-json\/wp\/v2\/posts"}],"about":[{"href":"https:\/\/www.europesays.com\/es\/wp-json\/wp\/v2\/types\/post"}],"author":[{"embeddable":true,"href":"https:\/\/www.europesays.com\/es\/wp-json\/wp\/v2\/users\/2"}],"replies":[{"embeddable":true,"href":"https:\/\/www.europesays.com\/es\/wp-json\/wp\/v2\/comments?post=192313"}],"version-history":[{"count":0,"href":"https:\/\/www.europesays.com\/es\/wp-json\/wp\/v2\/posts\/192313\/revisions"}],"wp:featuredmedia":[{"embeddable":true,"href":"https:\/\/www.europesays.com\/es\/wp-json\/wp\/v2\/media\/192314"}],"wp:attachment":[{"href":"https:\/\/www.europesays.com\/es\/wp-json\/wp\/v2\/media?parent=192313"}],"wp:term":[{"taxonomy":"category","embeddable":true,"href":"https:\/\/www.europesays.com\/es\/wp-json\/wp\/v2\/categories?post=192313"},{"taxonomy":"post_tag","embeddable":true,"href":"https:\/\/www.europesays.com\/es\/wp-json\/wp\/v2\/tags?post=192313"}],"curies":[{"name":"wp","href":"https:\/\/api.w.org\/{rel}","templated":true}]}}