{"id":192319,"date":"2025-10-21T20:43:08","date_gmt":"2025-10-21T20:43:08","guid":{"rendered":"https:\/\/www.europesays.com\/es\/192319\/"},"modified":"2025-10-21T20:43:08","modified_gmt":"2025-10-21T20:43:08","slug":"avance-de-la-promesa-capitulo-702-de-este-miercoles-22-de-octubre-maria-fernandez-ya-no-puede-mas-y-se-confiesa-el-mundo","status":"publish","type":"post","link":"https:\/\/www.europesays.com\/es\/192319\/","title":{"rendered":"Avance de &#039;La Promesa&#039;, cap\u00edtulo 702 de este mi\u00e9rcoles 22 de octubre: Mar\u00eda Fern\u00e1ndez ya no puede m\u00e1s y se confiesa &#8211; El Mundo"},"content":{"rendered":"<ol>\n<li><a href=\"https:\/\/news.google.com\/rss\/articles\/CBMiiAFBVV95cUxQdW5sZWdBa0JpdlVaN3lSM01QcFhzeUJRcERmRVBqQ25OX2p4QVFJMHBlVGstY3U3Y3V0VElmMWF2clNKZ01RQmtTQWdGZy01TElJSGstb091TEM3dXpVcDluckk4WXpKRGpjR2twZnRQRWJUMlNjUjFrbXlISl9lM2ljSUxfVVg4?oc=5\" target=\"_blank\" rel=\"nofollow noopener\">Avance de &#8216;La Promesa&#8217;, cap\u00edtulo 702 de este mi\u00e9rcoles 22 de octubre: Mar\u00eda Fern\u00e1ndez ya no puede m\u00e1s y se confiesa<\/a>&nbsp;&nbsp;El Mundo<\/li>\n<li><a href=\"https:\/\/news.google.com\/rss\/articles\/CBMiwAFBVV95cUxQeHBsamtEaGpieVRkck44bkVwQlJmNm84WUxJOG1HYXA5TlVhcm1XRFduSWRsQ2o0VUp4c3oySFN1YlZDamozOUtsUDBXWGcwN3VVclljNFk1bURhREZFNEFrcksxbEt3dkdmVEk2c2hQNXROMW9RblVYbEFEWTlnR0tyOExvSjdQemFLd2dNTEczalgyaTJ2Q3BLaEtzbWhRNmJuYVJJSjZHTk9jNEgydVFCNnl4TUxZcW9NS0lBUUbSAcYBQVVfeXFMTXliM1VVdXpBbGVpUVhiNC00RFVzZWVyV0lla2JKSk16dXRHTU5qYUlJR3dfS2pybk5yR2lSdmZOYzBnNzNqN1E0a0JLM1h1NGNYX3pDbzdJU3JadWpJSFV4Rnp1MUVBemROVndJSy1tOElJc0h4YTlHUHdXN2lRS3hpYUthTEdnazR0N1oyQ3N6a1ZwQUtJNWFPRWdYRGNpVzYtSW11V080dWlCQ29sdjF4M1lOWUFWaHhlSWcxdWc0V3V0Y3VB?oc=5\" target=\"_blank\" rel=\"nofollow noopener\">Avance del cap\u00edtulo de &#8216;La Promesa&#8217; del mi\u00e9rcoles, 22 de octubre: Mar\u00eda Fern\u00e1ndez confiesa su desliz<\/a>&nbsp;&nbsp;El Confidencial<\/li>\n<li><a href=\"https:\/\/news.google.com\/rss\/articles\/CBMi5wFBVV95cUxNbzl5QnpENXpKaXg4VzNYNHl1WmhmSUljdF9rTHcxSGlzRjQteG8zZ1B0RE84VGZ5eXdqMUlkSUoxRDRqX0QwQ1M2VXdWTlRFOVZIRGpCT0IwbS0tN3FiMjNJcHFKd3BYdEdKbDB5ZEpKS0tBVmpoaFUxcGNmeHU3aVh5ZjF2M2hYYk02Z2o5ZTgta0prZnpva2xkajJNcldkZ2N0SUJPYXd1VW8xV0gyT3JWUW01bUFfUGs3NWxDX1JxRDM0VE5QRHIwSzRncFJROUtrN0tadHlaUGcyY2poS1lDblkyRTDSAfsBQVVfeXFMTVNvWGlpNUc3clZ6NHBva3A0Ym1BaURYaDJsbGR2OVhGT3UycUc5WGl6LWZFekxBMGRxQXBXTTEzLTdFeEp5TU9qTWYya2hEWWNDNVdneDJ2NjVKQWRFZGwxTHFaT1h0U0pkU1FGZEt0aWk0Zl90YzVUOFZJQ3B6UVIyZUUwQmQ0cnRjS1pTR3VxTjNQSXFDelZOWmFlN202Z3JXbGpGaUFSaDJmb2toNUNnRldXTTlsUFZWWDIxM3hxMzVFTmFmZFozQzQzaXdHTFZvZGgteEFwZUl1VEdmN3VaRjkyREtUMVM1Q2tlbXhaVjZlbV85WGM3dkk?oc=5\" target=\"_blank\" rel=\"nofollow noopener\">Semana clave en \u00abLa Promesa\u00bb: \u00bfHasta d\u00f3nde llegar\u00e1n las mentiras de Enora y los planes de Leocadia con \u00c1ngela?<\/a>&nbsp;&nbsp;La Raz\u00f3n<\/li>\n<li><a href=\"https:\/\/news.google.com\/rss\/articles\/CBMilgFBVV95cUxNaDduUThOckFHd3pwNzgwWGtPckdUMTJOVnE3YUlGUld0NkNPOVVOMElkQ0IxWVh3ZURQTFpGQ01TRHVsa2hhNm5OMmpobmdxZWZRSVFBdW42ZUI4cGIxc0NPb2hVZjhBSDdmbC1Gc0YtM2lacWZ6UUJNY3BLVk9faHhVUjM4R0xHeTV4OFV5dVlnaVNqcWfSAZsBQVVfeXFMTUhOQlVBV2FuOTE4S0JGa0FFakQzOW5FSTBSVmtSVnByT21Od2lDcVVqbENNVHBJOWJ2WnR1Ymhhb1ZodTBaMDBTZlp3MEFhSnhfVkRFWkxKd2dLNUF6aWVfY0NYMmtCbUtKbGJXRmUtSUhvVEthMHVFT2xwaHNycXBLQ3ltenkybVlKb1ZSQnpXNmFrZ290dlBtUzQ?oc=5\" target=\"_blank\" rel=\"nofollow noopener\">Avance del cap\u00edtulo de \u2018La Promesa\u2019 de hoy: Vera y Lope se reconcilian<\/a>&nbsp;&nbsp;OkDiario<\/li>\n<li><a href=\"https:\/\/news.google.com\/rss\/articles\/CBMiiAFBVV95cUxOWW1qVTNMczc3OHdsX1F4eDdFS0JZdlYzdGp3ZkRfc2JkVTFIejRZMTVIeEs2ako4WmdlS2VYTVVjcGxOWFJzS21aZlg4VjBrU2tmSF80NUx5LW5lVkROemhBaXMxZHB0YUhNYnh1WFc5MTlwRWYtYUN6bUE4SGpEbXQzSngwMUdh0gGIAUFVX3lxTE5OcDRxV1NXVVQ2aWMtblRHWTJnMVR3QWFtUm1iTERpM0U4TEZ5MWlUbmFWMFFqY0ZScHcxWVBDUFlyNFFEX3Y0SkstSENITklPNGt6QnZqRGRLeEhER2lHejBRbUJJNWNJSG1USHotbUp6QU8yS0E4TTZMWjhBQ1ZmSEd1QUU3RXE?oc=5\" target=\"_blank\" rel=\"nofollow noopener\">Avance de &#8216;La Promesa&#8217;, cap\u00edtulo 701 de hoy martes 21 de octubre: Enora no tiene escapatoria<\/a>&nbsp;&nbsp;El Mundo<\/li>\n<\/ol>\n","protected":false},"excerpt":{"rendered":"Avance de &#8216;La Promesa&#8217;, cap\u00edtulo 702 de este mi\u00e9rcoles 22 de octubre: Mar\u00eda Fern\u00e1ndez ya no puede m\u00e1s&hellip;\n","protected":false},"author":2,"featured_media":192320,"comment_status":"","ping_status":"","sticky":false,"template":"","format":"standard","meta":{"footnotes":""},"categories":[171],"tags":[11030,146,147,25,24,11031,805,23,807,11029,6761,214],"class_list":{"0":"post-192319","1":"post","2":"type-post","3":"status-publish","4":"format-standard","5":"has-post-thumbnail","7":"category-tv","8":"tag-cineseries","9":"tag-entertainment","10":"tag-entretenimiento","11":"tag-es","12":"tag-espana","13":"tag-la-promesa","14":"tag-series","15":"tag-spain","16":"tag-television","17":"tag-television-series","18":"tag-tresb","19":"tag-tv"},"share_on_mastodon":{"url":"https:\/\/pubeurope.com\/@es\/115414106541416327","error":""},"_links":{"self":[{"href":"https:\/\/www.europesays.com\/es\/wp-json\/wp\/v2\/posts\/192319","targetHints":{"allow":["GET"]}}],"collection":[{"href":"https:\/\/www.europesays.com\/es\/wp-json\/wp\/v2\/posts"}],"about":[{"href":"https:\/\/www.europesays.com\/es\/wp-json\/wp\/v2\/types\/post"}],"author":[{"embeddable":true,"href":"https:\/\/www.europesays.com\/es\/wp-json\/wp\/v2\/users\/2"}],"replies":[{"embeddable":true,"href":"https:\/\/www.europesays.com\/es\/wp-json\/wp\/v2\/comments?post=192319"}],"version-history":[{"count":0,"href":"https:\/\/www.europesays.com\/es\/wp-json\/wp\/v2\/posts\/192319\/revisions"}],"wp:featuredmedia":[{"embeddable":true,"href":"https:\/\/www.europesays.com\/es\/wp-json\/wp\/v2\/media\/192320"}],"wp:attachment":[{"href":"https:\/\/www.europesays.com\/es\/wp-json\/wp\/v2\/media?parent=192319"}],"wp:term":[{"taxonomy":"category","embeddable":true,"href":"https:\/\/www.europesays.com\/es\/wp-json\/wp\/v2\/categories?post=192319"},{"taxonomy":"post_tag","embeddable":true,"href":"https:\/\/www.europesays.com\/es\/wp-json\/wp\/v2\/tags?post=192319"}],"curies":[{"name":"wp","href":"https:\/\/api.w.org\/{rel}","templated":true}]}}