{"id":192324,"date":"2025-10-21T20:46:12","date_gmt":"2025-10-21T20:46:12","guid":{"rendered":"https:\/\/www.europesays.com\/es\/192324\/"},"modified":"2025-10-21T20:46:12","modified_gmt":"2025-10-21T20:46:12","slug":"la-liga-anuncia-que-se-cancela-el-partido-de-miami-el-villarreal-barcelona-se-jugara-en-la-ceramica-futbol-deportes","status":"publish","type":"post","link":"https:\/\/www.europesays.com\/es\/192324\/","title":{"rendered":"La Liga anuncia que se cancela el partido de Miami: el Villarreal &#8211; Barcelona se jugar\u00e1 en La Cer\u00e1mica | F\u00fatbol | Deportes"},"content":{"rendered":"<p class=\"\">En plena noche de Champions League, LaLiga ha anunciado que <a href=\"https:\/\/elpais.com\/deportes\/futbol\/2025-10-20\/el-partido-de-miami-convierte-el-futbol-espanol-en-un-volcan.html\" target=\"_self\" rel=\"nofollow noopener\" title=\"https:\/\/elpais.com\/deportes\/futbol\/2025-10-20\/el-partido-de-miami-convierte-el-futbol-espanol-en-un-volcan.html\">el Villarreal-Barcelona que se pretend\u00eda disputar el pr\u00f3ximo mes de diciembre en Miami<\/a> no se jugar\u00e1 finalmente en Estados Unidos, sino que lo har\u00e1, como de costumbre, en el Estadio de La Cer\u00e1mica de Villarreal. \u201cTras conversaciones con la promotora del Partido Oficial de LALIGA en Miami, \u00e9sta ha comunicado su decisi\u00f3n de cancelar la organizaci\u00f3n del evento debido a la incertidumbre generada en Espa\u00f1a durante las \u00faltimas semanas\u00bb, ha informado en la noche de este martes la competici\u00f3n presidida por <a href=\"https:\/\/elpais.com\/deportes\/futbol\/2025-10-21\/el-partido-de-miami-el-futbol-sin-territorio-emocional.html\" target=\"_self\" rel=\"nofollow noopener\" title=\"https:\/\/elpais.com\/deportes\/futbol\/2025-10-21\/el-partido-de-miami-el-futbol-sin-territorio-emocional.html\">Javier Tebas<\/a> en un comunicado.<\/p>\n<p class=\"\">\u201cLALIGA lamenta profundamente que este proyecto, que representaba una oportunidad hist\u00f3rica e inigualable para la internacionalizaci\u00f3n del f\u00fatbol espa\u00f1ol, no pueda seguir adelante\u201d, prosigue el comunicado; \u201cla celebraci\u00f3n de un partido oficial fuera de nuestras fronteras habr\u00eda supuesto un paso decisivo en la expansi\u00f3n global de nuestra competici\u00f3n, reforzando la presencia internacional de los clubes, el posicionamiento de los jugadores y la marca del f\u00fatbol espa\u00f1ol en un mercado estrat\u00e9gico como es Estados Unidos\u201d.<\/p>\n<p class=\"\">La noticia ha pillado por sorpresa a todos los implicados en la noche de este martes. Tras <a href=\"https:\/\/elpais.com\/deportes\/futbol\/2025-10-21\/la-garantia-del-barca-es-fermin.html\" target=\"_self\" rel=\"nofollow noopener\" title=\"https:\/\/elpais.com\/deportes\/futbol\/2025-10-21\/la-garantia-del-barca-es-fermin.html\">el fest\u00edn goleador del Barcelona ante el Olympiacos<\/a>, la nota informativa de LaLiga ha ca\u00eddo como un jarro de agua fr\u00eda en las tripas de Montjuic, donde, nada m\u00e1s concluir la rueda de prensa de Hansi Flick, y seg\u00fan ha podido saber EL PA\u00cdS, varios empleados del club azulgrana han mostrado su estupor ante la noticia. En Villarreal, las c\u00e1maras de Movistar+ han captado a <a href=\"https:\/\/x.com\/MovistarFutbol\/status\/1980725891001954542\" target=\"_blank\" rel=\"nofollow\" title=\"https:\/\/x.com\/MovistarFutbol\/status\/1980725891001954542\">Fernando Roig Negueroles<\/a>, hijo de Fernando Roig y consejero delegado del club amarillo, enter\u00e1ndose de la noticia desde el mismo palco de La Cer\u00e1mica, donde el submarino amarillo disputaba la tercera jornada de Champions ante el Manchester City de Pep Guardiola. All\u00ed, donde ahora se conoce que tambi\u00e9n se jugar\u00e1 el encuentro liguero frente al Bar\u00e7a, Roig Nogueroles ha recibido la noticia con un visible enfado.<\/p>\n<p class=\"\">Fructificaron, por lo tanto, las protestas orquestadas el pasado fin de semana por el sindicato de jugadores (AFE) en todos los estadios de primera divisi\u00f3n, donde los jugadores de los 20 equipos que conforman la competici\u00f3n mostraron su disconformidad ante \u201cla falta de transparencia\u201d de La Liga en torno al encuentro que cul\u00e9s y groguets parec\u00edan destinados a disputar en Estados Unidos. Tal fue el malestar de LaLiga ante la breve manifestaci\u00f3n de los futbolistas \u2014unos segundos de par\u00f3n en el inicio de cada encuentro\u2014 que <a href=\"https:\/\/elpais.com\/deportes\/futbol\/2025-10-18\/laliga-advirtio-a-los-jugadores-de-consecuencias-indeseadas-por-los-parones-por-miami-pero-las-protestas-se-mantienen.html\" target=\"_self\" rel=\"nofollow noopener\" title=\"https:\/\/elpais.com\/deportes\/futbol\/2025-10-18\/laliga-advirtio-a-los-jugadores-de-consecuencias-indeseadas-por-los-parones-por-miami-pero-las-protestas-se-mantienen.html\">la competici\u00f3n de Javier Tebas advirti\u00f3 a los futbolistas \u201cde consecuencias indeseadas\u201d si manten\u00edan su postura<\/a>. Solo dos d\u00edas despu\u00e9s, ha sido LaLiga quien ha dado un volantazo en su discurso para, ante sorpresa de todos, anunciar la cancelaci\u00f3n del partido.<\/p>\n<p>El Real Madrid, muy cr\u00edtico con Tebas<\/p>\n<p class=\"\">En la ma\u00f1ana de este mismo martes, horas antes de anunciarse la cancelaci\u00f3n del partido de Miami, Thibaut Courtois, portero del Real Madrid, carg\u00f3 duramente contra Javier Tebas, presidente de LaLiga, por la intenci\u00f3n de llevarse un partido de la competici\u00f3n a Estados Unidos y, especialmente, por lo sucedido este fin de semana en las retransmisiones de los partidos, en los que las televisiones ocultaron parte de las protestas y, al mostrarlas, las acompa\u00f1aron de un mensaje \u2014\u201cCompromiso con la paz\u201d\u2014 que, a juicio del belga, creaba confusi\u00f3n. \u201cOcultarlo, y adem\u00e1s cambiar el porqu\u00e9 estamos protestando es censurar y manipular\u201d, sentenci\u00f3 el portero blanco; \u201cy eso es muy grave\u201d.<\/p>\n<p class=\"\">[Noticia en ampliaci\u00f3n. Habr\u00e1 actualizaci\u00f3n en breve]<\/p>\n","protected":false},"excerpt":{"rendered":"En plena noche de Champions League, LaLiga ha anunciado que el Villarreal-Barcelona que se pretend\u00eda disputar el pr\u00f3ximo&hellip;\n","protected":false},"author":2,"featured_media":192325,"comment_status":"","ping_status":"","sticky":false,"template":"","format":"standard","meta":{"footnotes":""},"categories":[93],"tags":[1540,168,1539,25,24,881,282,1538,653,1210,6584,23,167,9607],"class_list":{"0":"post-192324","1":"post","2":"type-post","3":"status-publish","4":"format-standard","5":"has-post-thumbnail","7":"category-deportes","8":"tag-competiciones","9":"tag-deportes","10":"tag-entrenadores","11":"tag-es","12":"tag-espana","13":"tag-fc-barcelona","14":"tag-futbol","15":"tag-futbolistas","16":"tag-javier-tebas","17":"tag-laliga-ea-sports","18":"tag-miami","19":"tag-spain","20":"tag-sports","21":"tag-villarreal-cf"},"share_on_mastodon":{"url":"https:\/\/pubeurope.com\/@es\/115414118093215319","error":""},"_links":{"self":[{"href":"https:\/\/www.europesays.com\/es\/wp-json\/wp\/v2\/posts\/192324","targetHints":{"allow":["GET"]}}],"collection":[{"href":"https:\/\/www.europesays.com\/es\/wp-json\/wp\/v2\/posts"}],"about":[{"href":"https:\/\/www.europesays.com\/es\/wp-json\/wp\/v2\/types\/post"}],"author":[{"embeddable":true,"href":"https:\/\/www.europesays.com\/es\/wp-json\/wp\/v2\/users\/2"}],"replies":[{"embeddable":true,"href":"https:\/\/www.europesays.com\/es\/wp-json\/wp\/v2\/comments?post=192324"}],"version-history":[{"count":0,"href":"https:\/\/www.europesays.com\/es\/wp-json\/wp\/v2\/posts\/192324\/revisions"}],"wp:featuredmedia":[{"embeddable":true,"href":"https:\/\/www.europesays.com\/es\/wp-json\/wp\/v2\/media\/192325"}],"wp:attachment":[{"href":"https:\/\/www.europesays.com\/es\/wp-json\/wp\/v2\/media?parent=192324"}],"wp:term":[{"taxonomy":"category","embeddable":true,"href":"https:\/\/www.europesays.com\/es\/wp-json\/wp\/v2\/categories?post=192324"},{"taxonomy":"post_tag","embeddable":true,"href":"https:\/\/www.europesays.com\/es\/wp-json\/wp\/v2\/tags?post=192324"}],"curies":[{"name":"wp","href":"https:\/\/api.w.org\/{rel}","templated":true}]}}