{"id":192336,"date":"2025-10-21T20:54:24","date_gmt":"2025-10-21T20:54:24","guid":{"rendered":"https:\/\/www.europesays.com\/es\/192336\/"},"modified":"2025-10-21T20:54:24","modified_gmt":"2025-10-21T20:54:24","slug":"alba-sanchez-y-elisabeth-adongo-nuevas-jugadoras-del-balonmano-ramon-y-cajal","status":"publish","type":"post","link":"https:\/\/www.europesays.com\/es\/192336\/","title":{"rendered":"Alba S\u00e1nchez y Elisabeth Adongo, nuevas jugadoras del Balonmano Ram\u00f3n y Cajal"},"content":{"rendered":"<p>El <strong>Club Balonmano Ram\u00f3n y Cajal<\/strong> contin\u00faa reforzando su proyecto deportivo con la incorporaci\u00f3n de dos nuevas jugadoras al equipo s\u00e9nior femenino de Primera Nacional.<\/p>\n<p>Se trata de<strong> Alba S\u00e1nchez, portera procedente del Club Balonmano Triana de Sevilla, y de Elisabeth Adongo, jugadora que llega desde el Balonmano T-Maravilla de Melilla<\/strong>, donde militaba en la Divisi\u00f3n de Honor Plata Femenina.<\/p>\n<p>Ambas jugadoras a<strong>portar\u00e1n experiencia y calidad a un equipo joven<\/strong>, formado en su mayor\u00eda por jugadoras de la cantera local, que este a\u00f1o buscar\u00e1 consolidarse en la categor\u00eda y competir al m\u00e1ximo nivel en cada jornada.<\/p>\n<p><strong>Desde el club se valora muy positivamente estas incorporaciones, que no solo suman en lo deportivo, sino tambi\u00e9n en el crecimiento del proyecto femenino<\/strong>, una apuesta clave de la entidad. El equipo ya se encuentra inmerso en la preparaci\u00f3n de la nueva campa\u00f1a, con el objetivo de seguir creciendo, dar oportunidades al talento local y ofrecer un balonmano de calidad a la afici\u00f3n ceut\u00ed.\u00a0<\/p>\n<p>Encuentros de este fin de semana<\/p>\n<p>El\u00a0<strong>Club Balonmano Ram\u00f3n y Cajal\u00a0<\/strong>disput\u00f3 tres encuentros este fin de semana en las distintas competiciones andaluzas en las que participa. En la Primera Nacional femenina, el conjunto colegial perdi\u00f3 (16-27) ante<strong>\u00a0Agrinova Balonmano Roquetas<\/strong>\u00a0en un encuentro disputado en el Pabell\u00f3n Antonio Campoamor.\u00a0<\/p>\n<p>En cuanto a la base, el Infantil femenino derrot\u00f3 (11-26) al\u00a0<strong>Club Balonmano Jerez<\/strong>\u00a0mientras que el cadete femenino hizo lo propio, tambi\u00e9n ante el conjunto jerezano, por un marcador de 10-22.\u00a0<\/p>\n<p>\u00abAmbos conjuntos d<strong>emostraron car\u00e1cter, intensidad y un gran trabajo colectivo en defensa y ataque<\/strong>. Una excelente manera de comenzar la temporada en tierras andaluzas\u00bb, subray\u00f3 el club en sus redes sociales.\u00a0<\/p>\n","protected":false},"excerpt":{"rendered":"El Club Balonmano Ram\u00f3n y Cajal contin\u00faa reforzando su proyecto deportivo con la incorporaci\u00f3n de dos nuevas jugadoras&hellip;\n","protected":false},"author":2,"featured_media":192337,"comment_status":"","ping_status":"","sticky":false,"template":"","format":"standard","meta":{"footnotes":""},"categories":[278],"tags":[376,53655,4486,634,168,25,24,375,23,167],"class_list":{"0":"post-192336","1":"post","2":"type-post","3":"status-publish","4":"format-standard","5":"has-post-thumbnail","7":"category-balonmano","8":"tag-balonmano","9":"tag-cb-ramon-y-cajal","10":"tag-ceuta","11":"tag-deporte","12":"tag-deportes","13":"tag-es","14":"tag-espana","15":"tag-handball","16":"tag-spain","17":"tag-sports"},"share_on_mastodon":{"url":"https:\/\/pubeurope.com\/@es\/115414149557362220","error":""},"_links":{"self":[{"href":"https:\/\/www.europesays.com\/es\/wp-json\/wp\/v2\/posts\/192336","targetHints":{"allow":["GET"]}}],"collection":[{"href":"https:\/\/www.europesays.com\/es\/wp-json\/wp\/v2\/posts"}],"about":[{"href":"https:\/\/www.europesays.com\/es\/wp-json\/wp\/v2\/types\/post"}],"author":[{"embeddable":true,"href":"https:\/\/www.europesays.com\/es\/wp-json\/wp\/v2\/users\/2"}],"replies":[{"embeddable":true,"href":"https:\/\/www.europesays.com\/es\/wp-json\/wp\/v2\/comments?post=192336"}],"version-history":[{"count":0,"href":"https:\/\/www.europesays.com\/es\/wp-json\/wp\/v2\/posts\/192336\/revisions"}],"wp:featuredmedia":[{"embeddable":true,"href":"https:\/\/www.europesays.com\/es\/wp-json\/wp\/v2\/media\/192337"}],"wp:attachment":[{"href":"https:\/\/www.europesays.com\/es\/wp-json\/wp\/v2\/media?parent=192336"}],"wp:term":[{"taxonomy":"category","embeddable":true,"href":"https:\/\/www.europesays.com\/es\/wp-json\/wp\/v2\/categories?post=192336"},{"taxonomy":"post_tag","embeddable":true,"href":"https:\/\/www.europesays.com\/es\/wp-json\/wp\/v2\/tags?post=192336"}],"curies":[{"name":"wp","href":"https:\/\/api.w.org\/{rel}","templated":true}]}}