{"id":192342,"date":"2025-10-21T21:00:08","date_gmt":"2025-10-21T21:00:08","guid":{"rendered":"https:\/\/www.europesays.com\/es\/192342\/"},"modified":"2025-10-21T21:00:08","modified_gmt":"2025-10-21T21:00:08","slug":"formula-1-cumpleanos-feliz-y-oferta-de-impuestos-cero-a-inversores-americanos","status":"publish","type":"post","link":"https:\/\/www.europesays.com\/es\/192342\/","title":{"rendered":"F\u00f3rmula 1, \u00abcumplea\u00f1os feliz\u00bb y oferta de impuestos cero a inversores americanos"},"content":{"rendered":"<p class=\"article-text\">\n        Isabel D\u00edaz Ayuso irrumpi\u00f3 este fin de semana desde Austin en la retransmisi\u00f3n del Gran Premio de las Am\u00e9ricas de F\u00f3rmula 1 de Dazn, donde explic\u00f3 que su viaje a Texas ten\u00eda como objetivo \u201cconocer de primera mano c\u00f3mo se organiza\u201d una prueba de estas caracter\u00edsticas y tambi\u00e9n el dise\u00f1o de la movilidad para un espect\u00e1culo al que acuden cientos de miles de personas. As\u00ed justific\u00f3 el viaje a Austin, una peque\u00f1a ciudad de Texas que no llega al mill\u00f3n de habitantes. La presidenta de la Comunidad de Madrid decidi\u00f3 viajar en persona al circuito porque, seg\u00fan cont\u00f3 en la entrevista previa a la carrera: \u201cEs algo que hay que ver desde dentro de la dimensi\u00f3n y de la magnitud de un evento como este\u201d. En la cadena que tiene los derechos de retransmisi\u00f3n de la F\u00f3rmula 1, Ayuso adelant\u00f3 que las obras para el circuito urbano de Madrid que acoger\u00e1 el Gran Premio el a\u00f1o pr\u00f3ximo \u201cvan m\u00e1s r\u00e1pido de lo esperado\u201d y \u201cen los pr\u00f3ximos d\u00edas empezar\u00e1 el asfaltado\u201d.\n    <\/p>\n<blockquote class=\"twitter-tweet\" data-lang=\"es\"><p><a href=\"https:\/\/twitter.com\/X\/status\/1979970689000976801?ref_src=twsrc%5Etfw\" rel=\"nofollow noopener\" target=\"_blank\"><\/p><\/blockquote>\n<p>                            <script async src=\"https:\/\/platform.twitter.com\/widgets.js\" charset=\"utf-8\"><\/script><\/p>\n","protected":false},"excerpt":{"rendered":"Isabel D\u00edaz Ayuso irrumpi\u00f3 este fin de semana desde Austin en la retransmisi\u00f3n del Gran Premio de las&hellip;\n","protected":false},"author":2,"featured_media":191492,"comment_status":"","ping_status":"","sticky":false,"template":"","format":"standard","meta":{"footnotes":""},"categories":[270],"tags":[3099,26727,6984,3145,6996,168,25,24,306,6664,3098,271,272,766,10728,6046,23,167,6583],"class_list":{"0":"post-192342","1":"post","2":"type-post","3":"status-publish","4":"format-standard","5":"has-post-thumbnail","7":"category-formula-1","8":"tag-3099","9":"tag-americanos","10":"tag-ayuso","11":"tag-cero","12":"tag-cumpleanos","13":"tag-deportes","14":"tag-es","15":"tag-espana","16":"tag-f1","17":"tag-feliz","18":"tag-formula","19":"tag-formula-1","20":"tag-formula1","21":"tag-impuestos","22":"tag-inversores","23":"tag-oferta","24":"tag-spain","25":"tag-sports","26":"tag-texas"},"share_on_mastodon":{"url":"https:\/\/pubeurope.com\/@es\/115414173312399629","error":""},"_links":{"self":[{"href":"https:\/\/www.europesays.com\/es\/wp-json\/wp\/v2\/posts\/192342","targetHints":{"allow":["GET"]}}],"collection":[{"href":"https:\/\/www.europesays.com\/es\/wp-json\/wp\/v2\/posts"}],"about":[{"href":"https:\/\/www.europesays.com\/es\/wp-json\/wp\/v2\/types\/post"}],"author":[{"embeddable":true,"href":"https:\/\/www.europesays.com\/es\/wp-json\/wp\/v2\/users\/2"}],"replies":[{"embeddable":true,"href":"https:\/\/www.europesays.com\/es\/wp-json\/wp\/v2\/comments?post=192342"}],"version-history":[{"count":0,"href":"https:\/\/www.europesays.com\/es\/wp-json\/wp\/v2\/posts\/192342\/revisions"}],"wp:featuredmedia":[{"embeddable":true,"href":"https:\/\/www.europesays.com\/es\/wp-json\/wp\/v2\/media\/191492"}],"wp:attachment":[{"href":"https:\/\/www.europesays.com\/es\/wp-json\/wp\/v2\/media?parent=192342"}],"wp:term":[{"taxonomy":"category","embeddable":true,"href":"https:\/\/www.europesays.com\/es\/wp-json\/wp\/v2\/categories?post=192342"},{"taxonomy":"post_tag","embeddable":true,"href":"https:\/\/www.europesays.com\/es\/wp-json\/wp\/v2\/tags?post=192342"}],"curies":[{"name":"wp","href":"https:\/\/api.w.org\/{rel}","templated":true}]}}