{"id":192343,"date":"2025-10-21T21:01:12","date_gmt":"2025-10-21T21:01:12","guid":{"rendered":"https:\/\/www.europesays.com\/es\/192343\/"},"modified":"2025-10-21T21:01:12","modified_gmt":"2025-10-21T21:01:12","slug":"ucam-murcia-cb-el-ucam-murcia-se-enreda-en-la-fiba-europe-cup-resultado-estadisticas-y-cronica-ante-el-kk-bosna","status":"publish","type":"post","link":"https:\/\/www.europesays.com\/es\/192343\/","title":{"rendered":"UCAM MURCIA CB | El UCAM Murcia se enreda en la FIBA Europe Cup: resultado, estad\u00edsticas y cr\u00f3nica ante el KK Bosna"},"content":{"rendered":"<p class=\"ft-text\"><strong>Dos partidos. Eso es lo que ha necesitado el <\/strong><a class=\"ft-link ft-link--decoration\" href=\"https:\/\/www.laopiniondemurcia.es\/tags\/ucam-murcia-cb.html\" rel=\"nofollow noopener\" target=\"_blank\"><strong>UCAM Murcia CB<\/strong><\/a><strong> para darse cuenta de que la FIBA Europe Cup no va ser una competici\u00f3n de vino y rosas.<\/strong> Si ya en su estreno en el Palacio el Rilski Sportist b\u00falgaro le dio un primer aviso, al remontar una holgada distancia para despu\u00e9s llevar el partido a un cuerpo a cuerpo en el que los universitarios tuvieron que emplearse a fondo para sacarlo adelante, <strong>ahora ha sido el KK Bosna BH Telecom el que le ha maniatado en su primera salida para darle un toque de atenci\u00f3n (87-72). <\/strong><\/p>\n<p class=\"ft-text\">Y es que el conjunto bosnio ha sabido parar por completo a un UCAM que por momentos se ha mostrado impotente sobre el parqu\u00e9 del Zetra Arena. Sin capacidad de respuesta desde un inicio en el que los de Sito <a class=\"ft-link ft-link--decoration\" href=\"https:\/\/formula1.lne.es\/fernando-alonso\/\" rel=\"nofollow noopener\" target=\"_blank\">Alonso<\/a> fueron a remolque. <strong>El UCAM de las rotaciones no funciona.<\/strong> Parec\u00eda que la f\u00f3rmula empleada por el t\u00e9cnico universitario para aprovechar las virtudes de contar con una plantilla <strong>amplia iba a permitir compaginar el doble <\/strong><a class=\"ft-link ft-link--decoration\" href=\"https:\/\/www.sport.es\/es\/motor\/moto-gp\/calendario\/\" target=\"_blank\" rel=\"nofollow noopener\"><strong>calendario<\/strong><\/a><strong> pagando el menor peaje posible.<\/strong> Pero no est\u00e1 siendo as\u00ed. Y no lo est\u00e1 porque <strong>algunos de los jugadores que deben dar un paso adelante cuando les toca subir un escal\u00f3n en su rol no se sienten c\u00f3modos cuando esto ocurre. <\/strong><\/p>\n<p class=\"ft-text\">Apost\u00f3 el t\u00e9cnico por dar descanso a <strong>David DeJulius, que ven\u00eda de ser el MVP de la jornada de la ACB, y al alero Sander Raieste<\/strong>, pero este UCAM parece que todav\u00eda<strong> no est\u00e1 capacitado para poder dar respiro a sus piezas m\u00e1s importantes entre semana.<\/strong> Porque el Bosna, que ven\u00eda de encajar dos derrotas consecutivas en su liga dom\u00e9stica y de caer en la primera jornada de la FIBA Europe Cup ante el Start Lublin, <strong>se encontraba en un momento delicado y ahora vuelve a tener m\u00e1s vida que nunca en esta competici\u00f3n. <\/strong>El pasado s\u00e1bado renunci\u00f3 su entrenador y su asistente Muhamed Pasalic se ha hecho con las riendas del equipo. Un equipo bosnio que <strong>centr\u00f3 sus esfuerzos en cerrar la zona y cortocircuitar as\u00ed a un UCAM Murcia que volvi\u00f3 a pagar caro su escaso acierto desde el per\u00edmetro. <\/strong>Especialmente en la primera mitad, con un <strong>3\/15 en los lanzamientos de tres (20% de acierto)<\/strong> que le comenz\u00f3 a costar la derrota.<\/p>\n<p class=\"ft-text\"><strong>No replic\u00f3 ese plan el conjunto universitario<\/strong>, ya que fue en la pintura donde m\u00e1s vulnerable se mostr\u00f3 en los primeros compases del partido y lo que le dio alas a un rival que tambi\u00e9n mostr\u00f3 la capacidad de rehacerse ante cualquier situaci\u00f3n. Y es que cuando Sito Alonso apost\u00f3 por darle un giro de guion al partido con una defensa en zona en el tercer cuarto, <strong>dos triples consecutivos locales acabaron por dinamitar cualquier posibilidad de remontada para un club murciano que en ning\u00fan momento fue por delante en el marcador. <\/strong><\/p>\n<p class=\"ft-text\">La derrota en Bosnia, <a class=\"ft-link ft-link--decoration\" href=\"https:\/\/www.laopiniondemurcia.es\/deportes\/2025\/10\/20\/ucam-murcia-prepara-maletas-fiba-122785972.html\" rel=\"nofollow noopener\" target=\"_blank\">en el primero de los tres partidos a domicilio que de manera consecutiva debe afrontar el cuadro murciano en esta competici\u00f3n,<\/a> aprieta todav\u00eda m\u00e1s el grupo y reduce el margen de error del UCAM para buscar la primera plaza, <strong>que debe ser la v\u00eda prioritaria para acceder a la siguiente fase. <\/strong><\/p>\n<p><img decoding=\"async\" src=\"https:\/\/www.europesays.com\/es\/wp-content\/uploads\/2025\/10\/2b0d445a-e718-41c0-9799-a846415afe37_alta-libre-aspect-ratio_default_0.jpg\" width=\"1200\" height=\"800\" alt=\"El p\u00edvot Devontae Cacok, del UCAM Murcia, durante el encuentro.\" class=\"ft-helper-img-rd\" loading=\"lazy\" hasdataaida=\"true\"\/><\/p>\n<p class=\"ft-helper-fontColor-quaternary ft-helper-fontSize-body-S ft-helper-spacer-t-xxs\">El p\u00edvot Devontae Cacok, del UCAM Murcia, durante el encuentro.  \/ FIBA EUROPE CUP<\/p>\n<p>Un primer aviso<\/p>\n<p class=\"ft-text\">Un arranque fr\u00edo del UCAM Murcia gener\u00f3 los primeros problemas, por lo que r\u00e1pidamente Sito Alonso tuvo que hacer los primeros cambios en el guion. Le cost\u00f3 anotar a los universitarios en el arranque y sufrieron en defensa (6-2), algo que tampoco cambi\u00f3 con el paso de los minutos. Rompi\u00f3 la mala racha anotadora con un triple de Hicks (8-5), pero el t\u00e9cnico tuvo que realizar las primeras rotaciones, con la entrada de Cacok, antes de pararlo con tiempo muerto a los cinco minutos tras un 13-5 de parcial de salida para el Bosna. El propio Sito Alonso insisti\u00f3 en seguir buscando a Hicks desde el per\u00edmetro, pero el cuadro bosnio, por mediaci\u00f3n de West, mantuvo la distancia. Fue entonces cuando el UCAM termin\u00f3 por agitar su quinteto con la entrada de Nakic, Dani Garc\u00eda y Radebaugh, aunque no surti\u00f3 el efecto deseado a falta de tres minutos para finalizar el cuarto (18-8). Intent\u00f3 subir la intensidad el UCAM en este \u00faltimo tramo, y encontr\u00f3 en el tiro libre a su mejor aliado para darle un mordisco importante al marcador por mediaci\u00f3n de Cacok y Radebaugh, a pesar de la insistencia del KK Bosna (22-17).<\/p>\n<p>Un rival que no va de farol<\/p>\n<p class=\"ft-text\">No era capaz el equipo universitario de parar en defensa a su rival. Ni siquiera lleg\u00f3 el cambio de chip con el inicio del segundo cuarto tras recibir el aviso de los locales, porque las canastas de Young y Audige mantuvieron la diferencia y tambi\u00e9n los problemas para el UCAM en esta primera mitad (30-22). Para entonces Sito Alonso ya hab\u00eda probado distintas variantes sobre el parqu\u00e9. Con Sant-Roos subiendo el bal\u00f3n en algunas situaciones, en su rol de base al de temporadas anteriores, y despu\u00e9s por la apuesta Forrest, Radebaugh y Ennis en el juego exterior junto a Nakic y Cacok (32-22). No surti\u00f3 efecto, de hecho, sucedi\u00f3 todo lo contrario a los planes de un t\u00e9cnico universitario que fue castigado con t\u00e9cnica a los cinco minutos del cuarto. La distancia lleg\u00f3 hasta los 18 puntos despu\u00e9s de un parcial de 12-2 con un triple de Atic y las puntos de West y Halilovic (42-28). L\u00f3pez de la Torre cort\u00f3 la mala racha para los universitarios, que mandaban al tiro libre a su rival con cada falta al estar en bonus, aunque tuvo que pararlo Sito Alonso con tiempo muerto (48-30). El UCAM trat\u00f3 de apretar en los minutos finales, buscando sacar petr\u00f3leo de una zona que cerraba el conjunto bosnio en cada posesi\u00f3n murciana, y lo hizo antes del descanso con las visitas al tiro libre de Ennis y dos buenas acciones de Cate en el poste que dieron mucha vida a los de Sito Alonso (48-38).<\/p>\n<p><img decoding=\"async\" src=\"https:\/\/www.europesays.com\/es\/wp-content\/uploads\/2025\/10\/3ecf601c-e25a-4bac-92f8-54ce117886b7_alta-libre-aspect-ratio_default_0.jpg\" width=\"1200\" height=\"800\" alt=\"Toni Nakic, del UCAM Murcia, intentando parar a contrario en el partido ante el KK Bosna.\" class=\"ft-helper-img-rd\" loading=\"lazy\" hasdataaida=\"true\"\/><\/p>\n<p class=\"ft-helper-fontColor-quaternary ft-helper-fontSize-body-S ft-helper-spacer-t-xxs\">Toni Nakic, del UCAM Murcia, intentando parar a contrario en el partido ante el KK Bosna.  \/ FIBA EUROPE CUP<\/p>\n<p>Sin reacci\u00f3n tras el descanso<\/p>\n<p class=\"ft-text\">De poco sirvi\u00f3 el paso por vestuarios y la reacci\u00f3n anterior, porque el UCAM arranc\u00f3 la segunda mitad con un parcial de 6-0 con el que volvi\u00f3 a dejar en evidencia su dificultad para parar a un KK Bosna que con un juego f\u00e1cil desarbolaba a los universitarios (54-38). Apost\u00f3 Sito Alonso por una defensa en zona que rompi\u00f3 el cuadro bosnio con dos lanzamientos consecutivos desde el triple para dejar al UCAM a\u00fan m\u00e1s tocado a los cinco minutos de este periodo (60-40). Sant-Roos cort\u00f3 la mala racha para los murcianos, pero no fue suficiente al tener que seguir nadando a contracorriente. Fue entonces cuando Ennis logr\u00f3 anotar desde el triple, por primera vez en esta segunda mitad para los universitarios, pero el Bosna lo neutraliz\u00f3 con Salic (66-46). En definitiva, otro intercambio de canastas que no serv\u00eda para nada a un UCAM obligado a remontar (69-52).<\/p>\n<p>Imposible minimizar da\u00f1os<\/p>\n<p class=\"ft-text\">Tampoco lleg\u00f3 la reacci\u00f3n esperada en el inicio de un \u00faltimo cuarto al que al UCAM no solo le faltaba el acierto, sino tambi\u00e9n la fe de poder remontar un partido en el que en ning\u00fan momento fue por delante en el marcador (71-52). A siete minutos para el final, el objetivo m\u00e1s factible era el de minimizar da\u00f1os, y eso que los de Sito Alonso lograron reducir la renta hasta los 14 puntos despu\u00e9s de un 0-5 de parcial (71-57). Sin embargo, los s\u00edntomas ofrecidos sobre el parqu\u00e9 no permit\u00edan confiar en que fuera a ocurrir algo diferente en el desenlace (72-57). De nuevo, un intercambio de canastas con Nakic como protagonista en los universitarios, permiti\u00f3 a los universitarios pensar en rebajar la distancia alrededor de los diez puntos. Aunque tan solo los errores propios del Bosna pod\u00edan cambiar el desenlace de este partido, al tenerlo muy amarrado. Como era de esperar, esto no ocurri\u00f3 y el conjunto bosnio acab\u00f3 celebrando la victoria con una amplia distancia que puede ser difernecial con el paso de las jornadas (87-72).<\/p>\n","protected":false},"excerpt":{"rendered":"Dos partidos. Eso es lo que ha necesitado el UCAM Murcia CB para darse cuenta de que la&hellip;\n","protected":false},"author":2,"featured_media":192344,"comment_status":"","ping_status":"","sticky":false,"template":"","format":"standard","meta":{"footnotes":""},"categories":[269],"tags":[299,298,168,2244,3598,25,24,46259,53656,53657,23,167,9413,3918,1402],"class_list":{"0":"post-192343","1":"post","2":"type-post","3":"status-publish","4":"format-standard","5":"has-post-thumbnail","7":"category-baloncesto","8":"tag-baloncesto","9":"tag-basketball","10":"tag-deportes","11":"tag-derrota","12":"tag-en-directo","13":"tag-es","14":"tag-espana","15":"tag-fiba-europe-cup","16":"tag-kk-bosna","17":"tag-rotaciones","18":"tag-spain","19":"tag-sports","20":"tag-ucam","21":"tag-ucam-murcia","22":"tag-ucam-murcia-cb"},"share_on_mastodon":{"url":"https:\/\/pubeurope.com\/@es\/115414177394845865","error":""},"_links":{"self":[{"href":"https:\/\/www.europesays.com\/es\/wp-json\/wp\/v2\/posts\/192343","targetHints":{"allow":["GET"]}}],"collection":[{"href":"https:\/\/www.europesays.com\/es\/wp-json\/wp\/v2\/posts"}],"about":[{"href":"https:\/\/www.europesays.com\/es\/wp-json\/wp\/v2\/types\/post"}],"author":[{"embeddable":true,"href":"https:\/\/www.europesays.com\/es\/wp-json\/wp\/v2\/users\/2"}],"replies":[{"embeddable":true,"href":"https:\/\/www.europesays.com\/es\/wp-json\/wp\/v2\/comments?post=192343"}],"version-history":[{"count":0,"href":"https:\/\/www.europesays.com\/es\/wp-json\/wp\/v2\/posts\/192343\/revisions"}],"wp:featuredmedia":[{"embeddable":true,"href":"https:\/\/www.europesays.com\/es\/wp-json\/wp\/v2\/media\/192344"}],"wp:attachment":[{"href":"https:\/\/www.europesays.com\/es\/wp-json\/wp\/v2\/media?parent=192343"}],"wp:term":[{"taxonomy":"category","embeddable":true,"href":"https:\/\/www.europesays.com\/es\/wp-json\/wp\/v2\/categories?post=192343"},{"taxonomy":"post_tag","embeddable":true,"href":"https:\/\/www.europesays.com\/es\/wp-json\/wp\/v2\/tags?post=192343"}],"curies":[{"name":"wp","href":"https:\/\/api.w.org\/{rel}","templated":true}]}}