{"id":192349,"date":"2025-10-21T21:04:09","date_gmt":"2025-10-21T21:04:09","guid":{"rendered":"https:\/\/www.europesays.com\/es\/192349\/"},"modified":"2025-10-21T21:04:09","modified_gmt":"2025-10-21T21:04:09","slug":"arabaclick-alcanza-su-record-de-participacion-con-una-edicion-marcada-por-la-mirada-femenina","status":"publish","type":"post","link":"https:\/\/www.europesays.com\/es\/192349\/","title":{"rendered":"Arabaclick alcanza su r\u00e9cord de participaci\u00f3n con una edici\u00f3n marcada por la mirada femenina"},"content":{"rendered":"<p>La s\u00e9ptima edici\u00f3n de Arabaclick abre sus puertas con cifras hist\u00f3ricas y un protagonismo femenino sin precedentes. Hasta el 30 de noviembre, el p\u00fablico podr\u00e1  &#8230; disfrutar de m\u00e1s de 3.000 im\u00e1genes \u2014m\u00e1s del doble que en la pasada edici\u00f3n\u2014 repartidas en 10 espacios expositivos y creadas por 37 fot\u00f3grafos, de los cuales 24 son mujeres. El certamen reivindica la participaci\u00f3n de aficionados a la fotograf\u00eda y pone en valor el territorio con la tem\u00e1tica &#8216;Memorias de \u00c1lava&#8217;, cuya condici\u00f3n ha sido plasmar las instant\u00e1neas en tierras alavesas.<\/p>\n<p class=\"v-p\">\u00abEs especialmente bonito el brillo de los ojos de las personas que exponen por primera vez\u00bb, ha destacado Gustavo Bravo, director art\u00edstico de Arabaclick, sobre una oportunidad que \u00abpocos festivales dan a gente que est\u00e1 empezando\u00bb, ha sentenciado. La muestra se podr\u00e1 disfrutar en m\u00e1s lugares. Por primera vez, se incorporan los tres archivos del territorio (municipal, provincial y la Fundaci\u00f3n Sancho el Sabio Vital), que junto a tres salas del campus alav\u00e9s de la EHU, los centros IDarte y Federico Baraibar adem\u00e1s de los centros formativos de Ataria y LABE en la que se expondr\u00e1n los trabajos de la categor\u00eda joven, comprendida hasta los 30 a\u00f1os y que de los diez artistas participantes, ocho son mujeres. \u00abQuer\u00edamos que quien lo desee pueda recorrer varias exposiciones al mismo tiempo\u00bb, explica Lorena L\u00f3pez de Lacalle, presidenta de Revelare, que ha tomado las riendas organizativas y se muestran satisfechos de haber recibido m\u00e1s de un centenar de proyectos. Las exposiciones est\u00e1n formadas por cuatro series individuales \u2013de tres fot\u00f3grafas y un fot\u00f3grafo\u2013 y seis exposiciones colectivas.<\/p>\n<p class=\"v-p\">Entre las exposiciones individuales destacan la serie &#8216;Arborizaci\u00f3n&#8217;, de Ana Sampedro desarrollada en Vitoria el poema visual sobre la presencia y la vida de los \u00e1rboles de la capital se puede disfrutar en las cristaleras del Archivo Municipal de Vitoria. Tambi\u00e9n lo hacen, &#8216;Alta Tensi\u00f3n&#8217; de Izan Zapatero y &#8216;Susurros y v\u00e9rtices de Zambrana&#8217; de Rakel Rivera que est\u00e1n disponibles en el Archivo de la Diputaci\u00f3n de \u00c1lava y Vicerrectorado de la EHU, respectivamente. L\u00f3pez de Lacalle ha indicado que \u00abhemos sido m\u00e1s creativos al hacer las fotograf\u00edas en diferentes formatos, como panor\u00e1micas, adapt\u00e1ndonos a los lugares, para no hacer fotograf\u00edas clich\u00e9 que vale para cualquier sitio\u00bb.<\/p>\n<p>Entrega de premios<\/p>\n<p class=\"v-p\">El 31 de octubre, Vital Fundazioa Kulturgunea acoger\u00e1 la gala de presentaci\u00f3n de exposiciones. Se mantienen las tres becas, adem\u00e1s de tres premios en met\u00e1lico y otros tres reconocimientos. En la gala se presentar\u00e1n todas las exposiciones y se entregar\u00e1, por primera vez, el Premio Revelare, destinado a reconocer la trayectoria de una vida dedicada a la fotograf\u00eda. Durante el acto, la ganadora de la &#8216;superbeca&#8217; de 2024, Adriane Azkuenaga, presentar\u00e1 el trabajo que lleva realizando durante un a\u00f1o, gracias a la beca. Este a\u00f1o tambi\u00e9n habr\u00e1 un aspirante a la &#8216;superbeca&#8217; que gozar\u00e1 de un a\u00f1o de formaci\u00f3n en fotograf\u00eda de autor en Jard\u00edn Remoto el Metaverso de la Fotograf\u00eda, con tutorizaci\u00f3n de Gustavo Bravo.<\/p>\n","protected":false},"excerpt":{"rendered":"La s\u00e9ptima edici\u00f3n de Arabaclick abre sus puertas con cifras hist\u00f3ricas y un protagonismo femenino sin precedentes. Hasta&hellip;\n","protected":false},"author":2,"featured_media":192350,"comment_status":"","ping_status":"","sticky":false,"template":"","format":"standard","meta":{"footnotes":""},"categories":[173],"tags":[11539,53658,229,233,231,230,232,234,2197,146,147,25,24,5152,16023,7731,2599,4722,23],"class_list":{"0":"post-192349","1":"post","2":"type-post","3":"status-publish","4":"format-standard","5":"has-post-thumbnail","7":"category-arte-y-diseno","8":"tag-alcanza","9":"tag-arabaclick","10":"tag-arte","11":"tag-arte-y-diseno","12":"tag-arts","13":"tag-arts-and-design","14":"tag-design","15":"tag-diseno","16":"tag-edicion","17":"tag-entertainment","18":"tag-entretenimiento","19":"tag-es","20":"tag-espana","21":"tag-femenina","22":"tag-marcada","23":"tag-mirada","24":"tag-participacion","25":"tag-record","26":"tag-spain"},"share_on_mastodon":{"url":"https:\/\/pubeurope.com\/@es\/115414189021873450","error":""},"_links":{"self":[{"href":"https:\/\/www.europesays.com\/es\/wp-json\/wp\/v2\/posts\/192349","targetHints":{"allow":["GET"]}}],"collection":[{"href":"https:\/\/www.europesays.com\/es\/wp-json\/wp\/v2\/posts"}],"about":[{"href":"https:\/\/www.europesays.com\/es\/wp-json\/wp\/v2\/types\/post"}],"author":[{"embeddable":true,"href":"https:\/\/www.europesays.com\/es\/wp-json\/wp\/v2\/users\/2"}],"replies":[{"embeddable":true,"href":"https:\/\/www.europesays.com\/es\/wp-json\/wp\/v2\/comments?post=192349"}],"version-history":[{"count":0,"href":"https:\/\/www.europesays.com\/es\/wp-json\/wp\/v2\/posts\/192349\/revisions"}],"wp:featuredmedia":[{"embeddable":true,"href":"https:\/\/www.europesays.com\/es\/wp-json\/wp\/v2\/media\/192350"}],"wp:attachment":[{"href":"https:\/\/www.europesays.com\/es\/wp-json\/wp\/v2\/media?parent=192349"}],"wp:term":[{"taxonomy":"category","embeddable":true,"href":"https:\/\/www.europesays.com\/es\/wp-json\/wp\/v2\/categories?post=192349"},{"taxonomy":"post_tag","embeddable":true,"href":"https:\/\/www.europesays.com\/es\/wp-json\/wp\/v2\/tags?post=192349"}],"curies":[{"name":"wp","href":"https:\/\/api.w.org\/{rel}","templated":true}]}}