{"id":192351,"date":"2025-10-21T21:05:24","date_gmt":"2025-10-21T21:05:24","guid":{"rendered":"https:\/\/www.europesays.com\/es\/192351\/"},"modified":"2025-10-21T21:05:24","modified_gmt":"2025-10-21T21:05:24","slug":"la-feria-del-libro-de-sevilla-premia-el-talento-literario-y-rinde-homenaje-a-antonio-rivero-taravillo-actualidad","status":"publish","type":"post","link":"https:\/\/www.europesays.com\/es\/192351\/","title":{"rendered":"La Feria del Libro de Sevilla premia el talento literario y rinde homenaje a Antonio Rivero Taravillo \u2014 Actualidad"},"content":{"rendered":"<p>El Ayuntamiento de Sevilla, a trav\u00e9s del \u00c1rea de Turismo y Cultura, informa que la Asociaci\u00f3n Feria del Libro de Sevilla celebr\u00f3 en el Consulado de Portugal la entrega de sus tradicionales galardones, con los que reconoce la labor de destacadas personalidades e instituciones del \u00e1mbito del libro y la cultura.<\/p>\n<p>En esta edici\u00f3n, los premios recayeron en Yolanda Morat\u00f3 (Personaje del A\u00f1o), Zenda Libros (Fomento de la Lectura) y la Editorial Siruela (Trayectoria Profesional).<\/p>\n<p>El acto cont\u00f3 con la presencia de la delegada de Turismo y Cultura, Angie Moreno, quien hizo entrega de uno de los reconocimientos y destac\u00f3 \u201cla importancia de apoyar a quienes mantienen viva la pasi\u00f3n por la lectura y contribuyen a fortalecer el tejido cultural de nuestra ciudad\u201d.<\/p>\n<p>Durante el acto de entrega de premios, presentado por el periodista Jes\u00fas Vigorra, se rindi\u00f3 un emotivo homenaje al escritor y poeta Antonio Rivero Taravillo, recientemente fallecido. Con este encuentro, la Feria del Libro de Sevilla reafirma su compromiso con la promoci\u00f3n de la lectura y el impulso del talento literario y editorial.<\/p>\n","protected":false},"excerpt":{"rendered":"El Ayuntamiento de Sevilla, a trav\u00e9s del \u00c1rea de Turismo y Cultura, informa que la Asociaci\u00f3n Feria del&hellip;\n","protected":false},"author":2,"featured_media":192352,"comment_status":"","ping_status":"","sticky":false,"template":"","format":"standard","meta":{"footnotes":""},"categories":[172],"tags":[224,146,147,25,24,225,23],"class_list":{"0":"post-192351","1":"post","2":"type-post","3":"status-publish","4":"format-standard","5":"has-post-thumbnail","7":"category-libros","8":"tag-books","9":"tag-entertainment","10":"tag-entretenimiento","11":"tag-es","12":"tag-espana","13":"tag-libros","14":"tag-spain"},"share_on_mastodon":{"url":"https:\/\/pubeurope.com\/@es\/115414192974535150","error":""},"_links":{"self":[{"href":"https:\/\/www.europesays.com\/es\/wp-json\/wp\/v2\/posts\/192351","targetHints":{"allow":["GET"]}}],"collection":[{"href":"https:\/\/www.europesays.com\/es\/wp-json\/wp\/v2\/posts"}],"about":[{"href":"https:\/\/www.europesays.com\/es\/wp-json\/wp\/v2\/types\/post"}],"author":[{"embeddable":true,"href":"https:\/\/www.europesays.com\/es\/wp-json\/wp\/v2\/users\/2"}],"replies":[{"embeddable":true,"href":"https:\/\/www.europesays.com\/es\/wp-json\/wp\/v2\/comments?post=192351"}],"version-history":[{"count":0,"href":"https:\/\/www.europesays.com\/es\/wp-json\/wp\/v2\/posts\/192351\/revisions"}],"wp:featuredmedia":[{"embeddable":true,"href":"https:\/\/www.europesays.com\/es\/wp-json\/wp\/v2\/media\/192352"}],"wp:attachment":[{"href":"https:\/\/www.europesays.com\/es\/wp-json\/wp\/v2\/media?parent=192351"}],"wp:term":[{"taxonomy":"category","embeddable":true,"href":"https:\/\/www.europesays.com\/es\/wp-json\/wp\/v2\/categories?post=192351"},{"taxonomy":"post_tag","embeddable":true,"href":"https:\/\/www.europesays.com\/es\/wp-json\/wp\/v2\/tags?post=192351"}],"curies":[{"name":"wp","href":"https:\/\/api.w.org\/{rel}","templated":true}]}}