{"id":192371,"date":"2025-10-21T21:16:13","date_gmt":"2025-10-21T21:16:13","guid":{"rendered":"https:\/\/www.europesays.com\/es\/192371\/"},"modified":"2025-10-21T21:16:13","modified_gmt":"2025-10-21T21:16:13","slug":"la-cumbre-entre-trump-y-putin-en-budapest-queda-en-suspenso-tras-la-conversacion-entre-rubio-y-lavrov","status":"publish","type":"post","link":"https:\/\/www.europesays.com\/es\/192371\/","title":{"rendered":"La cumbre entre Trump y Putin en Budapest queda en suspenso tras la conversaci\u00f3n entre Rubio y Lavrov"},"content":{"rendered":"<p class=\"article-text\">\n        La cumbre prevista en Budapest para las \u201cpr\u00f3ximas semanas\u201d entre Donald Trump y Vlad\u00edmir Putin ha quedado en suspenso, seg\u00fan ha informado la Casa Blanca. La reuni\u00f3n se hab\u00eda anunciado la semana pasada tras una conversaci\u00f3n telef\u00f3nica entre Trump y Putin en v\u00edsperas de la visita a la Casa Blanca del presidente de Ucrania, Volod\u00edmir Zelenski. La cumbre de Budapest a\u00fan no ten\u00eda fijada fecha.\n    <\/p>\n<p class=\"article-text\">\n        La decisi\u00f3n de dejar la reuni\u00f3n en suspenso se tom\u00f3 tras una llamada entre el secretario de Estado estadounidense, Marco Rubio, y el ministro de Asuntos Exteriores ruso, Sergu\u00e9i Lavrov.\n    <\/p>\n<p class=\"article-text\">\n        \u201cNo quiero una reuni\u00f3n in\u00fatil\u201d, ha dicho Trump este martes por la tarde en el Despacho Oval: \u201cNo quiero perder el tiempo. As\u00ed que ver\u00e9 qu\u00e9 pasa. Dije: qu\u00e9dense en la l\u00ednea del frente, ret\u00edrense, regresen a casa y tomen un descanso, porque hay dos pa\u00edses que se est\u00e1n matando mutuamente. Dos pa\u00edses est\u00e1n perdiendo entre cinco y siete mil soldados por semana. As\u00ed que veremos qu\u00e9 pasa. A\u00fan no hemos tomado una decisi\u00f3n\u201d.\n    <\/p>\n<p class=\"article-text\">\n        Esta noticia es el pen\u00faltimo volantazo de Trump con respecto a la guerra en Ucrania y su relaci\u00f3n con Putin.\n    <\/p>\n<p class=\"article-text\">\n        Tanto Zelenski como otros dirigentes europeos han acusado al presidente ruso de ganar tiempo con su oposici\u00f3n a un alto el fuego y se opusieron a cualquier intento de obligar a Kiev a entregar territorios ocupados por las fuerzas rusas a cambio de la paz, algo que s\u00ed ha sugerido en numerosas ocasiones el presidente estadounidense.\n    <\/p>\n<p class=\"article-text\">\n        Ocho l\u00edderes europeos, as\u00ed como responsables de la Uni\u00f3n Europea, han emitido este martes un comunicado conjunto en el que expresan su intenci\u00f3n de usar los miles de millones de euros de activos congelados de Mosc\u00fa en el extranjero para ayudar a Kiev a ganar la guerra, a pesar de algunas dudas sobre la legalidad y las consecuencias de tal medida.\n    <\/p>\n<p class=\"article-text\">\n        En el comunicado tambi\u00e9n expresan su apoyo a los esfuerzos de paz de Trump en Ucrania, sin fecha para la cumbre de Budapest.<a href=\"https:\/\/www.gov.uk\/government\/news\/joint-statement-on-ukraine-21-october-2025#:~:text=We%20are%20all%20united%20in,the%20starting%20point%20of%20negotiations\" data-mrf-recirculation=\"links-noticia\" class=\"link\" target=\"_blank\" rel=\"nofollow noopener\"> La declaraci\u00f3n est\u00e1 suscrita<\/a> por los jefes de Estado y de Gobierno de Ucrania, el Reino Unido, Espa\u00f1a, Finlandia, Francia, Alemania, Italia, Noruega, Polonia, Dinamarca, el presidente del Consejo Europeo, Ant\u00f3nio Costa, y la presidenta de la Comisi\u00f3n Europea, Ursula von der Leyen.\n    <\/p>\n<p class=\"article-text\">\n        Es probable que se debatan m\u00e1s sanciones econ\u00f3micas internacionales contra Rusia en una cumbre de la UE en Bruselas el jueves. \u201cDebemos aumentar la presi\u00f3n sobre la econom\u00eda y la industria de defensa de Rusia hasta que Putin est\u00e9 listo para hacer la paz\u201d, dec\u00eda el comunicado.\n    <\/p>\n<p class=\"article-text\">\n        El viernes se celebrar\u00e1 en Londres una reuni\u00f3n de la Coalici\u00f3n de los Dispuestos \u2014un grupo de 35 pa\u00edses que apoyan a Ucrania\u2014.\n    <\/p>\n<p class=\"article-text\">\n        El portavoz del Kremlin, Dimitri Peskov, indic\u00f3 el martes que no hab\u00eda urgencia. \u201cSe necesita preparaci\u00f3n, una preparaci\u00f3n seria\u201d, declar\u00f3 a la prensa, informa The Associated Press.\n    <\/p>\n<p class=\"article-text\">\n        El presidente ucraniano, Volod\u00edmir Zelenski, se\u00f1al\u00f3 que Putin hab\u00eda retomado la diplomacia, llamando a Trump la semana pasada despu\u00e9s de que el presidente estadounidense dijera que podr\u00eda suministrar a Ucrania misiles Tomahawk de largo alcance. Pero \u201cen cuanto la presi\u00f3n disminuy\u00f3 un poco, los rusos comenzaron a intentar abandonar la diplomacia y posponer el di\u00e1logo\u201d, declar\u00f3 Zelenski el martes en una publicaci\u00f3n de Telegram. \u201cNecesitamos poner fin a esta guerra, y solo la presi\u00f3n conducir\u00e1 a la paz\u201d, afirm\u00f3.\n    <\/p>\n<p class=\"article-text\">\n        La declaraci\u00f3n de los l\u00edderes afirma que \u201cmantienen su compromiso con el principio de que las fronteras internacionales no deben modificarse por la fuerza\u201d.\n    <\/p>\n<p class=\"article-text\">\n        El mes pasado, tras una reuni\u00f3n con Zelenski en el marco de Naciones Unidas, Trump afirm\u00f3 que Ucrania podr\u00eda recuperar todo el territorio que ha perdido ante Rusia.\n    <\/p>\n<p class=\"article-text\">\n        Sin embargo, tras una llamada telef\u00f3nica con Putin la semana pasada y una reuni\u00f3n posterior con Zelenski el viernes, Trump volvi\u00f3 a cambiar de postura e inst\u00f3 a Kiev y Mosc\u00fa a \u201cdetenerse donde est\u00e1n\u201d en la guerra de m\u00e1s de tres a\u00f1os.\n    <\/p>\n<p class=\"article-text\">\n        El domingo, Trump declar\u00f3 que la regi\u00f3n industrial del Donb\u00e1s, en el este de Ucrania, deber\u00eda ser \u201cdividida\u201d, dejando la mayor parte en manos rusas.\n    <\/p>\n<p>    <a href=\"https:\/\/www.eldiario.es\/internacional\/trump-aprieta-zelenski-acepte-acuerdo-putin-dando-perdido-territorio-ocupado-negociar-despues_1_12696962.html\" data-mrf-recirculation=\"saber-mas-abajo\" data-dl-event=\"saber-mas-abajo\" rel=\"nofollow noopener\" target=\"_blank\"><\/p>\n<p class=\"know-more__title\">Trump aprieta a Zelenski para que acepte un acuerdo con Putin dando por perdido territorio ocupado: \u201cPueden negociar despu\u00e9s\u201d\n<\/p>\n<p>            <img decoding=\"async\" class=\"lazy\" loading=\"lazy\" data-src=\"https:\/\/static.eldiario.es\/clip\/b188ab5f-c21a-4266-a48f-66474d0461c5_16-9-aspect-ratio_default_0.jpg\" src=\"data:image\/svg+xml,%3Csvg xmlns=\" http:=\"\" viewbox=\"0 0 880 495\" alt=\"Trump aprieta a Zelenski para que acepte un acuerdo con Putin dando por perdido territorio ocupado: &quot;Pueden negociar despu\u00e9s&quot;\"\/><\/p>\n<p>                        <\/a><\/p>\n<p class=\"article-text\">\n        Trump declar\u00f3 el lunes que, si bien cree que es posible que Ucrania pueda finalmente derrotar a Rusia, ahora duda que eso suceda.\n    <\/p>\n","protected":false},"excerpt":{"rendered":"La cumbre prevista en Budapest para las \u201cpr\u00f3ximas semanas\u201d entre Donald Trump y Vlad\u00edmir Putin ha quedado en&hellip;\n","protected":false},"author":2,"featured_media":192372,"comment_status":"","ping_status":"","sticky":false,"template":"","format":"standard","meta":{"footnotes":""},"categories":[5],"tags":[17,18,11165,2121,3563,25,24,13,14,11,19,20,53667,9,10,15,16,10981,3041,14346,23,28562,12,936,21,22],"class_list":{"0":"post-192371","1":"post","2":"type-post","3":"status-publish","4":"format-standard","5":"has-post-thumbnail","7":"category-titulares","8":"tag-breaking-news","9":"tag-breakingnews","10":"tag-budapest","11":"tag-conversacion","12":"tag-cumbre","13":"tag-es","14":"tag-espana","15":"tag-featured-news","16":"tag-featurednews","17":"tag-headlines","18":"tag-latest-news","19":"tag-latestnews","20":"tag-lavrvov","21":"tag-news","22":"tag-noticias","23":"tag-noticias-destacadas","24":"tag-noticiasdestacadas","25":"tag-putin","26":"tag-queda","27":"tag-rubio","28":"tag-spain","29":"tag-suspenso","30":"tag-titulares","31":"tag-trump","32":"tag-ultimas-noticias","33":"tag-ultimasnoticias"},"share_on_mastodon":{"url":"https:\/\/pubeurope.com\/@es\/115414236307353864","error":""},"_links":{"self":[{"href":"https:\/\/www.europesays.com\/es\/wp-json\/wp\/v2\/posts\/192371","targetHints":{"allow":["GET"]}}],"collection":[{"href":"https:\/\/www.europesays.com\/es\/wp-json\/wp\/v2\/posts"}],"about":[{"href":"https:\/\/www.europesays.com\/es\/wp-json\/wp\/v2\/types\/post"}],"author":[{"embeddable":true,"href":"https:\/\/www.europesays.com\/es\/wp-json\/wp\/v2\/users\/2"}],"replies":[{"embeddable":true,"href":"https:\/\/www.europesays.com\/es\/wp-json\/wp\/v2\/comments?post=192371"}],"version-history":[{"count":0,"href":"https:\/\/www.europesays.com\/es\/wp-json\/wp\/v2\/posts\/192371\/revisions"}],"wp:featuredmedia":[{"embeddable":true,"href":"https:\/\/www.europesays.com\/es\/wp-json\/wp\/v2\/media\/192372"}],"wp:attachment":[{"href":"https:\/\/www.europesays.com\/es\/wp-json\/wp\/v2\/media?parent=192371"}],"wp:term":[{"taxonomy":"category","embeddable":true,"href":"https:\/\/www.europesays.com\/es\/wp-json\/wp\/v2\/categories?post=192371"},{"taxonomy":"post_tag","embeddable":true,"href":"https:\/\/www.europesays.com\/es\/wp-json\/wp\/v2\/tags?post=192371"}],"curies":[{"name":"wp","href":"https:\/\/api.w.org\/{rel}","templated":true}]}}