{"id":192414,"date":"2025-10-21T21:48:23","date_gmt":"2025-10-21T21:48:23","guid":{"rendered":"https:\/\/www.europesays.com\/es\/192414\/"},"modified":"2025-10-21T21:48:23","modified_gmt":"2025-10-21T21:48:23","slug":"la-ncaa-deja-al-valencia-basket-sin-una-de-las-joyas-de-su-cantera","status":"publish","type":"post","link":"https:\/\/www.europesays.com\/es\/192414\/","title":{"rendered":"La NCAA deja al Valencia Basket sin una de las joyas de su cantera"},"content":{"rendered":"<p class=\"ft-text\">El efecto NCAA vuelve a afectar al Valencia Basket. Si el pasado verano f<a class=\"ft-link ft-link--decoration\" href=\"https:\/\/www.superdeporte.es\/valencia-basket\/2025\/07\/15\/taronja-lucas-mari-equipo-eeuu-ncaa-valencia-basket-119729501.html\" rel=\"nofollow noopener\" target=\"_blank\">ue el valenciano Lucas Mar\u00ed quien hizo las maletas a la Liga Universitaria de Estados Unidos<\/a> para jugar en la Universidad de Vermont, ahora <strong>el club taronja ve c\u00f3mo deja la entidad otra de sus joyas de la cantera, el interior serbio Nikola Dzepina<\/strong>.<\/p>\n<p class=\"ft-text\">El propio jugador es quien ha dado el paso para desvincularse, tal y como ha adelantado Deportes Cope Valencia y pudo confirmar Superdeporte, aunque <strong>el Valencia Basket recibir\u00e1 una generosa compensaci\u00f3n econ\u00f3mica por su salida, a la espera de cerrar una negociaci\u00f3n<\/strong> por la que el club podr\u00eda retener alg\u00fan derecho futuro sobre \u00e9l.<\/p>\n<p>Destacado en la LIga U <\/p>\n<p class=\"ft-text\">A sus 19 a\u00f1os, <strong>Nikola Dzepina era uno de los jugadores m\u00e1s destacados del filial taronja que disputa esta temporada la Liga U.<\/strong> De hecho, en el \u00faltimo partido ante el Unicaja Alhaur\u00edn de la Torre a domicilio, fue el segundo taronja m\u00e1s destacado tras Jorge Carot, llegando a los 18 puntos, 5 rebotes, 3 asistencias, 1 tap\u00f3n y 18 de valoraci\u00f3n, en menos de 23 minutos en pista. El partido anterior en La Fonteta ante el Fundaci\u00f3n CB Canarias destac\u00f3 tambi\u00e9n, ya que lleg\u00f3 a los 14 de valoraci\u00f3n gracias a sus 9 puntos, 3 rebotes y una asistencia en apenas 10 minutos.<\/p>\n<p><img decoding=\"async\" src=\"https:\/\/www.europesays.com\/es\/wp-content\/uploads\/2025\/10\/79e266be-0f92-423b-a112-db15fb5e196d_alta-libre-aspect-ratio_default_0_x1048y624.jpg\" width=\"1200\" height=\"800\" alt=\"Nikola Dzepina, entre los m\u00e1s destacados de los taronja en los primeros dos partidos de la Liga U.\" class=\"ft-helper-img-rd\" loading=\"lazy\" hasdataaida=\"true\"\/><\/p>\n<p class=\"ft-helper-fontColor-quaternary ft-helper-fontSize-body-S ft-helper-spacer-t-xxs\">Nikola Dzepina, entre los m\u00e1s destacados de los taronja en los primeros dos partidos de la Liga U.  \/ Eduardo Ripoll<\/p>\n<p>Contrato de siete temporadas<\/p>\n<p class=\"ft-text\"><a class=\"ft-link ft-link--decoration\" href=\"https:\/\/www.superdeporte.es\/valencia-basket\/2024\/03\/11\/valencia-basket-ficha-joya-baloncesto-nikola-dzepina-99333494.html\" rel=\"nofollow noopener\" target=\"_blank\"><strong>Dzepina lleg\u00f3 al Valencia en marzo de 2024 y firm\u00f3 un contrato de siete campa\u00f1as con la entidad<\/strong><\/a><strong>, <\/strong>procedente del filial del Mladost Maxbet<strong>, pero finalmente solo ha estado temporada y media<\/strong> con los colores taronja, despidi\u00e9ndose en principio antes del partido de este fin de semana ante el filial del Real Madrid.<\/p>\n<p>13 cent\u00edmetros m\u00e1s en un a\u00f1o<\/p>\n<p class=\"ft-text\">El jugador no estaba entre las principales referencias de su pa\u00eds pero <strong>un crecimiento de 13 cent\u00edmetros anuales (2,07 metros) hizo que se interesaran por \u00e9l varios clubes europeos<\/strong>, entre los que estaba el Valencia Basket. No tard\u00f3 en llamar la atenci\u00f3n de los t\u00e9cnicos del primer equipo.<\/p>\n","protected":false},"excerpt":{"rendered":"El efecto NCAA vuelve a afectar al Valencia Basket. Si el pasado verano fue el valenciano Lucas Mar\u00ed&hellip;\n","protected":false},"author":2,"featured_media":192415,"comment_status":"","ping_status":"","sticky":false,"template":"","format":"standard","meta":{"footnotes":""},"categories":[269],"tags":[299,1918,298,168,53676,25,24,4016,23832,2918,18429,7848,42858,53677,3457,23,167,235,2916],"class_list":{"0":"post-192414","1":"post","2":"type-post","3":"status-publish","4":"format-standard","5":"has-post-thumbnail","7":"category-baloncesto","8":"tag-baloncesto","9":"tag-basket","10":"tag-basketball","11":"tag-deportes","12":"tag-dzepina","13":"tag-es","14":"tag-espana","15":"tag-joyas","16":"tag-l","17":"tag-la-liga","18":"tag-lalqueria","19":"tag-ncaa","20":"tag-nikola","21":"tag-nikola-dzepina","22":"tag-pierde","23":"tag-spain","24":"tag-sports","25":"tag-valencia","26":"tag-valencia-basket"},"share_on_mastodon":{"url":"https:\/\/pubeurope.com\/@es\/115414362032400621","error":""},"_links":{"self":[{"href":"https:\/\/www.europesays.com\/es\/wp-json\/wp\/v2\/posts\/192414","targetHints":{"allow":["GET"]}}],"collection":[{"href":"https:\/\/www.europesays.com\/es\/wp-json\/wp\/v2\/posts"}],"about":[{"href":"https:\/\/www.europesays.com\/es\/wp-json\/wp\/v2\/types\/post"}],"author":[{"embeddable":true,"href":"https:\/\/www.europesays.com\/es\/wp-json\/wp\/v2\/users\/2"}],"replies":[{"embeddable":true,"href":"https:\/\/www.europesays.com\/es\/wp-json\/wp\/v2\/comments?post=192414"}],"version-history":[{"count":0,"href":"https:\/\/www.europesays.com\/es\/wp-json\/wp\/v2\/posts\/192414\/revisions"}],"wp:featuredmedia":[{"embeddable":true,"href":"https:\/\/www.europesays.com\/es\/wp-json\/wp\/v2\/media\/192415"}],"wp:attachment":[{"href":"https:\/\/www.europesays.com\/es\/wp-json\/wp\/v2\/media?parent=192414"}],"wp:term":[{"taxonomy":"category","embeddable":true,"href":"https:\/\/www.europesays.com\/es\/wp-json\/wp\/v2\/categories?post=192414"},{"taxonomy":"post_tag","embeddable":true,"href":"https:\/\/www.europesays.com\/es\/wp-json\/wp\/v2\/tags?post=192414"}],"curies":[{"name":"wp","href":"https:\/\/api.w.org\/{rel}","templated":true}]}}