{"id":192422,"date":"2025-10-21T21:52:06","date_gmt":"2025-10-21T21:52:06","guid":{"rendered":"https:\/\/www.europesays.com\/es\/192422\/"},"modified":"2025-10-21T21:52:06","modified_gmt":"2025-10-21T21:52:06","slug":"alejandro-sawa-el-escritor-que-uso-su-experiencia-en-un-seminario-para-ser-la-voz-contra-la-iglesia-catolica","status":"publish","type":"post","link":"https:\/\/www.europesays.com\/es\/192422\/","title":{"rendered":"Alejandro Sawa, el escritor que us\u00f3 su experiencia en un seminario para ser la voz contra la Iglesia cat\u00f3lica"},"content":{"rendered":"<p class=\"article-text\">\n        \u201cTal vez la infancia sea m\u00e1s larga que la vida\u201d, escribe <a href=\"https:\/\/www.eldiario.es\/cultura\/libros\/hanna-krall-leccion-periodismo-entranas-urss_1_12508915.html\" target=\"_blank\" data-mrf-recirculation=\"links-noticia\" class=\"link\" rel=\"nofollow noopener\">Ana Mar\u00eda Matute<\/a> en Para\u00edso inhabitado (2008). Para un escritor, la ni\u00f1ez y la adolescencia son un pozo sin fondo de materia literaria. En esas etapas se descubre el mundo con ojos de asombro, se foguean las obsesiones, se busca la intensidad en cada acci\u00f3n, se viven los primeros amores, los primeros tormentos, y se tiene un sentido inquebrantable de la amistad. Esas fases llenas de cambios dejan una huella (\u00bfuna herida?) imborrable, que un creador puede canalizar a trav\u00e9s de su obra, sea de manera consciente o inconsciente, expl\u00edcita o encubierta bajo la m\u00e1scara de la imaginaci\u00f3n.\n    <\/p>\n<p class=\"article-text\">\n        A Alejandro Sawa (Sevilla, 1862 \u2014 Madrid, 1909) no le hizo falta disimular sus man\u00edas: Criadero de curas (1888), una novela breve recuperada por Amarillo Editora con una excelente introducci\u00f3n de su editora, Ester Vallejo \u2013que ya rescat\u00f3 el libro Noche, del mismo autor\u2013, expresa sin rodeos un anticlericalismo contundente, fundamentado en su experiencia en un seminario malague\u00f1o, de donde sali\u00f3 absolutamente desencantado, o, para ser m\u00e1s exactos, desenga\u00f1ado. Para este exponente del naturalismo radical espa\u00f1ol, coet\u00e1neo de <a href=\"https:\/\/www.eldiario.es\/viajes\/lugares-reales-madrid-recorren-protagonistas-luces-bohemia-valle-inclan-pm_1_12511185.html\" target=\"_blank\" data-mrf-recirculation=\"links-noticia\" class=\"link\" rel=\"nofollow noopener\">Valle-Incl\u00e1n<\/a> y <a href=\"https:\/\/www.eldiario.es\/castilla-la-mancha\/cultura\/aventura-pio-baroja-tierras-albacete_1_12474627.html\" target=\"_blank\" data-mrf-recirculation=\"links-noticia\" class=\"link\" rel=\"nofollow noopener\">P\u00edo Baroja<\/a>, que reconocieron su influencia, con la literatura no cab\u00eda el disimulo o el adorno; deb\u00eda describir la realidad en toda su sordidez.\n    <\/p>\n","protected":false},"excerpt":{"rendered":"\u201cTal vez la infancia sea m\u00e1s larga que la vida\u201d, escribe Ana Mar\u00eda Matute en Para\u00edso inhabitado (2008).&hellip;\n","protected":false},"author":2,"featured_media":192423,"comment_status":"","ping_status":"","sticky":false,"template":"","format":"standard","meta":{"footnotes":""},"categories":[172],"tags":[10114,224,53680,146,147,25,5235,24,8009,12034,225,53678,53679,23,1447],"class_list":{"0":"post-192422","1":"post","2":"type-post","3":"status-publish","4":"format-standard","5":"has-post-thumbnail","7":"category-libros","8":"tag-alejandro","9":"tag-books","10":"tag-catolica","11":"tag-entertainment","12":"tag-entretenimiento","13":"tag-es","14":"tag-escritor","15":"tag-espana","16":"tag-experiencia","17":"tag-iglesia","18":"tag-libros","19":"tag-sawa","20":"tag-seminario","21":"tag-spain","22":"tag-voz"},"share_on_mastodon":{"url":"","error":""},"_links":{"self":[{"href":"https:\/\/www.europesays.com\/es\/wp-json\/wp\/v2\/posts\/192422","targetHints":{"allow":["GET"]}}],"collection":[{"href":"https:\/\/www.europesays.com\/es\/wp-json\/wp\/v2\/posts"}],"about":[{"href":"https:\/\/www.europesays.com\/es\/wp-json\/wp\/v2\/types\/post"}],"author":[{"embeddable":true,"href":"https:\/\/www.europesays.com\/es\/wp-json\/wp\/v2\/users\/2"}],"replies":[{"embeddable":true,"href":"https:\/\/www.europesays.com\/es\/wp-json\/wp\/v2\/comments?post=192422"}],"version-history":[{"count":0,"href":"https:\/\/www.europesays.com\/es\/wp-json\/wp\/v2\/posts\/192422\/revisions"}],"wp:featuredmedia":[{"embeddable":true,"href":"https:\/\/www.europesays.com\/es\/wp-json\/wp\/v2\/media\/192423"}],"wp:attachment":[{"href":"https:\/\/www.europesays.com\/es\/wp-json\/wp\/v2\/media?parent=192422"}],"wp:term":[{"taxonomy":"category","embeddable":true,"href":"https:\/\/www.europesays.com\/es\/wp-json\/wp\/v2\/categories?post=192422"},{"taxonomy":"post_tag","embeddable":true,"href":"https:\/\/www.europesays.com\/es\/wp-json\/wp\/v2\/tags?post=192422"}],"curies":[{"name":"wp","href":"https:\/\/api.w.org\/{rel}","templated":true}]}}