{"id":192436,"date":"2025-10-21T22:01:10","date_gmt":"2025-10-21T22:01:10","guid":{"rendered":"https:\/\/www.europesays.com\/es\/192436\/"},"modified":"2025-10-21T22:01:10","modified_gmt":"2025-10-21T22:01:10","slug":"hamas-entrega-a-israel-los-cadaveres-de-otros-rehenes","status":"publish","type":"post","link":"https:\/\/www.europesays.com\/es\/192436\/","title":{"rendered":"Ham\u00e1s entrega a Israel los cad\u00e1veres de otros rehenes"},"content":{"rendered":"<p style=\"\"><a href=\"https:\/\/www.abc.es\/noticias\/hamas\/\" title=\"www.abc.es\" data-voc-vtm-id=\"in-text-traffic\" data-mrf-link=\"www.abc.es\" rel=\"nofollow noopener\" target=\"_blank\">Ham\u00e1s<\/a> ha entregado a la Cruz Roja los cad\u00e1veres de <strong>otros dos rehenes<\/strong> este martes por la tarde, tal y como ha informado el Ej\u00e9rcito israel\u00ed a trav\u00e9s de su perfil en redes sociales. En la publicaci\u00f3n, las fuerzas armadas recuerdan que el  &#8230; grupo terrorista \u00abdebe respetar el acuerdo y tomar las medidas necesarias\u00bb para devolver a \u00abtodos\u00bb los secuestrados fallecidos.<\/p>\n<p class=\"voc-p\" style=\"\">El brazo armado de Ham\u00e1s hab\u00eda anunciado unas horas antes que entregar\u00eda en las horas siguientes los cad\u00e1veres de otros dos rehenes, <strong>en el marco del acuerdo alcanzado con Israel<\/strong> para la aplicaci\u00f3n de la primera fase de la propuesta del presidente de Estados Unidos, Donald Trump, para la Franja de Gaza.<\/p>\n<p class=\"voc-p\" style=\"\">Las Brigadas Ezeld\u00edn al Qasam han se\u00f1alado que estos dos cuerpos<strong> han sido exhumados durante la jornada <\/strong>y han afirmado que la entrega tendr\u00e1 lugar a las 21.00 hora local, sin que por el momento haya m\u00e1s detalles, seg\u00fan el diario palestino &#8216;Filastin&#8217;. El Comit\u00e9 Internacional de la Cruz Roja (CICR) ha estado mediando en este proceso hasta la fecha.<\/p>\n<p class=\"voc-p\" style=\"\">Poco antes, el Gobierno israel\u00ed hab\u00eda destacado que<strong> \u00abno acepta ninguna excusa\u00bb <\/strong>por parte del grupo sobre los retrasos en la entrega de los cad\u00e1veres de rehenes israel\u00edes, despu\u00e9s de que Ham\u00e1s afirmara que est\u00e1 tardando a la hora de cumplir esta parte del acuerdo por la dificultad para hallar los cuerpos en medio de la devastaci\u00f3n causada por la ofensiva contra la Franja de Gaza en respuesta a los ataques del 7 de octubre de 2023.<\/p>\n<p class=\"voc-p\" style=\"\">Sosh Bedrosian, una de las portavoces de la oficina del primer ministro de Israel, Benjam\u00edn Netanyahu, ha rese\u00f1ado en una rueda de prensa que el grupo palestino <strong>debi\u00f3 haber entregado los cuerpos \u00abhace ocho d\u00edas\u00bb<\/strong>, despu\u00e9s de completar la liberaci\u00f3n de los 20 rehenes que segu\u00edan retenidos con vida en el enclave. \u00abSabemos que Ham\u00e1s puede localizarlos y estamos esperando, por lo que pedimos que vuelvan todos\u00bb, ha zanjado.<\/p>\n<p class=\"voc-p\" style=\"\">Ham\u00e1s ha liberado hasta ahora <strong>a los 20 rehenes que segu\u00edan con vida<\/strong> y ha entregado otros 13 cad\u00e1veres, por lo que las autoridades israel\u00edes siguen a la espera de otros 15 cuerpos de secuestrados durante los ataques del 7-O, que dejaron unos 1.200 muertos y cerca de 250 raptados, seg\u00fan el Gobierno de Israel.<\/p>\n<p class=\"voc-p\" style=\"\">Durante la jornada, las autoridades de Israel han entregado tambi\u00e9n<strong> los cuerpos de 15 palestinos,<\/strong> cuyos cad\u00e1veres reten\u00edan a ra\u00edz de los citados ataques y la ofensiva israel\u00ed. As\u00ed, ascienden a 165 el total de muertos que han sido entregados a Gaza, la mayor\u00eda de los cuales no han podido ser identificados hasta ahora.<\/p>\n<p class=\"voc-p\" style=\"\">Las autoridades gazat\u00edes han elevado este mismo martes <strong>a 68.229 los muertos y a 170.369 los heridos<\/strong> a causa de la ofensiva militar israel\u00ed contra el enclave, si bien han reiterado que a\u00fan hay cad\u00e1veres entre los escombros y en las calles, por lo que considera que la cifra es superior.<\/p>\n","protected":false},"excerpt":{"rendered":"Ham\u00e1s ha entregado a la Cruz Roja los cad\u00e1veres de otros dos rehenes este martes por la tarde,&hellip;\n","protected":false},"author":2,"featured_media":192437,"comment_status":"","ping_status":"","sticky":false,"template":"","format":"standard","meta":{"footnotes":""},"categories":[42],"tags":[17,18,27929,7383,49515,1563,13,14,75,11,61,62,63,64,19,20,3955,9,10,15,16,35024,12651,13644,12,21,22,65,66,67],"class_list":{"0":"post-192436","1":"post","2":"type-post","3":"status-publish","4":"format-standard","5":"has-post-thumbnail","7":"category-internacional","8":"tag-breaking-news","9":"tag-breakingnews","10":"tag-cadaveres","11":"tag-cruz","12":"tag-dirige","13":"tag-dos","14":"tag-featured-news","15":"tag-featurednews","16":"tag-hamas","17":"tag-headlines","18":"tag-internacional","19":"tag-international","20":"tag-international-news","21":"tag-internationalnews","22":"tag-latest-news","23":"tag-latestnews","24":"tag-manos","25":"tag-news","26":"tag-noticias","27":"tag-noticias-destacadas","28":"tag-noticiasdestacadas","29":"tag-recoger","30":"tag-rehenes","31":"tag-roja","32":"tag-titulares","33":"tag-ultimas-noticias","34":"tag-ultimasnoticias","35":"tag-world","36":"tag-world-news","37":"tag-worldnews"},"share_on_mastodon":{"url":"https:\/\/pubeurope.com\/@es\/115414413062687092","error":""},"_links":{"self":[{"href":"https:\/\/www.europesays.com\/es\/wp-json\/wp\/v2\/posts\/192436","targetHints":{"allow":["GET"]}}],"collection":[{"href":"https:\/\/www.europesays.com\/es\/wp-json\/wp\/v2\/posts"}],"about":[{"href":"https:\/\/www.europesays.com\/es\/wp-json\/wp\/v2\/types\/post"}],"author":[{"embeddable":true,"href":"https:\/\/www.europesays.com\/es\/wp-json\/wp\/v2\/users\/2"}],"replies":[{"embeddable":true,"href":"https:\/\/www.europesays.com\/es\/wp-json\/wp\/v2\/comments?post=192436"}],"version-history":[{"count":0,"href":"https:\/\/www.europesays.com\/es\/wp-json\/wp\/v2\/posts\/192436\/revisions"}],"wp:featuredmedia":[{"embeddable":true,"href":"https:\/\/www.europesays.com\/es\/wp-json\/wp\/v2\/media\/192437"}],"wp:attachment":[{"href":"https:\/\/www.europesays.com\/es\/wp-json\/wp\/v2\/media?parent=192436"}],"wp:term":[{"taxonomy":"category","embeddable":true,"href":"https:\/\/www.europesays.com\/es\/wp-json\/wp\/v2\/categories?post=192436"},{"taxonomy":"post_tag","embeddable":true,"href":"https:\/\/www.europesays.com\/es\/wp-json\/wp\/v2\/tags?post=192436"}],"curies":[{"name":"wp","href":"https:\/\/api.w.org\/{rel}","templated":true}]}}