{"id":192442,"date":"2025-10-21T22:04:12","date_gmt":"2025-10-21T22:04:12","guid":{"rendered":"https:\/\/www.europesays.com\/es\/192442\/"},"modified":"2025-10-21T22:04:12","modified_gmt":"2025-10-21T22:04:12","slug":"ferro-con-el-rauchense-fausto-vazquez-fue-parte-del-nacional-de-clubes-a-de-handball-en-cordoba","status":"publish","type":"post","link":"https:\/\/www.europesays.com\/es\/192442\/","title":{"rendered":"Ferro, con el rauchense Fausto V\u00e1zquez, fue parte del Nacional de Clubes \u00abA\u00bb de Handball en C\u00f3rdoba"},"content":{"rendered":"<p>&#13;<br \/>\n        &#13;<br \/>\n&#13;<br \/>\n        &#13;<\/p>\n<p>            <a href=\"https:\/\/eldiarioderauch.com.ar\/wp-content\/uploads\/2025\/10\/fausto-100.jpg\" data-caption=\"\" rel=\"nofollow noopener\" target=\"_blank\"><img loading=\"lazy\" decoding=\"async\" width=\"696\" height=\"464\" class=\"entry-thumb td-modal-image\" src=\"https:\/\/www.europesays.com\/es\/wp-content\/uploads\/2025\/10\/fausto-100-696x464.jpg\"   alt=\"\" title=\"fausto 100\"\/><\/a><\/p>\n<p>El conjunto del barrio de Caballito finaliz\u00f3 en la cuarta posici\u00f3n, luego de caer en la definici\u00f3n por el bronce, ante River Plate. Lo venci\u00f3 en el polideportivo de la ciudad de Alta Gracia por 25 a 21.<\/p>\n<p>En la ciudad de Alta Gracia, en la provincia de C\u00f3rdoba, se disput\u00f3 el Nacional de Clubes \u00abA\u00bb de Handball, con varios equipos en competencia. El torneo, que se desarroll\u00f3 la pasada semana, concluy\u00f3 el s\u00e1bado. All\u00ed, jugando para Ferro Carril Oeste, estuvo presente el arquero rauchense Fausto V\u00e1zquez.<br \/>El conjunto del barrio de Caballito finaliz\u00f3 en la cuarta posici\u00f3n, luego de caer en la definici\u00f3n por el bronce, ante River Plate. El campe\u00f3n fue Sociedad Alemana de Gimansia de Villa Ballester.<br \/>En la final derrot\u00f3 a Dorrego Handball, por 30 a 29. Entre las Damas, el t\u00edtulo fue para SEDALO de Lan\u00fas, quienes derrotaron en la final a Jockey Club de C\u00f3rdoba, por 29 a 24.<br \/>En el encuentro por el \u00faltimo escal\u00f3n del podio, River Plate venci\u00f3 en el Polideportivo de Alta Gracia a Ferro Carril Oeste, por 25 a 21.<br \/>En la instancia de zona, Ferro perdi\u00f3 ante Municipalidad de Alta Gracia, por 23 a 22; luego venci\u00f3 a Club UNCuyo (Mendoza), por 35 a 32.<br \/>En cuarto de final derrot\u00f3 a Club Universitario de C\u00f3rdoba, por 29 a 25. En semifinales cay\u00f3 ante Villa Ballester, por 31 a 25.<\/p>\n<p>        &#13;<br \/>\n&#13;<br \/>\n        &#13;<br \/>\n                        &#13;<br \/>\n            &#13;<br \/>\n&#13;<br \/>\n                        Art\u00edculo anterior<a href=\"https:\/\/eldiarioderauch.com.ar\/dictaron-un-taller-para-facilitar-la-movilidad-de-personas-no-videntes-y-de-baja-vision\/\" rel=\"nofollow noopener\" target=\"_blank\">Dictaron un taller para facilitar la movilidad de personas no videntes y de baja visi\u00f3n<\/a>                                &#13;<br \/>\n&#13;<\/p>\n","protected":false},"excerpt":{"rendered":"&#13; &#13; &#13; &#13; El conjunto del barrio de Caballito finaliz\u00f3 en la cuarta posici\u00f3n, luego de caer&hellip;\n","protected":false},"author":2,"featured_media":192443,"comment_status":"","ping_status":"","sticky":false,"template":"","format":"standard","meta":{"footnotes":""},"categories":[278],"tags":[376,168,25,24,375,23,167],"class_list":{"0":"post-192442","1":"post","2":"type-post","3":"status-publish","4":"format-standard","5":"has-post-thumbnail","7":"category-balonmano","8":"tag-balonmano","9":"tag-deportes","10":"tag-es","11":"tag-espana","12":"tag-handball","13":"tag-spain","14":"tag-sports"},"share_on_mastodon":{"url":"https:\/\/pubeurope.com\/@es\/115414425045115533","error":""},"_links":{"self":[{"href":"https:\/\/www.europesays.com\/es\/wp-json\/wp\/v2\/posts\/192442","targetHints":{"allow":["GET"]}}],"collection":[{"href":"https:\/\/www.europesays.com\/es\/wp-json\/wp\/v2\/posts"}],"about":[{"href":"https:\/\/www.europesays.com\/es\/wp-json\/wp\/v2\/types\/post"}],"author":[{"embeddable":true,"href":"https:\/\/www.europesays.com\/es\/wp-json\/wp\/v2\/users\/2"}],"replies":[{"embeddable":true,"href":"https:\/\/www.europesays.com\/es\/wp-json\/wp\/v2\/comments?post=192442"}],"version-history":[{"count":0,"href":"https:\/\/www.europesays.com\/es\/wp-json\/wp\/v2\/posts\/192442\/revisions"}],"wp:featuredmedia":[{"embeddable":true,"href":"https:\/\/www.europesays.com\/es\/wp-json\/wp\/v2\/media\/192443"}],"wp:attachment":[{"href":"https:\/\/www.europesays.com\/es\/wp-json\/wp\/v2\/media?parent=192442"}],"wp:term":[{"taxonomy":"category","embeddable":true,"href":"https:\/\/www.europesays.com\/es\/wp-json\/wp\/v2\/categories?post=192442"},{"taxonomy":"post_tag","embeddable":true,"href":"https:\/\/www.europesays.com\/es\/wp-json\/wp\/v2\/tags?post=192442"}],"curies":[{"name":"wp","href":"https:\/\/api.w.org\/{rel}","templated":true}]}}