{"id":192454,"date":"2025-10-21T22:12:12","date_gmt":"2025-10-21T22:12:12","guid":{"rendered":"https:\/\/www.europesays.com\/es\/192454\/"},"modified":"2025-10-21T22:12:12","modified_gmt":"2025-10-21T22:12:12","slug":"ultimos-retoques-en-el-helmantico-en-busca-del-ok","status":"publish","type":"post","link":"https:\/\/www.europesays.com\/es\/192454\/","title":{"rendered":"\u00daltimos retoques en el Helm\u00e1ntico en busca del &#8216;ok&#8217;"},"content":{"rendered":"<p><a class=\"v-mdl-ath__fig-a\" href=\"https:\/\/www.lagacetadesalamanca.es\/autor\/ivan-ramajo-5957.html\" title=\"Iv\u00e1n Ramajo\" rel=\"nofollow noopener\" target=\"_blank\"><br \/>\n<img decoding=\"async\" class=\"v-mdl-ath__img\" src=\"https:\/\/www.europesays.com\/es\/wp-content\/uploads\/2025\/07\/1753832595_473_autor-5957-foto-1.png\" alt=\"Iv\u00e1n Ramajo\"\/><br \/>\n<\/a><\/p>\n<p class=\"v-mdl-ath__p v-mdl-ath__p--6\">\nMartes, 21 de octubre 2025, 21:03<\/p>\n<p class=\"v-p\">El Salamanca UDS cree tener todo listo para, cinco meses despu\u00e9s, poder reabrir el estadio Helm\u00e1ntico este mismo domingo frente a la Gimn\u00e1stica Segoviana, en el choque correspondiente a la jornada 8.\u00aa de Liga en el Grupo 1 de Segunda Federaci\u00f3n, y tras seis encuentros oficiales (cuatro de la competici\u00f3n regular y dos m\u00e1s de Copa RFEF) en el exilio de Las Pistas.<\/p>\n<p class=\"v-p\">Tras una \u00faltima tarde de remates <strong>\u2014se retiraron las \u00faltimas vallas de obra que cubr\u00edan la denominada puerta de acreditaciones<\/strong>, la que une las gradas de Preferencia y el Fondo Norte, <strong>y se pintaron pasamanos\u2014<\/strong>, a priori todo est\u00e1 en manos de los tr\u00e1mites burocr\u00e1ticos: el certificado OCA (Organismo de Control Autorizado) y los vistos buenos de Industria y del Ayuntamiento de Villares.<\/p>\n<p><a href=\"http:\/\/www.lagacetadesalamanca.es\/deportes\/futbol-local\/salamancauds\/reapertura-helmantico-plazo-horas-tener-certificado-oca-20251020130743-nt.html#vtm_modulosEngag=mod-rel:deportes:noticia:1:cmp:1-not\" class=\"v-a-link\" aria-label=\"Imagen\" rel=\"nofollow noopener\" target=\"_blank\"><\/p>\n<p><img decoding=\"async\" loading=\"lazy\" src=\"https:\/\/www.europesays.com\/es\/wp-content\/uploads\/2025\/10\/WhatsApp Image 2025-10-20 at 13.00.35-U44266854818KTe-366x256@Gaceta Salamanca.jpeg\" class=\"v-a-img\" width=\"258\" height=\"180\" alt=\"\" data-voc-vtm-id=\"in-text-traffic\"\/><\/p>\n<p><\/a><\/p>\n<p class=\"v-p\">En este sentido, <strong>este pasado lunes el club solicit\u00f3 manos voluntarias para dejar listo el estadio antes de la prueba definitiva<\/strong>. En la tarde de este martes, principalmente miembros del staff de cantera, se afanaron en retirar las \u00faltimas evidencias de las tediosas obras llevadas a cabo en el interior del estadio, en busca del aprobado final. Entre otras cosas, las reformas han cambiado la cara a los soportes publicitarios a pie de campo, han reducido la hist\u00f3rica \u00abjaula\u00bb de la afici\u00f3n visitante a tan solo ocho filas de butacas y han reforzado la seguridad en las cabinas de prensa al ubicarse una nueva puerta de acceso, as\u00ed como en la grada de animaci\u00f3n, que contar\u00e1 con dos vallas m\u00e1s respecto a las existentes anteriormente.<\/p>\n<p class=\"v-p\"><strong>En caso de contar con la documentaci\u00f3n en regla y el visto bueno administrativo, el Salamanca UDS volver\u00eda a disputar un encuentro en el estadio de la carretera de Zamora cinco meses despu\u00e9s<\/strong> de haber cerrado la pasada temporada frente al UP Langreo, el 27 de abril, con victoria por 3-1 para el equipo dirigido por Jorge Garc\u00eda.<\/p>\n<p class=\"v-p\">Cabe recordar que <a href=\"https:\/\/www.lagacetadesalamanca.es\/deportes\/futbol-local\/lio-villares-reina-estadio-helmantico-20230920194937-nt.html\" target=\"_blank\" data-voc-vtm-id=\"in-text-traffic\" title=\"este problema comenz\u00f3 en septiembre de 2023, cuando se desvel\u00f3 la ausencia de licencia de actividad en el recinto\" data-mrf-link=\"www.lagacetadesalamanca.es\" rel=\"nofollow noopener\">este problema comenz\u00f3 en septiembre de 2023, cuando se desvel\u00f3 la ausencia de licencia de actividad en el recinto<\/a>, lo que ha provocado el cese de la actividad de la instalaci\u00f3n en un par de ocasiones durante este tiempo.<\/p>\n<p>Reporta un error<\/p>\n","protected":false},"excerpt":{"rendered":"Martes, 21 de octubre 2025, 21:03 El Salamanca UDS cree tener todo listo para, cinco meses despu\u00e9s, poder&hellip;\n","protected":false},"author":2,"featured_media":192455,"comment_status":"","ping_status":"","sticky":false,"template":"","format":"standard","meta":{"footnotes":""},"categories":[268],"tags":[331,168,25,24,280,282,30023,13522,281,23,167,4421],"class_list":{"0":"post-192454","1":"post","2":"type-post","3":"status-publish","4":"format-standard","5":"has-post-thumbnail","7":"category-futbol","8":"tag-busca","9":"tag-deportes","10":"tag-es","11":"tag-espana","12":"tag-football","13":"tag-futbol","14":"tag-helmantico","15":"tag-retoques","16":"tag-soccer","17":"tag-spain","18":"tag-sports","19":"tag-ultimos"},"share_on_mastodon":{"url":"https:\/\/pubeurope.com\/@es\/115414456463846752","error":""},"_links":{"self":[{"href":"https:\/\/www.europesays.com\/es\/wp-json\/wp\/v2\/posts\/192454","targetHints":{"allow":["GET"]}}],"collection":[{"href":"https:\/\/www.europesays.com\/es\/wp-json\/wp\/v2\/posts"}],"about":[{"href":"https:\/\/www.europesays.com\/es\/wp-json\/wp\/v2\/types\/post"}],"author":[{"embeddable":true,"href":"https:\/\/www.europesays.com\/es\/wp-json\/wp\/v2\/users\/2"}],"replies":[{"embeddable":true,"href":"https:\/\/www.europesays.com\/es\/wp-json\/wp\/v2\/comments?post=192454"}],"version-history":[{"count":0,"href":"https:\/\/www.europesays.com\/es\/wp-json\/wp\/v2\/posts\/192454\/revisions"}],"wp:featuredmedia":[{"embeddable":true,"href":"https:\/\/www.europesays.com\/es\/wp-json\/wp\/v2\/media\/192455"}],"wp:attachment":[{"href":"https:\/\/www.europesays.com\/es\/wp-json\/wp\/v2\/media?parent=192454"}],"wp:term":[{"taxonomy":"category","embeddable":true,"href":"https:\/\/www.europesays.com\/es\/wp-json\/wp\/v2\/categories?post=192454"},{"taxonomy":"post_tag","embeddable":true,"href":"https:\/\/www.europesays.com\/es\/wp-json\/wp\/v2\/tags?post=192454"}],"curies":[{"name":"wp","href":"https:\/\/api.w.org\/{rel}","templated":true}]}}