{"id":192456,"date":"2025-10-21T22:13:13","date_gmt":"2025-10-21T22:13:13","guid":{"rendered":"https:\/\/www.europesays.com\/es\/192456\/"},"modified":"2025-10-21T22:13:13","modified_gmt":"2025-10-21T22:13:13","slug":"alberto-herrera-aclara-por-que-no-se-ha-ido-de-luna-de-miel-tras-su-boda","status":"publish","type":"post","link":"https:\/\/www.europesays.com\/es\/192456\/","title":{"rendered":"Alberto Herrera aclara por qu\u00e9 no se ha ido de luna de miel tras su boda"},"content":{"rendered":"<p><strong>Alberto Herrera<\/strong> ha desvelado el motivo por el que, tras <a href=\"https:\/\/okdiario.com\/look\/actualidad\/alberto-herrera-blanca-llandres-abren-album-privado-boda-muestran-imagen-mas-tierna-2405694\" rel=\"nofollow noopener\" target=\"_blank\">su paso por el altar con Blanca Llandres<\/a>, no se ha ido de luna de miel. Un d\u00eda y medio despu\u00e9s de su boda, el hijo de Carlos Herrera regresaba a su puesto de trabajo. Precisamente, ha sido en la cadena de radio en la que trabaja donde ha contado la raz\u00f3n por la que ha decidido no tomarse un descanso tras el ajetreo y la organizaci\u00f3n de su s\u00ed, quiero -que tuvo lugar <a href=\"https:\/\/okdiario.com\/look\/actualidad\/boda-blanca-llandres-alberto-herrera-del-look-nupcial-aparicion-marilo-montero-2405309\" rel=\"nofollow noopener\" target=\"_blank\">el pasado 18 de octubre en Sanl\u00facar de Barrameda<\/a>-.<\/p>\n<p>Antes de su gran d\u00eda, trascendi\u00f3 que el ya matrimonio no iba a coger, por el momento, el permiso de quince d\u00edas para disfrutar de un viaje como reci\u00e9n casados. Ahora, el presentador ha explicado que van a esperar a que nazca Marcos, su primog\u00e9nito, para irse de viaje:<strong> \u00abNos iremos diez d\u00edas el pr\u00f3ximo verano, que nadie se preocupe\u00bb.<\/strong><\/p>\n<p>\n<img decoding=\"async\" loading=\"lazy\" class=\"size-medium wp-image-2405381\" alt=\"alberto herrera, blanca llandres,\" width=\"620\" height=\"349\"  src=\"https:\/\/www.europesays.com\/es\/wp-content\/uploads\/2025\/09\/1758214691_923_placeholder.jpg\"  bad-src=\"https:\/\/www.europesays.com\/es\/wp-content\/uploads\/2025\/09\/1758214691_923_placeholder.jpg\"\/><\/p>\n<p><img decoding=\"async\" loading=\"lazy\" class=\"size-medium wp-image-2405381\" src=\"https:\/\/www.europesays.com\/es\/wp-content\/uploads\/2025\/10\/alberto-herrera-con-blanca-llandres-620x349.jpg\" alt=\"alberto herrera, blanca llandres,\" width=\"620\" height=\"349\"  \/><\/p>\n<p> Alberto Herrera con Blanca Llandres tras su \u2018s\u00ed, quiero\u2019 y antes de poner rumbo a la Finca Marbella, donde tuvo lugar el convite. (Foto: Gtres)\n<\/p>\n<p>Cuenta una intimidad de su relaci\u00f3n<\/p>\n<p>Tras su uni\u00f3n matrimonial, Alberto ha confesado a los micr\u00f3fonos de COPE que est\u00e1 muy sorprendido con<strong> la expectaci\u00f3n que ha causado su boda<\/strong> con Blanca Llandres -pese a venir de dos clanes muy conocidos de la jet set de Sevilla-.<\/p>\n<p>Aunque el locutor de 33 a\u00f1os siempre ha sido muy discreto a la hora de hablar sobre su vida privada, debido a su s\u00ed, quiero, ha querido dar un paso al frente y contar <a href=\"https:\/\/okdiario.com\/look\/actualidad\/alberto-herrera-pone-fecha-embarazo-blanca-llandres-ese-dia-jugamos-cosas-sin-portero-2406388\" rel=\"nofollow noopener\" target=\"_blank\">algunos aspectos de su intimidad<\/a>.<\/p>\n<p>\n<img decoding=\"async\" loading=\"lazy\" class=\"size-medium wp-image-2404853\" alt=\"Alberto Herrera y Blanca Llandres en su pedida de mano. (Foto: Redes Sociales)\" width=\"620\" height=\"349\"  src=\"https:\/\/www.europesays.com\/es\/wp-content\/uploads\/2025\/09\/1758214691_923_placeholder.jpg\"  bad-src=\"https:\/\/www.europesays.com\/es\/wp-content\/uploads\/2025\/09\/1758214691_923_placeholder.jpg\"\/><\/p>\n<p><img decoding=\"async\" loading=\"lazy\" class=\"size-medium wp-image-2404853\" src=\"https:\/\/www.europesays.com\/es\/wp-content\/uploads\/2025\/10\/fotojet-2025-10-17t142945.856-620x349.jpg\" alt=\"Alberto Herrera y Blanca Llandres en su pedida de mano. (Foto: Redes Sociales)\" width=\"620\" height=\"349\"  \/><\/p>\n<p> Alberto Herrera y Blanca Llandres en su pedida de mano. (Foto: Redes Sociales)\n<\/p>\n<p>Meses antes de su gran d\u00eda -y tras anunciar su compromiso-, la pareja anunci\u00f3 la llegada de su primer hijo en com\u00fan. Una noticia que suscit\u00f3 dudas y que puso sobre la mesa que la decisi\u00f3n de pasar por el altar ven\u00eda motivado por el embarazo de la sobrina de Jos\u00e9 Manuel Soto -que cant\u00f3 en la boda-. Sin embargo, y lejos de la realidad, el hermano de Roc\u00edo Crusset zanj\u00f3 en su programa que el anillo lleg\u00f3 antes que el predictor positivo. \u00ab<strong>Hay muchos medios diciendo que Blanca y yo nos hemos casado porque ella est\u00e1 embarazada, y quer\u00eda contar que no es as\u00ed<\/strong>\u00bb, comenz\u00f3 diciendo.<\/p>\n<p>\n<img decoding=\"async\" loading=\"lazy\" class=\"size-medium wp-image-2287522\" alt=\"Alberto Herrera\" width=\"620\" height=\"349\"  src=\"https:\/\/www.europesays.com\/es\/wp-content\/uploads\/2025\/09\/1758214691_923_placeholder.jpg\"  bad-src=\"https:\/\/www.europesays.com\/es\/wp-content\/uploads\/2025\/09\/1758214691_923_placeholder.jpg\"\/><\/p>\n<p><img decoding=\"async\" loading=\"lazy\" class=\"size-medium wp-image-2287522\" src=\"https:\/\/www.europesays.com\/es\/wp-content\/uploads\/2025\/10\/fotojet-2025-05-07t174634.728-620x349.jpg\" alt=\"Alberto Herrera\" width=\"620\" height=\"349\"  \/><\/p>\n<p> Alberto Herrera y Blanca Llandres en su primera Feria de Sevilla como pareja. (FOTO: REDES SOCIALES)\n<\/p>\n<p>Fiel a su sentido del humor, el hijo de Maril\u00f3 Montero ha confesado que Blanca se qued\u00f3 embarazada el mismo d\u00eda en el que le pidi\u00f3 matrimonio en un viaje a la Toscana: \u00ab<strong>Puede que sea una intimidad, pero el embarazo fue consecuencia de la pedida de mano<\/strong>. Porque uno, en fin, cuando entra en estas etapas de la vida, se va enterando de que embarazar no es tan f\u00e1cil. Entonces, cuando yo le ped\u00ed matrimonio, le dije:\u00a0<strong>Gorda, \u00bfjugamos sin portero a las cosas?\u2026<\/strong>\u00a0y as\u00ed es como lleg\u00f3\u2026. \u00a1qu\u00e9 quer\u00e9is que os diga!\u00bb.<\/p>\n<p>Finalmente cont\u00f3 la advertencia que su padre, Carlos Herrera, le hizo antes de que ocurriese: \u00ab<strong>Ya mi padre me avis\u00f3: Me dijo, escucha, ten cuidado<\/strong>, porque los Herrera somos los Herrera\u00bb.<\/p>\n","protected":false},"excerpt":{"rendered":"Alberto Herrera ha desvelado el motivo por el que, tras su paso por el altar con Blanca Llandres,&hellip;\n","protected":false},"author":2,"featured_media":192457,"comment_status":"","ping_status":"","sticky":false,"template":"","format":"standard","meta":{"footnotes":""},"categories":[174],"tags":[17915,255,146,147,25,24,256,23],"class_list":{"0":"post-192456","1":"post","2":"type-post","3":"status-publish","4":"format-standard","5":"has-post-thumbnail","7":"category-famosos","8":"tag-alberto-herrera","9":"tag-celebrities","10":"tag-entertainment","11":"tag-entretenimiento","12":"tag-es","13":"tag-espana","14":"tag-famosos","15":"tag-spain"},"share_on_mastodon":{"url":"https:\/\/pubeurope.com\/@es\/115414460996945043","error":""},"_links":{"self":[{"href":"https:\/\/www.europesays.com\/es\/wp-json\/wp\/v2\/posts\/192456","targetHints":{"allow":["GET"]}}],"collection":[{"href":"https:\/\/www.europesays.com\/es\/wp-json\/wp\/v2\/posts"}],"about":[{"href":"https:\/\/www.europesays.com\/es\/wp-json\/wp\/v2\/types\/post"}],"author":[{"embeddable":true,"href":"https:\/\/www.europesays.com\/es\/wp-json\/wp\/v2\/users\/2"}],"replies":[{"embeddable":true,"href":"https:\/\/www.europesays.com\/es\/wp-json\/wp\/v2\/comments?post=192456"}],"version-history":[{"count":0,"href":"https:\/\/www.europesays.com\/es\/wp-json\/wp\/v2\/posts\/192456\/revisions"}],"wp:featuredmedia":[{"embeddable":true,"href":"https:\/\/www.europesays.com\/es\/wp-json\/wp\/v2\/media\/192457"}],"wp:attachment":[{"href":"https:\/\/www.europesays.com\/es\/wp-json\/wp\/v2\/media?parent=192456"}],"wp:term":[{"taxonomy":"category","embeddable":true,"href":"https:\/\/www.europesays.com\/es\/wp-json\/wp\/v2\/categories?post=192456"},{"taxonomy":"post_tag","embeddable":true,"href":"https:\/\/www.europesays.com\/es\/wp-json\/wp\/v2\/tags?post=192456"}],"curies":[{"name":"wp","href":"https:\/\/api.w.org\/{rel}","templated":true}]}}